{"id":6417,"date":"2026-03-08T17:56:17","date_gmt":"2026-03-08T17:56:17","guid":{"rendered":"https:\/\/elregionaldigital.info\/?p=6417"},"modified":"2026-03-20T17:58:55","modified_gmt":"2026-03-20T17:58:55","slug":"trump-advierte-que-proximo-lider-supremo-de-iran-no-durara-mucho-sin-su-aprobacion","status":"publish","type":"post","link":"https:\/\/elregionaldigital.info\/?p=6417","title":{"rendered":"Trump advierte que pr\u00f3ximo l\u00edder supremo de Ir\u00e1n \u201cno durar\u00e1 mucho\u201d sin su aprobaci\u00f3n"},"content":{"rendered":"\n<p>marzo 8, 2026<\/p>\n\n\n\n<p>El presidente de Estados Unidos,&nbsp;<strong>Donald Trump<\/strong>, afirm\u00f3 que el futuro&nbsp;<strong>l\u00edder supremo<\/strong>&nbsp;de&nbsp;<strong>Ir\u00e1n<\/strong>&nbsp;\u201c<strong>no durar\u00e1 mucho<\/strong>\u201d en el cargo si no cuenta con el&nbsp;<strong>visto bueno<\/strong>&nbsp;de&nbsp;<strong>su<\/strong>&nbsp;<strong>Administraci\u00f3n<\/strong>, al tiempo que insisti\u00f3 en que las operaciones militares contra Teher\u00e1n avanzan seg\u00fan lo previsto.<\/p>\n\n\n\n<p>\u201cTendr\u00e1 que obtener nuestra aprobaci\u00f3n\u201d, declar\u00f3 el mandatario en una\u00a0entrevista\u00a0con la cadena\u00a0<em>ABC News<\/em>\u00a0y a\u00f1adi\u00f3 que \u201csi no la obtiene, no durar\u00e1 mucho\u201d.<\/p>\n\n\n\n<p>En ese sentido, el l\u00edder republicano asegur\u00f3 que su objetivo es \u201cno tener que volver atr\u00e1s cada 10 a\u00f1os\u201d.<\/p>\n\n\n\n<p>Trump no descart\u00f3 aceptar a un sucesor vinculado al antiguo r\u00e9gimen de los ayatol\u00e1s siempre que sea un \u201cbuen l\u00edder\u201d y justific\u00f3 la actual ofensiva militar en la supuesta intenci\u00f3n de Ir\u00e1n de \u201capoderarse de todo Medio Oriente\u201d.<\/p>\n\n\n\n<p>El presidente describi\u00f3 al pa\u00eds persa como un \u201ctigre de papel\u201d cuyas capacidades de defensa han sido neutralizadas.<\/p>\n\n\n\n<p>Por su parte, el ministro iran\u00ed de Asuntos Exteriores, Abbas Aragchi, afirm\u00f3 que la identidad del pr\u00f3ximo l\u00edder supremo de su pa\u00eds sigue siendo una inc\u00f3gnita y rechaz\u00f3 cualquier interferencia externa en el proceso de sucesi\u00f3n del ayatol\u00e1 Al\u00ed Jamenei, quien muri\u00f3 el pasado 28 de febrero, al comienzo de los ataques de Estados Unidos e Israel contra Ir\u00e1n.<\/p>\n\n\n\n<p>En una entrevista concedida al programa \u2018Meet the Press\u2019 de la cadena estadounidense\u00a0<em>NBC<\/em>, Araghchi sali\u00f3 al paso de las especulaciones tras los informes de medios iran\u00edes que sugieren que la Asamblea de Expertos -el \u00f3rgano encargado de elegir al cl\u00e9rigo de mayor rango- se prepara para\u00a0designar a un sucesor.<\/p>\n\n\n\n<p>Preguntado directamente sobre si Mojtaba Jamenei, hijo del actual l\u00edder supremo, es el favorito para heredar el cargo, el jefe de la diplomacia iran\u00ed evit\u00f3 dar nombres.<\/p>\n\n\n\n<p>\u201cBueno, nadie lo sabe. De hecho, hay muchos rumores\u201d, se\u00f1al\u00f3 Aragchi, quien subray\u00f3 que la decisi\u00f3n final recae exclusivamente en las instituciones de la Rep\u00fablica Isl\u00e1mica.<\/p>\n\n\n\n<p>Aragchi tambi\u00e9n respondi\u00f3 a las recientes declaraciones del presidente de Estados Unidos, Donald Trump, quien sugiri\u00f3 que Washington deber\u00eda tener alg\u00fan grado de participaci\u00f3n o influencia en la elecci\u00f3n del nuevo l\u00edder supremo iran\u00ed. \u201cNo permitimos que nadie interfiera en nuestros asuntos internos. Corresponde al pueblo iran\u00ed elegir a su nuevo l\u00edder\u201d, sentenci\u00f3.<\/p>\n\n\n\n<figure class=\"wp-block-image size-large\"><img loading=\"lazy\" decoding=\"async\" width=\"1024\" height=\"683\" src=\"https:\/\/elregionaldigital.info\/wp-content\/uploads\/2026\/03\/image-8-1024x683.png\" alt=\"\" class=\"wp-image-6418\" srcset=\"https:\/\/elregionaldigital.info\/wp-content\/uploads\/2026\/03\/image-8-1024x683.png 1024w, https:\/\/elregionaldigital.info\/wp-content\/uploads\/2026\/03\/image-8-300x200.png 300w, https:\/\/elregionaldigital.info\/wp-content\/uploads\/2026\/03\/image-8-768x512.png 768w, https:\/\/elregionaldigital.info\/wp-content\/uploads\/2026\/03\/image-8-1536x1024.png 1536w, https:\/\/elregionaldigital.info\/wp-content\/uploads\/2026\/03\/image-8.png 1920w\" sizes=\"auto, (max-width: 1024px) 100vw, 1024px\" \/><\/figure>\n","protected":false},"excerpt":{"rendered":"<p>marzo 8, 2026 El presidente de Estados Unidos,&nbsp;Donald Trump, afirm\u00f3 que el futuro&nbsp;l\u00edder supremo&nbsp;de&nbsp;Ir\u00e1n&nbsp;\u201cno durar\u00e1 mucho\u201d en el cargo si no cuenta con el&nbsp;visto bueno&nbsp;de&nbsp;su&nbsp;Administraci\u00f3n, al tiempo que insisti\u00f3 en que las operaciones militares contra Teher\u00e1n avanzan seg\u00fan lo previsto. \u201cTendr\u00e1 que obtener nuestra aprobaci\u00f3n\u201d, declar\u00f3 el mandatario en una\u00a0entrevista\u00a0con la cadena\u00a0ABC News\u00a0y a\u00f1adi\u00f3 que [&hellip;]<\/p>\n","protected":false},"author":1,"featured_media":6418,"comment_status":"open","ping_status":"open","sticky":false,"template":"","format":"standard","meta":{"footnotes":""},"categories":[11],"tags":[],"class_list":["post-6417","post","type-post","status-publish","format-standard","has-post-thumbnail","hentry","category-mundo"],"blog_post_layout_featured_media_urls":{"thumbnail":["https:\/\/elregionaldigital.info\/wp-content\/uploads\/2026\/03\/image-8-150x150.png",150,150,true],"full":["https:\/\/elregionaldigital.info\/wp-content\/uploads\/2026\/03\/image-8.png",1920,1280,false]},"categories_names":{"11":{"name":"Mundo","link":"https:\/\/elregionaldigital.info\/?cat=11"}},"tags_names":[],"comments_number":"0","wpmagazine_modules_lite_featured_media_urls":{"thumbnail":["https:\/\/elregionaldigital.info\/wp-content\/uploads\/2026\/03\/image-8-150x150.png",150,150,true],"cvmm-medium":["https:\/\/elregionaldigital.info\/wp-content\/uploads\/2026\/03\/image-8-300x300.png",300,300,true],"cvmm-medium-plus":["https:\/\/elregionaldigital.info\/wp-content\/uploads\/2026\/03\/image-8-305x207.png",305,207,true],"cvmm-portrait":["https:\/\/elregionaldigital.info\/wp-content\/uploads\/2026\/03\/image-8-400x600.png",400,600,true],"cvmm-medium-square":["https:\/\/elregionaldigital.info\/wp-content\/uploads\/2026\/03\/image-8-600x600.png",600,600,true],"cvmm-large":["https:\/\/elregionaldigital.info\/wp-content\/uploads\/2026\/03\/image-8-1024x1024.png",1024,1024,true],"cvmm-small":["https:\/\/elregionaldigital.info\/wp-content\/uploads\/2026\/03\/image-8-130x95.png",130,95,true],"full":["https:\/\/elregionaldigital.info\/wp-content\/uploads\/2026\/03\/image-8.png",1920,1280,false]},"_links":{"self":[{"href":"https:\/\/elregionaldigital.info\/index.php?rest_route=\/wp\/v2\/posts\/6417","targetHints":{"allow":["GET"]}}],"collection":[{"href":"https:\/\/elregionaldigital.info\/index.php?rest_route=\/wp\/v2\/posts"}],"about":[{"href":"https:\/\/elregionaldigital.info\/index.php?rest_route=\/wp\/v2\/types\/post"}],"author":[{"embeddable":true,"href":"https:\/\/elregionaldigital.info\/index.php?rest_route=\/wp\/v2\/users\/1"}],"replies":[{"embeddable":true,"href":"https:\/\/elregionaldigital.info\/index.php?rest_route=%2Fwp%2Fv2%2Fcomments&post=6417"}],"version-history":[{"count":1,"href":"https:\/\/elregionaldigital.info\/index.php?rest_route=\/wp\/v2\/posts\/6417\/revisions"}],"predecessor-version":[{"id":6419,"href":"https:\/\/elregionaldigital.info\/index.php?rest_route=\/wp\/v2\/posts\/6417\/revisions\/6419"}],"wp:featuredmedia":[{"embeddable":true,"href":"https:\/\/elregionaldigital.info\/index.php?rest_route=\/wp\/v2\/media\/6418"}],"wp:attachment":[{"href":"https:\/\/elregionaldigital.info\/index.php?rest_route=%2Fwp%2Fv2%2Fmedia&parent=6417"}],"wp:term":[{"taxonomy":"category","embeddable":true,"href":"https:\/\/elregionaldigital.info\/index.php?rest_route=%2Fwp%2Fv2%2Fcategories&post=6417"},{"taxonomy":"post_tag","embeddable":true,"href":"https:\/\/elregionaldigital.info\/index.php?rest_route=%2Fwp%2Fv2%2Ftags&post=6417"}],"curies":[{"name":"wp","href":"https:\/\/api.w.org\/{rel}","templated":true}]}}