{"id":6414,"date":"2026-03-16T17:53:47","date_gmt":"2026-03-16T17:53:47","guid":{"rendered":"https:\/\/elregionaldigital.info\/?p=6414"},"modified":"2026-03-20T17:55:22","modified_gmt":"2026-03-20T17:55:22","slug":"trump-dice-que-ee-uu-podria-llegar-pronto-a-un-acuerdo-con-cuba","status":"publish","type":"post","link":"https:\/\/elregionaldigital.info\/?p=6414","title":{"rendered":"Trump dice que EE.UU. podr\u00eda llegar pronto a un acuerdo con Cuba"},"content":{"rendered":"\n<p>marzo 16, 2026<\/p>\n\n\n\n<p>El presidente de\u00a0<strong>Estados Unidos,\u00a0Donald\u00a0Trump<\/strong>, asegur\u00f3 que\u00a0<strong>pronto<\/strong>\u00a0podr\u00eda haber un\u00a0<strong>acuerdo<\/strong>\u00a0con\u00a0<strong>Cuba,<\/strong>\u00a0y a\u00f1adi\u00f3 que la atenci\u00f3n de su Administraci\u00f3n se centrar\u00e1 en la isla una vez que termine el conflicto con Ir\u00e1n.<\/p>\n\n\n\n<p>\u201cCuba tambi\u00e9n quiere llegar a un acuerdo, y creo que muy pronto llegaremos a un acuerdo o haremos lo que sea necesario\u201d, asegur\u00f3 Trump.<\/p>\n\n\n\n<p>\u201cEstamos hablando con Cuba, pero vamos a tratar con Ir\u00e1n antes que con Cuba\u201d, matiz\u00f3.<\/p>\n\n\n\n<p>Las declaraciones se producen en un momento de m\u00e1xima tensi\u00f3n despu\u00e9s de que Estados Unidos estableciera un bloqueo petrolero sobre Cuba desde enero y cortara los suministros del petr\u00f3leo venezolano.<\/p>\n\n\n\n<p>Posteriormente anunci\u00f3 por orden ejecutiva aranceles para los pa\u00edses que suministren crudo a la isla.<\/p>\n\n\n\n<h3 class=\"wp-block-heading\">Las tensiones con el Gobierno cubano<\/h3>\n\n\n\n<p>El presidente republicano ha amenazado en las \u00faltimas semanas con tomar control de la isla comunista ya de sea de forma \u201camistosa\u201d u hostil, y ha repetido que el Gobierno de La Habana \u201ccaer\u00e1 muy pronto\u201d porque el pa\u00eds \u201cest\u00e1 en ruinas\u201d, afectado por el bloqueo de crudo impuesto por Washington en enero pasado.<\/p>\n\n\n\n<p>Este viernes, el presidente de Cuba,&nbsp;<strong>Miguel D\u00edaz-Canel<\/strong>, confirm\u00f3 que dialogan con EE.UU. para \u201cbuscar soluciones por la v\u00eda del di\u00e1logo a las diferencias entre ambos Gobiernos\u201d, algo que ya Trump hab\u00eda adelantado, pero que la isla hab\u00eda negado.<\/p>\n\n\n\n<p>Esta semana, el presidente D\u00edaz-Canel, ofreci\u00f3 una comparecencia ante la prensa sobre los contactos con Estados Unidos y la crisis energ\u00e9tica, y cont\u00f3 con la presencia de miembros de la familia Castro, incluido el nieto de Ra\u00fal, Ra\u00fal Guillermo Rodr\u00edguez Castro, y un sobrino-nieto, \u00d3scar P\u00e9rez-Oliva.<\/p>\n\n\n\n<figure class=\"wp-block-image size-large\"><img loading=\"lazy\" decoding=\"async\" width=\"1024\" height=\"683\" src=\"https:\/\/elregionaldigital.info\/wp-content\/uploads\/2026\/03\/image-7-1024x683.png\" alt=\"\" class=\"wp-image-6415\" srcset=\"https:\/\/elregionaldigital.info\/wp-content\/uploads\/2026\/03\/image-7-1024x683.png 1024w, https:\/\/elregionaldigital.info\/wp-content\/uploads\/2026\/03\/image-7-300x200.png 300w, https:\/\/elregionaldigital.info\/wp-content\/uploads\/2026\/03\/image-7-768x512.png 768w, https:\/\/elregionaldigital.info\/wp-content\/uploads\/2026\/03\/image-7-1536x1024.png 1536w, https:\/\/elregionaldigital.info\/wp-content\/uploads\/2026\/03\/image-7.png 1920w\" sizes=\"auto, (max-width: 1024px) 100vw, 1024px\" \/><\/figure>\n","protected":false},"excerpt":{"rendered":"<p>marzo 16, 2026 El presidente de\u00a0Estados Unidos,\u00a0Donald\u00a0Trump, asegur\u00f3 que\u00a0pronto\u00a0podr\u00eda haber un\u00a0acuerdo\u00a0con\u00a0Cuba,\u00a0y a\u00f1adi\u00f3 que la atenci\u00f3n de su Administraci\u00f3n se centrar\u00e1 en la isla una vez que termine el conflicto con Ir\u00e1n. \u201cCuba tambi\u00e9n quiere llegar a un acuerdo, y creo que muy pronto llegaremos a un acuerdo o haremos lo que sea necesario\u201d, asegur\u00f3 Trump. [&hellip;]<\/p>\n","protected":false},"author":1,"featured_media":6415,"comment_status":"open","ping_status":"open","sticky":false,"template":"","format":"standard","meta":{"footnotes":""},"categories":[11],"tags":[],"class_list":["post-6414","post","type-post","status-publish","format-standard","has-post-thumbnail","hentry","category-mundo"],"blog_post_layout_featured_media_urls":{"thumbnail":["https:\/\/elregionaldigital.info\/wp-content\/uploads\/2026\/03\/image-7-150x150.png",150,150,true],"full":["https:\/\/elregionaldigital.info\/wp-content\/uploads\/2026\/03\/image-7.png",1920,1280,false]},"categories_names":{"11":{"name":"Mundo","link":"https:\/\/elregionaldigital.info\/?cat=11"}},"tags_names":[],"comments_number":"0","wpmagazine_modules_lite_featured_media_urls":{"thumbnail":["https:\/\/elregionaldigital.info\/wp-content\/uploads\/2026\/03\/image-7-150x150.png",150,150,true],"cvmm-medium":["https:\/\/elregionaldigital.info\/wp-content\/uploads\/2026\/03\/image-7-300x300.png",300,300,true],"cvmm-medium-plus":["https:\/\/elregionaldigital.info\/wp-content\/uploads\/2026\/03\/image-7-305x207.png",305,207,true],"cvmm-portrait":["https:\/\/elregionaldigital.info\/wp-content\/uploads\/2026\/03\/image-7-400x600.png",400,600,true],"cvmm-medium-square":["https:\/\/elregionaldigital.info\/wp-content\/uploads\/2026\/03\/image-7-600x600.png",600,600,true],"cvmm-large":["https:\/\/elregionaldigital.info\/wp-content\/uploads\/2026\/03\/image-7-1024x1024.png",1024,1024,true],"cvmm-small":["https:\/\/elregionaldigital.info\/wp-content\/uploads\/2026\/03\/image-7-130x95.png",130,95,true],"full":["https:\/\/elregionaldigital.info\/wp-content\/uploads\/2026\/03\/image-7.png",1920,1280,false]},"_links":{"self":[{"href":"https:\/\/elregionaldigital.info\/index.php?rest_route=\/wp\/v2\/posts\/6414","targetHints":{"allow":["GET"]}}],"collection":[{"href":"https:\/\/elregionaldigital.info\/index.php?rest_route=\/wp\/v2\/posts"}],"about":[{"href":"https:\/\/elregionaldigital.info\/index.php?rest_route=\/wp\/v2\/types\/post"}],"author":[{"embeddable":true,"href":"https:\/\/elregionaldigital.info\/index.php?rest_route=\/wp\/v2\/users\/1"}],"replies":[{"embeddable":true,"href":"https:\/\/elregionaldigital.info\/index.php?rest_route=%2Fwp%2Fv2%2Fcomments&post=6414"}],"version-history":[{"count":1,"href":"https:\/\/elregionaldigital.info\/index.php?rest_route=\/wp\/v2\/posts\/6414\/revisions"}],"predecessor-version":[{"id":6416,"href":"https:\/\/elregionaldigital.info\/index.php?rest_route=\/wp\/v2\/posts\/6414\/revisions\/6416"}],"wp:featuredmedia":[{"embeddable":true,"href":"https:\/\/elregionaldigital.info\/index.php?rest_route=\/wp\/v2\/media\/6415"}],"wp:attachment":[{"href":"https:\/\/elregionaldigital.info\/index.php?rest_route=%2Fwp%2Fv2%2Fmedia&parent=6414"}],"wp:term":[{"taxonomy":"category","embeddable":true,"href":"https:\/\/elregionaldigital.info\/index.php?rest_route=%2Fwp%2Fv2%2Fcategories&post=6414"},{"taxonomy":"post_tag","embeddable":true,"href":"https:\/\/elregionaldigital.info\/index.php?rest_route=%2Fwp%2Fv2%2Ftags&post=6414"}],"curies":[{"name":"wp","href":"https:\/\/api.w.org\/{rel}","templated":true}]}}