{"id":6408,"date":"2026-03-03T17:50:26","date_gmt":"2026-03-03T17:50:26","guid":{"rendered":"https:\/\/elregionaldigital.info\/?p=6408"},"modified":"2026-03-20T17:51:55","modified_gmt":"2026-03-20T17:51:55","slug":"muere-rafael-del-castillo-expresidente-de-la-fmf","status":"publish","type":"post","link":"https:\/\/elregionaldigital.info\/?p=6408","title":{"rendered":"Muere Rafael del Castillo, expresidente de la FMF"},"content":{"rendered":"\n<p>marzo 3, 2026<\/p>\n\n\n\n<p>Este martes 3 de marzo de 2026 se report\u00f3 la muerte de&nbsp;<strong>Rafael del Castillo<\/strong>, expresidente de la&nbsp;<strong>Federaci\u00f3n Mexicana de Futbol<\/strong>&nbsp;(FMF).<\/p>\n\n\n\n<p>Por medio de redes sociales Mikel Arriola, comisionado de la FMF, record\u00f3 a Del Castillo como \u201cun hombre fundamental en la historia del futbol en nuestro pa\u00eds\u201d.<\/p>\n\n\n\n<p>Mi m\u00e1s sentido p\u00e9same y nuestras oraciones a sus familiares y amistades\u201d, manifest\u00f3.<\/p>\n\n\n\n<p>Rafael del Castillo fue pieza clave en la organizaci\u00f3n del Mundial de 1986, en el que M\u00e9xico entr\u00f3 como anfitri\u00f3n emergente.<\/p>\n\n\n\n<figure class=\"wp-block-image size-large\"><img loading=\"lazy\" decoding=\"async\" width=\"1024\" height=\"674\" src=\"https:\/\/elregionaldigital.info\/wp-content\/uploads\/2026\/03\/image-5-1024x674.png\" alt=\"\" class=\"wp-image-6409\" srcset=\"https:\/\/elregionaldigital.info\/wp-content\/uploads\/2026\/03\/image-5-1024x674.png 1024w, https:\/\/elregionaldigital.info\/wp-content\/uploads\/2026\/03\/image-5-300x197.png 300w, https:\/\/elregionaldigital.info\/wp-content\/uploads\/2026\/03\/image-5-768x505.png 768w, https:\/\/elregionaldigital.info\/wp-content\/uploads\/2026\/03\/image-5.png 1492w\" sizes=\"auto, (max-width: 1024px) 100vw, 1024px\" \/><\/figure>\n","protected":false},"excerpt":{"rendered":"<p>marzo 3, 2026 Este martes 3 de marzo de 2026 se report\u00f3 la muerte de&nbsp;Rafael del Castillo, expresidente de la&nbsp;Federaci\u00f3n Mexicana de Futbol&nbsp;(FMF). Por medio de redes sociales Mikel Arriola, comisionado de la FMF, record\u00f3 a Del Castillo como \u201cun hombre fundamental en la historia del futbol en nuestro pa\u00eds\u201d. Mi m\u00e1s sentido p\u00e9same y [&hellip;]<\/p>\n","protected":false},"author":1,"featured_media":6409,"comment_status":"open","ping_status":"open","sticky":false,"template":"","format":"standard","meta":{"footnotes":""},"categories":[6],"tags":[],"class_list":["post-6408","post","type-post","status-publish","format-standard","has-post-thumbnail","hentry","category-deportes"],"blog_post_layout_featured_media_urls":{"thumbnail":["https:\/\/elregionaldigital.info\/wp-content\/uploads\/2026\/03\/image-5-150x150.png",150,150,true],"full":["https:\/\/elregionaldigital.info\/wp-content\/uploads\/2026\/03\/image-5.png",1492,982,false]},"categories_names":{"6":{"name":"Deportes","link":"https:\/\/elregionaldigital.info\/?cat=6"}},"tags_names":[],"comments_number":"0","wpmagazine_modules_lite_featured_media_urls":{"thumbnail":["https:\/\/elregionaldigital.info\/wp-content\/uploads\/2026\/03\/image-5-150x150.png",150,150,true],"cvmm-medium":["https:\/\/elregionaldigital.info\/wp-content\/uploads\/2026\/03\/image-5-300x300.png",300,300,true],"cvmm-medium-plus":["https:\/\/elregionaldigital.info\/wp-content\/uploads\/2026\/03\/image-5-305x207.png",305,207,true],"cvmm-portrait":["https:\/\/elregionaldigital.info\/wp-content\/uploads\/2026\/03\/image-5-400x600.png",400,600,true],"cvmm-medium-square":["https:\/\/elregionaldigital.info\/wp-content\/uploads\/2026\/03\/image-5-600x600.png",600,600,true],"cvmm-large":["https:\/\/elregionaldigital.info\/wp-content\/uploads\/2026\/03\/image-5-1024x982.png",1024,982,true],"cvmm-small":["https:\/\/elregionaldigital.info\/wp-content\/uploads\/2026\/03\/image-5-130x95.png",130,95,true],"full":["https:\/\/elregionaldigital.info\/wp-content\/uploads\/2026\/03\/image-5.png",1492,982,false]},"_links":{"self":[{"href":"https:\/\/elregionaldigital.info\/index.php?rest_route=\/wp\/v2\/posts\/6408","targetHints":{"allow":["GET"]}}],"collection":[{"href":"https:\/\/elregionaldigital.info\/index.php?rest_route=\/wp\/v2\/posts"}],"about":[{"href":"https:\/\/elregionaldigital.info\/index.php?rest_route=\/wp\/v2\/types\/post"}],"author":[{"embeddable":true,"href":"https:\/\/elregionaldigital.info\/index.php?rest_route=\/wp\/v2\/users\/1"}],"replies":[{"embeddable":true,"href":"https:\/\/elregionaldigital.info\/index.php?rest_route=%2Fwp%2Fv2%2Fcomments&post=6408"}],"version-history":[{"count":1,"href":"https:\/\/elregionaldigital.info\/index.php?rest_route=\/wp\/v2\/posts\/6408\/revisions"}],"predecessor-version":[{"id":6410,"href":"https:\/\/elregionaldigital.info\/index.php?rest_route=\/wp\/v2\/posts\/6408\/revisions\/6410"}],"wp:featuredmedia":[{"embeddable":true,"href":"https:\/\/elregionaldigital.info\/index.php?rest_route=\/wp\/v2\/media\/6409"}],"wp:attachment":[{"href":"https:\/\/elregionaldigital.info\/index.php?rest_route=%2Fwp%2Fv2%2Fmedia&parent=6408"}],"wp:term":[{"taxonomy":"category","embeddable":true,"href":"https:\/\/elregionaldigital.info\/index.php?rest_route=%2Fwp%2Fv2%2Fcategories&post=6408"},{"taxonomy":"post_tag","embeddable":true,"href":"https:\/\/elregionaldigital.info\/index.php?rest_route=%2Fwp%2Fv2%2Ftags&post=6408"}],"curies":[{"name":"wp","href":"https:\/\/api.w.org\/{rel}","templated":true}]}}