{"id":6405,"date":"2026-03-15T17:40:47","date_gmt":"2026-03-15T17:40:47","guid":{"rendered":"https:\/\/elregionaldigital.info\/?p=6405"},"modified":"2026-03-20T17:50:23","modified_gmt":"2026-03-20T17:50:23","slug":"cancelan-la-finalissima-tras-no-haber-acuerdo-sobre-la-fecha-y-sede","status":"publish","type":"post","link":"https:\/\/elregionaldigital.info\/?p=6405","title":{"rendered":"Cancelan la Finalissima tras no haber acuerdo sobre la fecha y sede"},"content":{"rendered":"\n<p>marzo 15, 2026<\/p>\n\n\n\n<p>La&nbsp;<strong>Finalissima<\/strong>, el duelo entre los campeones de Europa y Am\u00e9rica que tendr\u00edan que haber disputado Espa\u00f1a y Argentina en Lusail (Qatar) el pr\u00f3ximo 27 de marzo, fue&nbsp;<strong>cancelada<\/strong>&nbsp;al no haber acuerdo entre la UEFA y las Federaciones de Espa\u00f1a y Argentina sobre la fecha del partido y la sede.<\/p>\n\n\n\n<p>Seg\u00fan\u00a0inform\u00f3\u00a0la UEFA, no se logr\u00f3 consensuar ninguna de las soluciones que se barajaron una vez que el organismo europeo y las autoridades de Qatar constataran la imposibilidad de que el partido se pudiera jugar en el en el estadio que alberg\u00f3 la final del Mundial 2022 a causa del\u00a0<strong>conflicto b\u00e9lico<\/strong>\u00a0que afecta a\u00a0<strong>Medio Oriente<\/strong>.<\/p>\n\n\n\n<p>La UEFA subraya que explor\u00f3 \u201cvarias\u00a0<strong>alternativas<\/strong>\u00a0viables\u201d, pero \u201ctodas ellas resultaron finalmente\u00a0<strong>inaceptables<\/strong>\u00a0para la\u00a0<strong>Asociaci\u00f3n de F\u00fatbol Argentino<\/strong>\u00a0(AFA)\u201d.<\/p>\n\n\n\n<p>La primera era celebrar el partido en el estadio Santiago Bernab\u00e9u de Madrid en la fecha prevista, con un reparto al 50 por ciento de los aficionados, pero Argentina se neg\u00f3, seg\u00fan el m\u00e1ximo organismo del futbol europeo.<\/p>\n\n\n\n<p>La segunda opci\u00f3n era que la Finalissima se celebrara a doble partido, con la ida en el Santiago Bernab\u00e9u el 27 de marzo y la vuelta en Buenos Aires en una ventana internacional antes de la Eurocopa y la Copa Am\u00e9rica de 2028.<\/p>\n\n\n\n<p>La UEFA ofreci\u00f3 igualmente una distribuci\u00f3n de hinchas al 50 por ciento para el partido en Madrid, pero esta opci\u00f3n tambi\u00e9n fue rechazada.<\/p>\n\n\n\n<p>El siguiente paso fue solicitar a Argentina el compromiso de que, si se encontraba una sede neutral en Europa, el partido pudiera celebrarse el 27 de marzo o en la fecha alternativa del 30 de marzo, pero la AFA volvi\u00f3 a negarse.<\/p>\n\n\n\n<p><strong>Argentina<\/strong>&nbsp;present\u00f3 una&nbsp;<strong>contrapropuesta<\/strong>&nbsp;para que el partido se aplazara despu\u00e9s del Mundial de Estados Unidos, M\u00e9xico y Canad\u00e1 de este verano, pero, \u201cdado que Espa\u00f1a no dispone de fechas disponibles\u201d, esa posibilidad tuvo que descartarse, seg\u00fan la UEFA.<\/p>\n\n\n\n<p>El siguiente movimiento de la AFA fue expresar su disponibilidad de jugar \u201cexclusivamente\u201d el 31 de marzo, \u201cuna fecha que result\u00f3 inviable\u201d, a\u00f1aden las fuentes.<\/p>\n\n\n\n<p>La UEFA expresa su agradecimiento al Real Madrid, al comit\u00e9 organizador y a las autoridades de Qatar por \u201csu apoyo y cooperaci\u00f3n en el intento de organizar\u201d el encuentro intercontinental.<\/p>\n\n\n\n<p>Seg\u00fan el organismo que dirige Aleksander Ceferin, en el caso del Real Madrid, \u201csus esfuerzos se realizaron con un plazo de preaviso extremadamente corto\u201d.<\/p>\n\n\n\n<p>Tambi\u00e9n agradece a la Federaci\u00f3n Espa\u00f1ola de Futbol su \u201cflexibilidad para adaptarse a todas las opciones propuestas a lo largo del proceso\u201d.<\/p>\n\n\n\n<p>La UEFA asume que a pesar de \u201clas comprensibles dificultades\u201d para reubicar el encuentro con tan poca antelaci\u00f3n, su determinaci\u00f3n era que se hubiera podido celebrar al ser un evento que se introdujo como \u201cparte de la estrecha colaboraci\u00f3n\u201d entre la UEFA y la Confederaci\u00f3n Sudamericana de F\u00fatbol (Conmebol).<\/p>\n\n\n\n<p>La&nbsp;<strong>Finalissima<\/strong>&nbsp;re\u00fane a los&nbsp;<strong>campeones<\/strong>&nbsp;de&nbsp;<strong>Europa<\/strong>&nbsp;y&nbsp;<strong>Sudam\u00e9rica<\/strong>&nbsp;y su primera edici\u00f3n la gan\u00f3 Argentina en 2022, el mismo a\u00f1o en que gan\u00f3 el Mundial, tras derrotar a Italia por 3-0 en el estadio de Wembley, en Londres.<\/p>\n\n\n\n<p>La UEFA tambi\u00e9n lamenta que el partido no se pudiera disputar en Qatar, del que subraya que es \u201cun pa\u00eds que ha demostrado una y otra vez su capacidad para organizar eventos internacionales de primer nivel en instalaciones de vanguardia\u201d.<\/p>\n\n\n\n<figure class=\"wp-block-image size-large\"><img loading=\"lazy\" decoding=\"async\" width=\"1024\" height=\"768\" src=\"https:\/\/elregionaldigital.info\/wp-content\/uploads\/2026\/03\/image-4-1024x768.png\" alt=\"\" class=\"wp-image-6406\" srcset=\"https:\/\/elregionaldigital.info\/wp-content\/uploads\/2026\/03\/image-4-1024x768.png 1024w, https:\/\/elregionaldigital.info\/wp-content\/uploads\/2026\/03\/image-4-300x225.png 300w, https:\/\/elregionaldigital.info\/wp-content\/uploads\/2026\/03\/image-4-768x576.png 768w, https:\/\/elregionaldigital.info\/wp-content\/uploads\/2026\/03\/image-4-1536x1152.png 1536w, https:\/\/elregionaldigital.info\/wp-content\/uploads\/2026\/03\/image-4-136x102.png 136w, https:\/\/elregionaldigital.info\/wp-content\/uploads\/2026\/03\/image-4.png 1920w\" sizes=\"auto, (max-width: 1024px) 100vw, 1024px\" \/><\/figure>\n","protected":false},"excerpt":{"rendered":"<p>marzo 15, 2026 La&nbsp;Finalissima, el duelo entre los campeones de Europa y Am\u00e9rica que tendr\u00edan que haber disputado Espa\u00f1a y Argentina en Lusail (Qatar) el pr\u00f3ximo 27 de marzo, fue&nbsp;cancelada&nbsp;al no haber acuerdo entre la UEFA y las Federaciones de Espa\u00f1a y Argentina sobre la fecha del partido y la sede. Seg\u00fan\u00a0inform\u00f3\u00a0la UEFA, no se [&hellip;]<\/p>\n","protected":false},"author":1,"featured_media":6406,"comment_status":"open","ping_status":"open","sticky":false,"template":"","format":"standard","meta":{"footnotes":""},"categories":[6],"tags":[],"class_list":["post-6405","post","type-post","status-publish","format-standard","has-post-thumbnail","hentry","category-deportes"],"blog_post_layout_featured_media_urls":{"thumbnail":["https:\/\/elregionaldigital.info\/wp-content\/uploads\/2026\/03\/image-4-150x150.png",150,150,true],"full":["https:\/\/elregionaldigital.info\/wp-content\/uploads\/2026\/03\/image-4.png",1920,1440,false]},"categories_names":{"6":{"name":"Deportes","link":"https:\/\/elregionaldigital.info\/?cat=6"}},"tags_names":[],"comments_number":"0","wpmagazine_modules_lite_featured_media_urls":{"thumbnail":["https:\/\/elregionaldigital.info\/wp-content\/uploads\/2026\/03\/image-4-150x150.png",150,150,true],"cvmm-medium":["https:\/\/elregionaldigital.info\/wp-content\/uploads\/2026\/03\/image-4-300x300.png",300,300,true],"cvmm-medium-plus":["https:\/\/elregionaldigital.info\/wp-content\/uploads\/2026\/03\/image-4-305x207.png",305,207,true],"cvmm-portrait":["https:\/\/elregionaldigital.info\/wp-content\/uploads\/2026\/03\/image-4-400x600.png",400,600,true],"cvmm-medium-square":["https:\/\/elregionaldigital.info\/wp-content\/uploads\/2026\/03\/image-4-600x600.png",600,600,true],"cvmm-large":["https:\/\/elregionaldigital.info\/wp-content\/uploads\/2026\/03\/image-4-1024x1024.png",1024,1024,true],"cvmm-small":["https:\/\/elregionaldigital.info\/wp-content\/uploads\/2026\/03\/image-4-130x95.png",130,95,true],"full":["https:\/\/elregionaldigital.info\/wp-content\/uploads\/2026\/03\/image-4.png",1920,1440,false]},"_links":{"self":[{"href":"https:\/\/elregionaldigital.info\/index.php?rest_route=\/wp\/v2\/posts\/6405","targetHints":{"allow":["GET"]}}],"collection":[{"href":"https:\/\/elregionaldigital.info\/index.php?rest_route=\/wp\/v2\/posts"}],"about":[{"href":"https:\/\/elregionaldigital.info\/index.php?rest_route=\/wp\/v2\/types\/post"}],"author":[{"embeddable":true,"href":"https:\/\/elregionaldigital.info\/index.php?rest_route=\/wp\/v2\/users\/1"}],"replies":[{"embeddable":true,"href":"https:\/\/elregionaldigital.info\/index.php?rest_route=%2Fwp%2Fv2%2Fcomments&post=6405"}],"version-history":[{"count":1,"href":"https:\/\/elregionaldigital.info\/index.php?rest_route=\/wp\/v2\/posts\/6405\/revisions"}],"predecessor-version":[{"id":6407,"href":"https:\/\/elregionaldigital.info\/index.php?rest_route=\/wp\/v2\/posts\/6405\/revisions\/6407"}],"wp:featuredmedia":[{"embeddable":true,"href":"https:\/\/elregionaldigital.info\/index.php?rest_route=\/wp\/v2\/media\/6406"}],"wp:attachment":[{"href":"https:\/\/elregionaldigital.info\/index.php?rest_route=%2Fwp%2Fv2%2Fmedia&parent=6405"}],"wp:term":[{"taxonomy":"category","embeddable":true,"href":"https:\/\/elregionaldigital.info\/index.php?rest_route=%2Fwp%2Fv2%2Fcategories&post=6405"},{"taxonomy":"post_tag","embeddable":true,"href":"https:\/\/elregionaldigital.info\/index.php?rest_route=%2Fwp%2Fv2%2Ftags&post=6405"}],"curies":[{"name":"wp","href":"https:\/\/api.w.org\/{rel}","templated":true}]}}