{"id":6396,"date":"2026-03-08T17:33:43","date_gmt":"2026-03-08T17:33:43","guid":{"rendered":"https:\/\/elregionaldigital.info\/?p=6396"},"modified":"2026-03-20T17:34:53","modified_gmt":"2026-03-20T17:34:53","slug":"el-gobernador-americo-villarreal-rendira-su-iv-informe-de-gobierno-el-proximo-23-de-marzo","status":"publish","type":"post","link":"https:\/\/elregionaldigital.info\/?p=6396","title":{"rendered":"El gobernador Am\u00e9rico Villarreal rendir\u00e1 su IV Informe de Gobierno el pr\u00f3ximo 23 de marzo"},"content":{"rendered":"\n<p>Marzo 08 de 2026<\/p>\n\n\n\n<p>Ciudad Victoria, Tamaulipas.- El gobernador Am\u00e9rico Villarreal Anaya rendir\u00e1 ante el pueblo de Tamaulipas su Cuarto Informe de Gobierno, el pr\u00f3ximo lunes 23 de marzo, en el Polyforum de esta capital; previamente, conforme a lo dispuesto por la Constituci\u00f3n Pol\u00edtica del Estado, se entregar\u00e1 el documento ante el Congreso local, el viernes 13 del presente mes.<\/p>\n\n\n\n<p>El titular del Ejecutivo enviar\u00e1 a la Legislatura 66 un documento sobre el estado que guarda la administraci\u00f3n p\u00fablica estatal, durante una Sesi\u00f3n P\u00fablica y Solemne, el 13 de marzo, a las 11:00 horas, en cumplimiento del principio de rendici\u00f3n de cuentas y transparencia gubernamental.<\/p>\n\n\n\n<p>Posteriormente, el lunes 23 de marzo a las 13 horas en el Polyforum, Villarreal Anaya expondr\u00e1 ante el pueblo de Tamaulipas las acciones, programas y proyectos que a cuatro a\u00f1os del incio de su gobierno humanista han permitido consolidar la transformaci\u00f3n e impulsar el desarrollo y bienestar de las y los tamaulipecos.<\/p>\n\n\n\n<figure class=\"wp-block-image\"><a href=\"https:\/\/www.tamaulipas.gob.mx\/wp-content\/uploads\/2026\/03\/058-2026.-El-gobernador-Americo-Villarreal-rendira-su-IV-Informe-de-Gobierno-el-proximo-23-de-marzo-2.jpeg\"><img decoding=\"async\" src=\"https:\/\/www.tamaulipas.gob.mx\/wp-content\/uploads\/2026\/03\/058-2026.-El-gobernador-Americo-Villarreal-rendira-su-IV-Informe-de-Gobierno-el-proximo-23-de-marzo-2-800x500.jpeg\" alt=\"\"\/><\/a><\/figure>\n","protected":false},"excerpt":{"rendered":"<p>Marzo 08 de 2026 Ciudad Victoria, Tamaulipas.- El gobernador Am\u00e9rico Villarreal Anaya rendir\u00e1 ante el pueblo de Tamaulipas su Cuarto Informe de Gobierno, el pr\u00f3ximo lunes 23 de marzo, en el Polyforum de esta capital; previamente, conforme a lo dispuesto por la Constituci\u00f3n Pol\u00edtica del Estado, se entregar\u00e1 el documento ante el Congreso local, el [&hellip;]<\/p>\n","protected":false},"author":1,"featured_media":6397,"comment_status":"open","ping_status":"open","sticky":false,"template":"","format":"standard","meta":{"footnotes":""},"categories":[2],"tags":[],"class_list":["post-6396","post","type-post","status-publish","format-standard","has-post-thumbnail","hentry","category-tamaulipas"],"blog_post_layout_featured_media_urls":{"thumbnail":["https:\/\/elregionaldigital.info\/wp-content\/uploads\/2026\/03\/058-2026.-El-gobernador-Americo-Villarreal-rendira-su-IV-Informe-de-Gobierno-el-proximo-23-de-marzo-2-800x500-1-150x150.jpeg",150,150,true],"full":["https:\/\/elregionaldigital.info\/wp-content\/uploads\/2026\/03\/058-2026.-El-gobernador-Americo-Villarreal-rendira-su-IV-Informe-de-Gobierno-el-proximo-23-de-marzo-2-800x500-1.jpeg",800,500,false]},"categories_names":{"2":{"name":"Tamaulipas","link":"https:\/\/elregionaldigital.info\/?cat=2"}},"tags_names":[],"comments_number":"0","wpmagazine_modules_lite_featured_media_urls":{"thumbnail":["https:\/\/elregionaldigital.info\/wp-content\/uploads\/2026\/03\/058-2026.-El-gobernador-Americo-Villarreal-rendira-su-IV-Informe-de-Gobierno-el-proximo-23-de-marzo-2-800x500-1-150x150.jpeg",150,150,true],"cvmm-medium":["https:\/\/elregionaldigital.info\/wp-content\/uploads\/2026\/03\/058-2026.-El-gobernador-Americo-Villarreal-rendira-su-IV-Informe-de-Gobierno-el-proximo-23-de-marzo-2-800x500-1-300x300.jpeg",300,300,true],"cvmm-medium-plus":["https:\/\/elregionaldigital.info\/wp-content\/uploads\/2026\/03\/058-2026.-El-gobernador-Americo-Villarreal-rendira-su-IV-Informe-de-Gobierno-el-proximo-23-de-marzo-2-800x500-1-305x207.jpeg",305,207,true],"cvmm-portrait":["https:\/\/elregionaldigital.info\/wp-content\/uploads\/2026\/03\/058-2026.-El-gobernador-Americo-Villarreal-rendira-su-IV-Informe-de-Gobierno-el-proximo-23-de-marzo-2-800x500-1-400x500.jpeg",400,500,true],"cvmm-medium-square":["https:\/\/elregionaldigital.info\/wp-content\/uploads\/2026\/03\/058-2026.-El-gobernador-Americo-Villarreal-rendira-su-IV-Informe-de-Gobierno-el-proximo-23-de-marzo-2-800x500-1-600x500.jpeg",600,500,true],"cvmm-large":["https:\/\/elregionaldigital.info\/wp-content\/uploads\/2026\/03\/058-2026.-El-gobernador-Americo-Villarreal-rendira-su-IV-Informe-de-Gobierno-el-proximo-23-de-marzo-2-800x500-1.jpeg",800,500,false],"cvmm-small":["https:\/\/elregionaldigital.info\/wp-content\/uploads\/2026\/03\/058-2026.-El-gobernador-Americo-Villarreal-rendira-su-IV-Informe-de-Gobierno-el-proximo-23-de-marzo-2-800x500-1-130x95.jpeg",130,95,true],"full":["https:\/\/elregionaldigital.info\/wp-content\/uploads\/2026\/03\/058-2026.-El-gobernador-Americo-Villarreal-rendira-su-IV-Informe-de-Gobierno-el-proximo-23-de-marzo-2-800x500-1.jpeg",800,500,false]},"_links":{"self":[{"href":"https:\/\/elregionaldigital.info\/index.php?rest_route=\/wp\/v2\/posts\/6396","targetHints":{"allow":["GET"]}}],"collection":[{"href":"https:\/\/elregionaldigital.info\/index.php?rest_route=\/wp\/v2\/posts"}],"about":[{"href":"https:\/\/elregionaldigital.info\/index.php?rest_route=\/wp\/v2\/types\/post"}],"author":[{"embeddable":true,"href":"https:\/\/elregionaldigital.info\/index.php?rest_route=\/wp\/v2\/users\/1"}],"replies":[{"embeddable":true,"href":"https:\/\/elregionaldigital.info\/index.php?rest_route=%2Fwp%2Fv2%2Fcomments&post=6396"}],"version-history":[{"count":1,"href":"https:\/\/elregionaldigital.info\/index.php?rest_route=\/wp\/v2\/posts\/6396\/revisions"}],"predecessor-version":[{"id":6398,"href":"https:\/\/elregionaldigital.info\/index.php?rest_route=\/wp\/v2\/posts\/6396\/revisions\/6398"}],"wp:featuredmedia":[{"embeddable":true,"href":"https:\/\/elregionaldigital.info\/index.php?rest_route=\/wp\/v2\/media\/6397"}],"wp:attachment":[{"href":"https:\/\/elregionaldigital.info\/index.php?rest_route=%2Fwp%2Fv2%2Fmedia&parent=6396"}],"wp:term":[{"taxonomy":"category","embeddable":true,"href":"https:\/\/elregionaldigital.info\/index.php?rest_route=%2Fwp%2Fv2%2Fcategories&post=6396"},{"taxonomy":"post_tag","embeddable":true,"href":"https:\/\/elregionaldigital.info\/index.php?rest_route=%2Fwp%2Fv2%2Ftags&post=6396"}],"curies":[{"name":"wp","href":"https:\/\/api.w.org\/{rel}","templated":true}]}}