{"id":6393,"date":"2026-03-13T17:32:10","date_gmt":"2026-03-13T17:32:10","guid":{"rendered":"https:\/\/elregionaldigital.info\/?p=6393"},"modified":"2026-03-20T17:33:32","modified_gmt":"2026-03-20T17:33:32","slug":"respalda-uprr-a-estudiantes-del-cbtis-125-en-proyecto-contra-las-adicciones-juveniles","status":"publish","type":"post","link":"https:\/\/elregionaldigital.info\/?p=6393","title":{"rendered":"Respalda UPRR a estudiantes del CBTIS 125 en proyecto contra las adicciones juveniles"},"content":{"rendered":"\n<p>Marzo 13 de 2026<\/p>\n\n\n\n<p>Miguel Alem\u00e1n, Tamaulipas.\u2013 La Universidad Polit\u00e9cnica de la Regi\u00f3n Ribere\u00f1a (UPRR), a trav\u00e9s de la coordinaci\u00f3n de la carrera de Ingenier\u00eda en Tecnolog\u00edas de la Informaci\u00f3n e Innovaci\u00f3n Digital, cuyo titular es Josu\u00e9 Cristopher Gonz\u00e1lez Garza, brinda acompa\u00f1amiento y asesor\u00eda a estudiantes del CBTIS 125 en el desarrollo del proyecto \u201cEscudo Joven\u201d.<\/p>\n\n\n\n<p>H\u00e9ctor Diez Rodr\u00edguez, rector de la universidad, inform\u00f3 que este proyecto tiene como objetivo atender una problem\u00e1tica social que afecta a la regi\u00f3n de Miguel Alem\u00e1n: el incremento de las adicciones en la juventud. Los autores del proyecto son Francisco Javier \u00c1lvarez P\u00e9rez y Jos\u00e9 Marcelo Uvaldo V\u00e1zquez, estudiantes de dicho bachillerato.<\/p>\n\n\n\n<p>Indic\u00f3 que \u201cEscudo Joven\u201d surgi\u00f3 como una propuesta orientada a comprender el impacto de las adicciones en la vida de las y los j\u00f3venes, as\u00ed como a identificar las sustancias de mayor incidencia en la regi\u00f3n.<\/p>\n\n\n\n<p>Explic\u00f3 que, como parte de la estrategia, se contempla la aplicaci\u00f3n de una encuesta digital que permita recopilar informaci\u00f3n relevante y generar un an\u00e1lisis que contribuya al dise\u00f1o de acciones preventivas basadas en datos.<\/p>\n\n\n\n<p>Asimismo, el proyecto contempla la creaci\u00f3n de un sitio web donde se difundir\u00e1n propuestas de actividades que fomenten la sana convivencia, adem\u00e1s de proporcionar informaci\u00f3n \u00fatil y orientaci\u00f3n a j\u00f3venes que enfrenten situaciones relacionadas a las adicciones, con la finalidad de reducir los casos en la comunidad. Todo esto bajo el asesoramiento de la universidad.<\/p>\n\n\n\n<p>\u201cEn la UPRR creemos firmemente en el talento y la capacidad transformadora de nuestras y nuestros j\u00f3venes. Acompa\u00f1ar proyectos como \u2018Escudo Joven\u2019 significa apostar por soluciones innovadoras que impacten positivamente en nuestra regi\u00f3n y fortalezcan la prevenci\u00f3n desde la educaci\u00f3n\u201d, enfatiz\u00f3.<\/p>\n\n\n\n<p>Agradeci\u00f3 el compromiso del gobernador Am\u00e9rico Villarreal Anaya y del secretario de Educaci\u00f3n, Miguel \u00c1ngel Valdez Garc\u00eda, por impulsar pol\u00edticas p\u00fablicas enfocadas en el bienestar de la juventud y el fortalecimiento del tejido social.<\/p>\n\n\n\n<p>Adem\u00e1s, reiter\u00f3 que la universidad tiene la obligaci\u00f3n de ofrecer una formaci\u00f3n integral, impulsar al talento joven y respaldar la generaci\u00f3n de proyectos que contribuyan al bienestar social de la regi\u00f3n.<\/p>\n\n\n\n<figure class=\"wp-block-image\"><a href=\"https:\/\/www.tamaulipas.gob.mx\/wp-content\/uploads\/2026\/03\/UPR-010-2026.-Respalda-UPRR-a-estudiantes-del-CBTIS-125-en-proyecto-contra-las-adicciones-juveniles.jpeg\"><img decoding=\"async\" src=\"https:\/\/www.tamaulipas.gob.mx\/wp-content\/uploads\/2026\/03\/UPR-010-2026.-Respalda-UPRR-a-estudiantes-del-CBTIS-125-en-proyecto-contra-las-adicciones-juveniles-850x500.jpeg\" alt=\"\"\/><\/a><\/figure>\n","protected":false},"excerpt":{"rendered":"<p>Marzo 13 de 2026 Miguel Alem\u00e1n, Tamaulipas.\u2013 La Universidad Polit\u00e9cnica de la Regi\u00f3n Ribere\u00f1a (UPRR), a trav\u00e9s de la coordinaci\u00f3n de la carrera de Ingenier\u00eda en Tecnolog\u00edas de la Informaci\u00f3n e Innovaci\u00f3n Digital, cuyo titular es Josu\u00e9 Cristopher Gonz\u00e1lez Garza, brinda acompa\u00f1amiento y asesor\u00eda a estudiantes del CBTIS 125 en el desarrollo del proyecto \u201cEscudo [&hellip;]<\/p>\n","protected":false},"author":1,"featured_media":6394,"comment_status":"open","ping_status":"open","sticky":false,"template":"","format":"standard","meta":{"footnotes":""},"categories":[2],"tags":[],"class_list":["post-6393","post","type-post","status-publish","format-standard","has-post-thumbnail","hentry","category-tamaulipas"],"blog_post_layout_featured_media_urls":{"thumbnail":["https:\/\/elregionaldigital.info\/wp-content\/uploads\/2026\/03\/UPR-010-2026.-Respalda-UPRR-a-estudiantes-del-CBTIS-125-en-proyecto-contra-las-adicciones-juveniles-850x500-1-150x150.jpeg",150,150,true],"full":["https:\/\/elregionaldigital.info\/wp-content\/uploads\/2026\/03\/UPR-010-2026.-Respalda-UPRR-a-estudiantes-del-CBTIS-125-en-proyecto-contra-las-adicciones-juveniles-850x500-1.jpeg",850,500,false]},"categories_names":{"2":{"name":"Tamaulipas","link":"https:\/\/elregionaldigital.info\/?cat=2"}},"tags_names":[],"comments_number":"0","wpmagazine_modules_lite_featured_media_urls":{"thumbnail":["https:\/\/elregionaldigital.info\/wp-content\/uploads\/2026\/03\/UPR-010-2026.-Respalda-UPRR-a-estudiantes-del-CBTIS-125-en-proyecto-contra-las-adicciones-juveniles-850x500-1-150x150.jpeg",150,150,true],"cvmm-medium":["https:\/\/elregionaldigital.info\/wp-content\/uploads\/2026\/03\/UPR-010-2026.-Respalda-UPRR-a-estudiantes-del-CBTIS-125-en-proyecto-contra-las-adicciones-juveniles-850x500-1-300x300.jpeg",300,300,true],"cvmm-medium-plus":["https:\/\/elregionaldigital.info\/wp-content\/uploads\/2026\/03\/UPR-010-2026.-Respalda-UPRR-a-estudiantes-del-CBTIS-125-en-proyecto-contra-las-adicciones-juveniles-850x500-1-305x207.jpeg",305,207,true],"cvmm-portrait":["https:\/\/elregionaldigital.info\/wp-content\/uploads\/2026\/03\/UPR-010-2026.-Respalda-UPRR-a-estudiantes-del-CBTIS-125-en-proyecto-contra-las-adicciones-juveniles-850x500-1-400x500.jpeg",400,500,true],"cvmm-medium-square":["https:\/\/elregionaldigital.info\/wp-content\/uploads\/2026\/03\/UPR-010-2026.-Respalda-UPRR-a-estudiantes-del-CBTIS-125-en-proyecto-contra-las-adicciones-juveniles-850x500-1-600x500.jpeg",600,500,true],"cvmm-large":["https:\/\/elregionaldigital.info\/wp-content\/uploads\/2026\/03\/UPR-010-2026.-Respalda-UPRR-a-estudiantes-del-CBTIS-125-en-proyecto-contra-las-adicciones-juveniles-850x500-1.jpeg",850,500,false],"cvmm-small":["https:\/\/elregionaldigital.info\/wp-content\/uploads\/2026\/03\/UPR-010-2026.-Respalda-UPRR-a-estudiantes-del-CBTIS-125-en-proyecto-contra-las-adicciones-juveniles-850x500-1-130x95.jpeg",130,95,true],"full":["https:\/\/elregionaldigital.info\/wp-content\/uploads\/2026\/03\/UPR-010-2026.-Respalda-UPRR-a-estudiantes-del-CBTIS-125-en-proyecto-contra-las-adicciones-juveniles-850x500-1.jpeg",850,500,false]},"_links":{"self":[{"href":"https:\/\/elregionaldigital.info\/index.php?rest_route=\/wp\/v2\/posts\/6393","targetHints":{"allow":["GET"]}}],"collection":[{"href":"https:\/\/elregionaldigital.info\/index.php?rest_route=\/wp\/v2\/posts"}],"about":[{"href":"https:\/\/elregionaldigital.info\/index.php?rest_route=\/wp\/v2\/types\/post"}],"author":[{"embeddable":true,"href":"https:\/\/elregionaldigital.info\/index.php?rest_route=\/wp\/v2\/users\/1"}],"replies":[{"embeddable":true,"href":"https:\/\/elregionaldigital.info\/index.php?rest_route=%2Fwp%2Fv2%2Fcomments&post=6393"}],"version-history":[{"count":1,"href":"https:\/\/elregionaldigital.info\/index.php?rest_route=\/wp\/v2\/posts\/6393\/revisions"}],"predecessor-version":[{"id":6395,"href":"https:\/\/elregionaldigital.info\/index.php?rest_route=\/wp\/v2\/posts\/6393\/revisions\/6395"}],"wp:featuredmedia":[{"embeddable":true,"href":"https:\/\/elregionaldigital.info\/index.php?rest_route=\/wp\/v2\/media\/6394"}],"wp:attachment":[{"href":"https:\/\/elregionaldigital.info\/index.php?rest_route=%2Fwp%2Fv2%2Fmedia&parent=6393"}],"wp:term":[{"taxonomy":"category","embeddable":true,"href":"https:\/\/elregionaldigital.info\/index.php?rest_route=%2Fwp%2Fv2%2Fcategories&post=6393"},{"taxonomy":"post_tag","embeddable":true,"href":"https:\/\/elregionaldigital.info\/index.php?rest_route=%2Fwp%2Fv2%2Ftags&post=6393"}],"curies":[{"name":"wp","href":"https:\/\/api.w.org\/{rel}","templated":true}]}}