{"id":6387,"date":"2026-03-12T17:27:36","date_gmt":"2026-03-12T17:27:36","guid":{"rendered":"https:\/\/elregionaldigital.info\/?p=6387"},"modified":"2026-03-20T17:29:10","modified_gmt":"2026-03-20T17:29:10","slug":"destaca-la-dea-incautacion-de-mas-de-270-kilos-de-fentanilo-en-colima","status":"publish","type":"post","link":"https:\/\/elregionaldigital.info\/?p=6387","title":{"rendered":"Destaca la DEA incautaci\u00f3n de m\u00e1s de 270 kilos de fentanilo en Colima"},"content":{"rendered":"\n<p>marzo 12, 2026<\/p>\n\n\n\n<p>La&nbsp;<strong>Administraci\u00f3n para el Control de Drogas<\/strong>&nbsp;(<strong>DEA<\/strong>) destac\u00f3 la incautaci\u00f3n de m\u00e1s de 270 kilogramos de fentanilo realizada en el estado de&nbsp;<strong>Colima<\/strong>, operaci\u00f3n que, seg\u00fan la agencia estadounidense, representa un golpe a las operaciones del&nbsp;<strong>C\u00e1rtel Jalisco Nueva Generaci\u00f3n<\/strong>.<\/p>\n\n\n\n<p>A trav\u00e9s de un pronunciamiento, la&nbsp;<strong>DEA<\/strong>&nbsp;se\u00f1al\u00f3 que la acci\u00f3n fue posible gracias a la cooperaci\u00f3n entre autoridades de&nbsp;<strong>Estados Unidos<\/strong>&nbsp;y&nbsp;<strong>M\u00e9xico<\/strong>, as\u00ed como al intercambio de informaci\u00f3n entre ambas partes.<\/p>\n\n\n\n<p>De acuerdo con la agencia, la informaci\u00f3n proporcionada por sus unidades contribuy\u00f3 a que las autoridades mexicanas llevaran a cabo el operativo que permiti\u00f3 decomisar el cargamento del opioide sint\u00e9tico.<\/p>\n\n\n\n<p>La&nbsp;<strong>DEA<\/strong>&nbsp;indic\u00f3 que retirar esta cantidad de fentanilo de la cadena de suministro del narcotr\u00e1fico podr\u00eda haber evitado la distribuci\u00f3n de una sustancia considerada altamente peligrosa, la cual ha sido vinculada con miles de muertes por sobredosis en diversos pa\u00edses.<\/p>\n\n\n\n<p>En su mensaje, la dependencia estadounidense felicit\u00f3 al&nbsp;<strong>gobierno de M\u00e9xico<\/strong>&nbsp;y al personal de las corporaciones de seguridad que participaron en la operaci\u00f3n, a quienes calific\u00f3 como fundamentales para llevar a cabo la acci\u00f3n.<\/p>\n\n\n\n<p>Asimismo, subray\u00f3 que la cooperaci\u00f3n internacional contin\u00faa siendo un elemento clave en el combate al tr\u00e1fico de drogas y al crimen organizado transnacional.<\/p>\n\n\n\n<figure class=\"wp-block-image size-large\"><img loading=\"lazy\" decoding=\"async\" width=\"1024\" height=\"631\" src=\"https:\/\/elregionaldigital.info\/wp-content\/uploads\/2026\/03\/image-2-1024x631.png\" alt=\"\" class=\"wp-image-6388\" srcset=\"https:\/\/elregionaldigital.info\/wp-content\/uploads\/2026\/03\/image-2-1024x631.png 1024w, https:\/\/elregionaldigital.info\/wp-content\/uploads\/2026\/03\/image-2-300x185.png 300w, https:\/\/elregionaldigital.info\/wp-content\/uploads\/2026\/03\/image-2-768x474.png 768w, https:\/\/elregionaldigital.info\/wp-content\/uploads\/2026\/03\/image-2.png 1200w\" sizes=\"auto, (max-width: 1024px) 100vw, 1024px\" \/><\/figure>\n","protected":false},"excerpt":{"rendered":"<p>marzo 12, 2026 La&nbsp;Administraci\u00f3n para el Control de Drogas&nbsp;(DEA) destac\u00f3 la incautaci\u00f3n de m\u00e1s de 270 kilogramos de fentanilo realizada en el estado de&nbsp;Colima, operaci\u00f3n que, seg\u00fan la agencia estadounidense, representa un golpe a las operaciones del&nbsp;C\u00e1rtel Jalisco Nueva Generaci\u00f3n. A trav\u00e9s de un pronunciamiento, la&nbsp;DEA&nbsp;se\u00f1al\u00f3 que la acci\u00f3n fue posible gracias a la cooperaci\u00f3n [&hellip;]<\/p>\n","protected":false},"author":1,"featured_media":6388,"comment_status":"open","ping_status":"open","sticky":false,"template":"","format":"standard","meta":{"footnotes":""},"categories":[5],"tags":[],"class_list":["post-6387","post","type-post","status-publish","format-standard","has-post-thumbnail","hentry","category-nacional"],"blog_post_layout_featured_media_urls":{"thumbnail":["https:\/\/elregionaldigital.info\/wp-content\/uploads\/2026\/03\/image-2-150x150.png",150,150,true],"full":["https:\/\/elregionaldigital.info\/wp-content\/uploads\/2026\/03\/image-2.png",1200,740,false]},"categories_names":{"5":{"name":"Nacional","link":"https:\/\/elregionaldigital.info\/?cat=5"}},"tags_names":[],"comments_number":"0","wpmagazine_modules_lite_featured_media_urls":{"thumbnail":["https:\/\/elregionaldigital.info\/wp-content\/uploads\/2026\/03\/image-2-150x150.png",150,150,true],"cvmm-medium":["https:\/\/elregionaldigital.info\/wp-content\/uploads\/2026\/03\/image-2-300x300.png",300,300,true],"cvmm-medium-plus":["https:\/\/elregionaldigital.info\/wp-content\/uploads\/2026\/03\/image-2-305x207.png",305,207,true],"cvmm-portrait":["https:\/\/elregionaldigital.info\/wp-content\/uploads\/2026\/03\/image-2-400x600.png",400,600,true],"cvmm-medium-square":["https:\/\/elregionaldigital.info\/wp-content\/uploads\/2026\/03\/image-2-600x600.png",600,600,true],"cvmm-large":["https:\/\/elregionaldigital.info\/wp-content\/uploads\/2026\/03\/image-2-1024x740.png",1024,740,true],"cvmm-small":["https:\/\/elregionaldigital.info\/wp-content\/uploads\/2026\/03\/image-2-130x95.png",130,95,true],"full":["https:\/\/elregionaldigital.info\/wp-content\/uploads\/2026\/03\/image-2.png",1200,740,false]},"_links":{"self":[{"href":"https:\/\/elregionaldigital.info\/index.php?rest_route=\/wp\/v2\/posts\/6387","targetHints":{"allow":["GET"]}}],"collection":[{"href":"https:\/\/elregionaldigital.info\/index.php?rest_route=\/wp\/v2\/posts"}],"about":[{"href":"https:\/\/elregionaldigital.info\/index.php?rest_route=\/wp\/v2\/types\/post"}],"author":[{"embeddable":true,"href":"https:\/\/elregionaldigital.info\/index.php?rest_route=\/wp\/v2\/users\/1"}],"replies":[{"embeddable":true,"href":"https:\/\/elregionaldigital.info\/index.php?rest_route=%2Fwp%2Fv2%2Fcomments&post=6387"}],"version-history":[{"count":1,"href":"https:\/\/elregionaldigital.info\/index.php?rest_route=\/wp\/v2\/posts\/6387\/revisions"}],"predecessor-version":[{"id":6389,"href":"https:\/\/elregionaldigital.info\/index.php?rest_route=\/wp\/v2\/posts\/6387\/revisions\/6389"}],"wp:featuredmedia":[{"embeddable":true,"href":"https:\/\/elregionaldigital.info\/index.php?rest_route=\/wp\/v2\/media\/6388"}],"wp:attachment":[{"href":"https:\/\/elregionaldigital.info\/index.php?rest_route=%2Fwp%2Fv2%2Fmedia&parent=6387"}],"wp:term":[{"taxonomy":"category","embeddable":true,"href":"https:\/\/elregionaldigital.info\/index.php?rest_route=%2Fwp%2Fv2%2Fcategories&post=6387"},{"taxonomy":"post_tag","embeddable":true,"href":"https:\/\/elregionaldigital.info\/index.php?rest_route=%2Fwp%2Fv2%2Ftags&post=6387"}],"curies":[{"name":"wp","href":"https:\/\/api.w.org\/{rel}","templated":true}]}}