{"id":6384,"date":"2026-03-17T17:25:15","date_gmt":"2026-03-17T17:25:15","guid":{"rendered":"https:\/\/elregionaldigital.info\/?p=6384"},"modified":"2026-03-20T17:27:27","modified_gmt":"2026-03-20T17:27:27","slug":"sheinbaum-celebra-el-gesto-de-acercamiento-del-rey-felipe-vi-tras-sus-palabras-sobre-la-conquista","status":"publish","type":"post","link":"https:\/\/elregionaldigital.info\/?p=6384","title":{"rendered":"Sheinbaum celebra el \u201cgesto de acercamiento\u201d del rey Felipe VI tras sus palabras sobre la Conquista"},"content":{"rendered":"\n<p>marzo 17, 2026<\/p>\n\n\n\n<p>La presidenta de M\u00e9xico,\u00a0<strong>Claudia\u00a0Sheinbaum Pardo<\/strong>, afirm\u00f3 que las palabras del\u00a0<strong>rey Felipe VI<\/strong>\u00a0acerca de que en la\u00a0<strong>Conquista de Am\u00e9rica<\/strong>\u00a0hubo \u201cmuchos\u00a0<strong>abusos<\/strong>\u201c, supone un \u201c<strong>gesto de acercamiento<\/strong>\u201d del jefe de Estado de\u00a0<strong>Espa\u00f1a.<\/strong><\/p>\n\n\n\n<p>En la conferencia matutina de Palacio Nacional, Sheinbaum Pardo a\u00f1adi\u00f3 que \u201chay que seguir trabajando\u201d en el proceso de reconocimiento hist\u00f3rico.<\/p>\n\n\n\n<p>La verdad es que s\u00ed es un gesto de acercamiento del rey en el sentido de lo que hemos estado hablando. De un reconocimiento de excesos y exterminios que hubo durante la llegada de los espa\u00f1oles. Entonces yo creo que hay que reconocerlo y seguir avanzando en el di\u00e1logo\u201d, declar\u00f3.<\/p>\n\n\n\n<p>La mandataria mexicana coment\u00f3 as\u00ed las declaraciones del rey Felipe VI de este lunes durante una visita no oficial a la exposici\u00f3n \u2018La mujer en el M\u00e9xico ind\u00edgena\u2019, que se exhibe en el Museo Arqueol\u00f3gico Nacional de Madrid, junto con el embajador de M\u00e9xico en Espa\u00f1a, Quirino Ordaz Coppel, que fueron difundidas en redes sociales por la Casa Real.<\/p>\n\n\n\n<p>Durante el recorrido por la muestra, el rey espa\u00f1ol sostuvo que hay que conocer los hechos de la conquista \u201cen su justo contexto, no con excesivo presentismo moral, sino con un an\u00e1lisis objetivo y riguroso\u201d, al tiempo que reconoci\u00f3 que hubo \u201cmuchos abusos\u201d en ese periodo hist\u00f3rico.<\/p>\n\n\n\n<p>Sheinbaum Pardo contrapuso estas nuevas declaraciones a la negativa de Madrid a contestar la misiva que envi\u00f3 el expresidente&nbsp;<strong>Andr\u00e9s Manuel L\u00f3pez Obrador<\/strong>&nbsp;(2018-2024) en 2019 pidiendo un perd\u00f3n oficial de la Corona espa\u00f1ola, lo que supuso un \u201cenfriamiento\u201d de las relaciones bilaterales.<\/p>\n\n\n\n<p>La mandataria mexicana se\u00f1al\u00f3 que en Espa\u00f1a hubo cr\u00edticas al rey por parte de la derecha a causa de este reconocimiento sobre la conquista, algo que enmarca en la visi\u00f3n hist\u00f3rica de ese espectro ideol\u00f3gico de que los habitantes originarios de Am\u00e9rica eran unos \u201cb\u00e1rbaros\u201d.<\/p>\n\n\n\n<p>\u201cSon la esencia de lo que somos los mexicanos. Los mayas inventaron el cero, ni los romanos. El conocimiento que se ten\u00eda del cosmos, la medicina tradicional y la propia cultura, y el sentido comunitario que es algo extraordinario de los pueblos originarios en M\u00e9xico\u201d, asegur\u00f3.<\/p>\n\n\n\n<p>Por todo ello, subray\u00f3 el valor de la declaraci\u00f3n del monarca y que haya ido a la exposici\u00f3n de piezas mexicanas, al tiempo que insisti\u00f3 en que hay que \u201cseguir trabajando\u201d en el reconocimiento de \u201clas grandes civilizaciones que exist\u00edan en Mesoam\u00e9rica y en otros lugares de Am\u00e9rica Latina\u201d.<\/p>\n\n\n\n<p>Preguntada por si este nuevo paso podr\u00eda conducir a una invitaci\u00f3n oficial a Felipe VI para que acuda a M\u00e9xico, Sheinbaum contest\u00f3 que \u201cvamos a ver\u201d, a la vez que reiter\u00f3 su reconocimiento al \u201cgesto\u201d del monarca.<\/p>\n\n\n\n<p>La exposici\u00f3n en Madrid forma parte de un proyecto de Espa\u00f1a y M\u00e9xico que quiere reforzar los v\u00ednculos entre ambos pa\u00edses a trav\u00e9s del reconocimiento de la importancia hist\u00f3rica de las culturas originarias.<\/p>\n\n\n\n<p>M\u00e9xico exigi\u00f3 al rey de Espa\u00f1a que pidiera perd\u00f3n por esos hechos a trav\u00e9s de una carta por parte del entonces presidente L\u00f3pez Obrador que nunca fue respondida, por lo que Sheinbaum no invit\u00f3 al monarca a su toma de posesi\u00f3n en octubre de 2024, a lo que el Gobierno espa\u00f1ol respondi\u00f3 no enviando ning\u00fan representante en se\u00f1al de protesta, en un hecho sin precedentes.<\/p>\n\n\n\n<figure class=\"wp-block-image size-large\"><img loading=\"lazy\" decoding=\"async\" width=\"1024\" height=\"683\" src=\"https:\/\/elregionaldigital.info\/wp-content\/uploads\/2026\/03\/image-1-1024x683.png\" alt=\"\" class=\"wp-image-6385\" srcset=\"https:\/\/elregionaldigital.info\/wp-content\/uploads\/2026\/03\/image-1-1024x683.png 1024w, https:\/\/elregionaldigital.info\/wp-content\/uploads\/2026\/03\/image-1-300x200.png 300w, https:\/\/elregionaldigital.info\/wp-content\/uploads\/2026\/03\/image-1-768x512.png 768w, https:\/\/elregionaldigital.info\/wp-content\/uploads\/2026\/03\/image-1-1536x1024.png 1536w, https:\/\/elregionaldigital.info\/wp-content\/uploads\/2026\/03\/image-1.png 1920w\" sizes=\"auto, (max-width: 1024px) 100vw, 1024px\" \/><\/figure>\n\n\n\n<p><\/p>\n","protected":false},"excerpt":{"rendered":"<p>marzo 17, 2026 La presidenta de M\u00e9xico,\u00a0Claudia\u00a0Sheinbaum Pardo, afirm\u00f3 que las palabras del\u00a0rey Felipe VI\u00a0acerca de que en la\u00a0Conquista de Am\u00e9rica\u00a0hubo \u201cmuchos\u00a0abusos\u201c, supone un \u201cgesto de acercamiento\u201d del jefe de Estado de\u00a0Espa\u00f1a. En la conferencia matutina de Palacio Nacional, Sheinbaum Pardo a\u00f1adi\u00f3 que \u201chay que seguir trabajando\u201d en el proceso de reconocimiento hist\u00f3rico. La verdad [&hellip;]<\/p>\n","protected":false},"author":1,"featured_media":6385,"comment_status":"open","ping_status":"open","sticky":false,"template":"","format":"standard","meta":{"footnotes":""},"categories":[5],"tags":[],"class_list":["post-6384","post","type-post","status-publish","format-standard","has-post-thumbnail","hentry","category-nacional"],"blog_post_layout_featured_media_urls":{"thumbnail":["https:\/\/elregionaldigital.info\/wp-content\/uploads\/2026\/03\/image-1-150x150.png",150,150,true],"full":["https:\/\/elregionaldigital.info\/wp-content\/uploads\/2026\/03\/image-1.png",1920,1280,false]},"categories_names":{"5":{"name":"Nacional","link":"https:\/\/elregionaldigital.info\/?cat=5"}},"tags_names":[],"comments_number":"0","wpmagazine_modules_lite_featured_media_urls":{"thumbnail":["https:\/\/elregionaldigital.info\/wp-content\/uploads\/2026\/03\/image-1-150x150.png",150,150,true],"cvmm-medium":["https:\/\/elregionaldigital.info\/wp-content\/uploads\/2026\/03\/image-1-300x300.png",300,300,true],"cvmm-medium-plus":["https:\/\/elregionaldigital.info\/wp-content\/uploads\/2026\/03\/image-1-305x207.png",305,207,true],"cvmm-portrait":["https:\/\/elregionaldigital.info\/wp-content\/uploads\/2026\/03\/image-1-400x600.png",400,600,true],"cvmm-medium-square":["https:\/\/elregionaldigital.info\/wp-content\/uploads\/2026\/03\/image-1-600x600.png",600,600,true],"cvmm-large":["https:\/\/elregionaldigital.info\/wp-content\/uploads\/2026\/03\/image-1-1024x1024.png",1024,1024,true],"cvmm-small":["https:\/\/elregionaldigital.info\/wp-content\/uploads\/2026\/03\/image-1-130x95.png",130,95,true],"full":["https:\/\/elregionaldigital.info\/wp-content\/uploads\/2026\/03\/image-1.png",1920,1280,false]},"_links":{"self":[{"href":"https:\/\/elregionaldigital.info\/index.php?rest_route=\/wp\/v2\/posts\/6384","targetHints":{"allow":["GET"]}}],"collection":[{"href":"https:\/\/elregionaldigital.info\/index.php?rest_route=\/wp\/v2\/posts"}],"about":[{"href":"https:\/\/elregionaldigital.info\/index.php?rest_route=\/wp\/v2\/types\/post"}],"author":[{"embeddable":true,"href":"https:\/\/elregionaldigital.info\/index.php?rest_route=\/wp\/v2\/users\/1"}],"replies":[{"embeddable":true,"href":"https:\/\/elregionaldigital.info\/index.php?rest_route=%2Fwp%2Fv2%2Fcomments&post=6384"}],"version-history":[{"count":1,"href":"https:\/\/elregionaldigital.info\/index.php?rest_route=\/wp\/v2\/posts\/6384\/revisions"}],"predecessor-version":[{"id":6386,"href":"https:\/\/elregionaldigital.info\/index.php?rest_route=\/wp\/v2\/posts\/6384\/revisions\/6386"}],"wp:featuredmedia":[{"embeddable":true,"href":"https:\/\/elregionaldigital.info\/index.php?rest_route=\/wp\/v2\/media\/6385"}],"wp:attachment":[{"href":"https:\/\/elregionaldigital.info\/index.php?rest_route=%2Fwp%2Fv2%2Fmedia&parent=6384"}],"wp:term":[{"taxonomy":"category","embeddable":true,"href":"https:\/\/elregionaldigital.info\/index.php?rest_route=%2Fwp%2Fv2%2Fcategories&post=6384"},{"taxonomy":"post_tag","embeddable":true,"href":"https:\/\/elregionaldigital.info\/index.php?rest_route=%2Fwp%2Fv2%2Ftags&post=6384"}],"curies":[{"name":"wp","href":"https:\/\/api.w.org\/{rel}","templated":true}]}}