{"id":6292,"date":"2026-02-23T19:56:32","date_gmt":"2026-02-23T19:56:32","guid":{"rendered":"https:\/\/elregionaldigital.info\/?p=6292"},"modified":"2026-02-23T19:56:33","modified_gmt":"2026-02-23T19:56:33","slug":"netflix-da-un-vistazo-de-la-temporada-3-de-merlina-estaran-winona-ryder-y-eva-green","status":"publish","type":"post","link":"https:\/\/elregionaldigital.info\/?p=6292","title":{"rendered":"Netflix da un vistazo de la temporada 3 de Merlina; estar\u00e1n Winona Ryder y Eva Green"},"content":{"rendered":"\n<p>febrero 23, 2026<\/p>\n\n\n\n<p><strong>Netflix<\/strong>\u00a0dio inicio a la producci\u00f3n de la\u00a0<strong>tercera temporada<\/strong>\u00a0de\u00a0<strong>Merlina<\/strong>, una de sus m\u00e1s exitosas series.<\/p>\n\n\n\n<p>Junto al anuncio revel\u00f3 la participaci\u00f3n de&nbsp;<strong>Winona Ryder<\/strong>&nbsp;y&nbsp;<strong>Eva<\/strong>&nbsp;<strong>Green<\/strong>, entre otros actores.<\/p>\n\n\n\n<p><strong>Merlina<\/strong>&nbsp;se convirti\u00f3 en su temporada 1 en la serie de televisi\u00f3n en ingl\u00e9s m\u00e1s popular de Netflix de todos los tiempos.<\/p>\n\n\n\n<p>De misterio sobrenatural, narra los a\u00f1os de&nbsp;<strong>Merlina Addams<\/strong>&nbsp;como estudiante de la&nbsp;<strong>Academia Nevermore<\/strong>.<\/p>\n\n\n\n<p>Es protagonizada por\u00a0<strong>Jenna Ortega<\/strong>, quien en esta tercera temporada unir\u00e1 su talento al de:<\/p>\n\n\n\n<ul class=\"wp-block-list\">\n<li><strong>Winona Ryder<\/strong>\u00a0(Beetlejuice, Beetlejuice; Stranger Things)<\/li>\n\n\n\n<li><strong>Chris Sarandon<\/strong>\u00a0(Tarde de perros, La princesa prometida)<\/li>\n\n\n\n<li><strong>Noah Taylor<\/strong>\u00a0(Peaky Blinders, Game Of Thrones)<\/li>\n\n\n\n<li><strong>Oscar Morgan<\/strong>\u00a0(A Knight of the Seven Kingdoms, Gotham Knights)<\/li>\n\n\n\n<li><strong>Kennedy Moyer<\/strong>\u00a0(Task: Unidad especial, Un buen ladr\u00f3n)<\/li>\n\n\n\n<li><strong>Eva Green<\/strong>\u00a0(El hogar de Miss Peregrine para ni\u00f1os peculiares\u00a0y\u00a0Sombras tenebrosas)<\/li>\n<\/ul>\n\n\n\n<p>Regresan, adem\u00e1s, Catherine Zeta-Jones como Morticia Addams y Luis Guzm\u00e1n como Homero Addams.<\/p>\n\n\n\n<p>La tercera temporada de Merlina se filma cerca de&nbsp;<strong>Dublin<\/strong>, Irlanda.<\/p>\n\n\n\n<blockquote class=\"wp-block-quote is-layout-flow wp-block-quote-is-layout-flow\">\n<p>Esta temporada damos la bienvenida a nuevos estudiantes, nuevos profesores y desenterramos algunos secretos de la familia Addams que llevaban mucho tiempo ocultos. No digan que no se les advirti\u00f3\u201d, adelantan los creadores,&nbsp;<em>showrunners<\/em>&nbsp;y productores ejecutivos Al Gough y Miles Millar.<\/p>\n<\/blockquote>\n\n\n\n<p>Tim Burton, productor ejecutivo y director, afirm\u00f3 estar muy emocionado por la nueva temporada.<\/p>\n\n\n\n<p>Es genial reunirme con todo el elenco original. La incorporaci\u00f3n de algunos amigos queridos y antiguos colaboradores m\u00edos, como Eva, Chris y Noah, hace que esta temporada sea a\u00fan m\u00e1s especial. Me siento muy afortunado.\u201d<\/p>\n\n\n\n<figure class=\"wp-block-image size-large\"><img loading=\"lazy\" decoding=\"async\" width=\"1024\" height=\"631\" src=\"https:\/\/elregionaldigital.info\/wp-content\/uploads\/2026\/02\/image-23-1024x631.png\" alt=\"\" class=\"wp-image-6293\" srcset=\"https:\/\/elregionaldigital.info\/wp-content\/uploads\/2026\/02\/image-23-1024x631.png 1024w, https:\/\/elregionaldigital.info\/wp-content\/uploads\/2026\/02\/image-23-300x185.png 300w, https:\/\/elregionaldigital.info\/wp-content\/uploads\/2026\/02\/image-23-768x474.png 768w, https:\/\/elregionaldigital.info\/wp-content\/uploads\/2026\/02\/image-23.png 1200w\" sizes=\"auto, (max-width: 1024px) 100vw, 1024px\" \/><\/figure>\n","protected":false},"excerpt":{"rendered":"<p>febrero 23, 2026 Netflix\u00a0dio inicio a la producci\u00f3n de la\u00a0tercera temporada\u00a0de\u00a0Merlina, una de sus m\u00e1s exitosas series. Junto al anuncio revel\u00f3 la participaci\u00f3n de&nbsp;Winona Ryder&nbsp;y&nbsp;Eva&nbsp;Green, entre otros actores. Merlina&nbsp;se convirti\u00f3 en su temporada 1 en la serie de televisi\u00f3n en ingl\u00e9s m\u00e1s popular de Netflix de todos los tiempos. De misterio sobrenatural, narra los a\u00f1os [&hellip;]<\/p>\n","protected":false},"author":1,"featured_media":6293,"comment_status":"open","ping_status":"open","sticky":false,"template":"","format":"standard","meta":{"footnotes":""},"categories":[3],"tags":[],"class_list":["post-6292","post","type-post","status-publish","format-standard","has-post-thumbnail","hentry","category-entretenimiento"],"blog_post_layout_featured_media_urls":{"thumbnail":["https:\/\/elregionaldigital.info\/wp-content\/uploads\/2026\/02\/image-23-150x150.png",150,150,true],"full":["https:\/\/elregionaldigital.info\/wp-content\/uploads\/2026\/02\/image-23.png",1200,740,false]},"categories_names":{"3":{"name":"Entretenimiento","link":"https:\/\/elregionaldigital.info\/?cat=3"}},"tags_names":[],"comments_number":"0","wpmagazine_modules_lite_featured_media_urls":{"thumbnail":["https:\/\/elregionaldigital.info\/wp-content\/uploads\/2026\/02\/image-23-150x150.png",150,150,true],"cvmm-medium":["https:\/\/elregionaldigital.info\/wp-content\/uploads\/2026\/02\/image-23-300x300.png",300,300,true],"cvmm-medium-plus":["https:\/\/elregionaldigital.info\/wp-content\/uploads\/2026\/02\/image-23-305x207.png",305,207,true],"cvmm-portrait":["https:\/\/elregionaldigital.info\/wp-content\/uploads\/2026\/02\/image-23-400x600.png",400,600,true],"cvmm-medium-square":["https:\/\/elregionaldigital.info\/wp-content\/uploads\/2026\/02\/image-23-600x600.png",600,600,true],"cvmm-large":["https:\/\/elregionaldigital.info\/wp-content\/uploads\/2026\/02\/image-23-1024x740.png",1024,740,true],"cvmm-small":["https:\/\/elregionaldigital.info\/wp-content\/uploads\/2026\/02\/image-23-130x95.png",130,95,true],"full":["https:\/\/elregionaldigital.info\/wp-content\/uploads\/2026\/02\/image-23.png",1200,740,false]},"_links":{"self":[{"href":"https:\/\/elregionaldigital.info\/index.php?rest_route=\/wp\/v2\/posts\/6292","targetHints":{"allow":["GET"]}}],"collection":[{"href":"https:\/\/elregionaldigital.info\/index.php?rest_route=\/wp\/v2\/posts"}],"about":[{"href":"https:\/\/elregionaldigital.info\/index.php?rest_route=\/wp\/v2\/types\/post"}],"author":[{"embeddable":true,"href":"https:\/\/elregionaldigital.info\/index.php?rest_route=\/wp\/v2\/users\/1"}],"replies":[{"embeddable":true,"href":"https:\/\/elregionaldigital.info\/index.php?rest_route=%2Fwp%2Fv2%2Fcomments&post=6292"}],"version-history":[{"count":1,"href":"https:\/\/elregionaldigital.info\/index.php?rest_route=\/wp\/v2\/posts\/6292\/revisions"}],"predecessor-version":[{"id":6294,"href":"https:\/\/elregionaldigital.info\/index.php?rest_route=\/wp\/v2\/posts\/6292\/revisions\/6294"}],"wp:featuredmedia":[{"embeddable":true,"href":"https:\/\/elregionaldigital.info\/index.php?rest_route=\/wp\/v2\/media\/6293"}],"wp:attachment":[{"href":"https:\/\/elregionaldigital.info\/index.php?rest_route=%2Fwp%2Fv2%2Fmedia&parent=6292"}],"wp:term":[{"taxonomy":"category","embeddable":true,"href":"https:\/\/elregionaldigital.info\/index.php?rest_route=%2Fwp%2Fv2%2Fcategories&post=6292"},{"taxonomy":"post_tag","embeddable":true,"href":"https:\/\/elregionaldigital.info\/index.php?rest_route=%2Fwp%2Fv2%2Ftags&post=6292"}],"curies":[{"name":"wp","href":"https:\/\/api.w.org\/{rel}","templated":true}]}}