{"id":6283,"date":"2026-02-23T19:46:43","date_gmt":"2026-02-23T19:46:43","guid":{"rendered":"https:\/\/elregionaldigital.info\/?p=6283"},"modified":"2026-02-23T19:46:44","modified_gmt":"2026-02-23T19:46:44","slug":"fortalece-gobierno-de-tamaulipas-acciones-en-favor-de-la-ninez-en-centros-de-ejecucion-de-sanciones","status":"publish","type":"post","link":"https:\/\/elregionaldigital.info\/?p=6283","title":{"rendered":"Fortalece Gobierno de Tamaulipas acciones en favor de la ni\u00f1ez en Centros de Ejecuci\u00f3n de Sanciones"},"content":{"rendered":"\n<p>Febrero 23 de 2026<\/p>\n\n\n\n<p>Ciudad Victoria, Tamaulipas.- Con el objetivo de garantizar el bienestar y el desarrollo integral de la ni\u00f1ez que vive con sus madres privadas de la libertad, la Secretar\u00eda de Seguridad P\u00fablica de Tamaulipas y el Sistema de Protecci\u00f3n Integral de Ni\u00f1as, Ni\u00f1os y Adolescentes (SIPINNA) firmaron un convenio de colaboraci\u00f3n para la instalaci\u00f3n y operaci\u00f3n de espacios amigables con enfoque de infancia en los Centros de Ejecuci\u00f3n de Sanciones del estado.<\/p>\n\n\n\n<p>El acuerdo establece las bases de cooperaci\u00f3n interinstitucional para capacitar y sensibilizar, con perspectiva de infancia, a las personas servidoras p\u00fablicas responsables de la atenci\u00f3n y manejo de estos espacios, a fin de asegurar entornos seguros, incluyentes y adecuados para el desarrollo infantil.<\/p>\n\n\n\n<p>El convenio fue suscrito por Carlos Arturo Pancardo Escudero, secretario de Seguridad P\u00fablica de Tamaulipas, e Ivette Salazar M\u00e1rquez, secretaria ejecutiva de SIPINNA, fungiendo como testigo de honor el secretario general de Gobierno, H\u00e9ctor Joel Villegas Gonz\u00e1lez.<\/p>\n\n\n\n<p>En su intervenci\u00f3n, el secretario general de Gobierno agradeci\u00f3, a nombre del gobernador Am\u00e9rico Villarreal Anaya, la disposici\u00f3n y coordinaci\u00f3n de las dependencias del Gobierno del Estado para impulsar la creaci\u00f3n de espacios destinados a las infancias en Tamaulipas, subrayando que estas acciones reflejan el compromiso institucional con los derechos de ni\u00f1as y ni\u00f1os.<\/p>\n\n\n\n<p>Por su parte, Pancardo Escudero expres\u00f3 que, la Secretar\u00eda a su cargo se encuentra en la mejor disposici\u00f3n de fortalecer y crear espacios adecuados para las infancias al interior de los Centros de Ejecuci\u00f3n de Sanciones, reiterando el compromiso institucional de trabajar de manera coordinada para garantizar entornos seguros y dignos.<\/p>\n\n\n\n<p>\u201cEn la Secretar\u00eda de Seguridad P\u00fablica asumimos con responsabilidad la tarea de impulsar acciones que contribuyan al desarrollo integral de las ni\u00f1as y los ni\u00f1os que se encuentran en estos contextos. Estamos en la mejor disposici\u00f3n de fortalecer y crear los espacios necesarios dentro de los Centros de Ejecuci\u00f3n de Sanciones para que cuenten con \u00e1reas adecuadas que favorezcan su bienestar y crecimiento\u201d, destac\u00f3.<\/p>\n\n\n\n<p>El convenio beneficiar\u00e1 directamente a las ni\u00f1as y los ni\u00f1os que viven con sus madres privadas de la libertad en los Centros de Ejecuci\u00f3n de Sanciones del Estado. La iniciativa contempla la creaci\u00f3n de espacios l\u00fadicos y de esparcimiento que promuevan el aprendizaje temprano y el desarrollo integral en un entorno digno y adecuado.<\/p>\n\n\n\n<p>A trav\u00e9s de estos espacios, las ni\u00f1as y los ni\u00f1os no solo podr\u00e1n recrearse, sino tambi\u00e9n estimular su desarrollo psicomotor y cognitivo, favoreciendo su bienestar emocional y social en un entorno seguro y saludable. Asimismo, se fomentar\u00e1n habilidades como la cooperaci\u00f3n, la comunicaci\u00f3n y la resoluci\u00f3n de conflictos, al tiempo que se contribuye a reducir el estr\u00e9s y la ansiedad asociados al contexto de reclusi\u00f3n.<\/p>\n\n\n\n<p>La actividad l\u00fadica permitir\u00e1 estimular el pensamiento creativo, clave para el desarrollo cognitivo y emocional, adem\u00e1s de fortalecer la salud f\u00edsica y mental. Todos los espacios estar\u00e1n dise\u00f1ados bajo criterios de seguridad e inclusi\u00f3n, considerando distintas habilidades y necesidades.<\/p>\n\n\n\n<figure class=\"wp-block-image\"><a href=\"https:\/\/www.tamaulipas.gob.mx\/wp-content\/uploads\/2026\/02\/NNA-003-2026.-Fortalece-Gobierno-de-Tamaulipas-acciones-en-favor-de-la-ninez-en-Centros-de-Ejecucion-de-Sanciones-1.jpeg\"><img decoding=\"async\" src=\"https:\/\/www.tamaulipas.gob.mx\/wp-content\/uploads\/2026\/02\/NNA-003-2026.-Fortalece-Gobierno-de-Tamaulipas-acciones-en-favor-de-la-ninez-en-Centros-de-Ejecucion-de-Sanciones-1-850x500.jpeg\" alt=\"\"\/><\/a><\/figure>\n","protected":false},"excerpt":{"rendered":"<p>Febrero 23 de 2026 Ciudad Victoria, Tamaulipas.- Con el objetivo de garantizar el bienestar y el desarrollo integral de la ni\u00f1ez que vive con sus madres privadas de la libertad, la Secretar\u00eda de Seguridad P\u00fablica de Tamaulipas y el Sistema de Protecci\u00f3n Integral de Ni\u00f1as, Ni\u00f1os y Adolescentes (SIPINNA) firmaron un convenio de colaboraci\u00f3n para [&hellip;]<\/p>\n","protected":false},"author":1,"featured_media":6284,"comment_status":"open","ping_status":"open","sticky":false,"template":"","format":"standard","meta":{"footnotes":""},"categories":[2],"tags":[],"class_list":["post-6283","post","type-post","status-publish","format-standard","has-post-thumbnail","hentry","category-tamaulipas"],"blog_post_layout_featured_media_urls":{"thumbnail":["https:\/\/elregionaldigital.info\/wp-content\/uploads\/2026\/02\/NNA-003-2026.-Fortalece-Gobierno-de-Tamaulipas-acciones-en-favor-de-la-ninez-en-Centros-de-Ejecucion-de-Sanciones-4-850x500-1-150x150.jpeg",150,150,true],"full":["https:\/\/elregionaldigital.info\/wp-content\/uploads\/2026\/02\/NNA-003-2026.-Fortalece-Gobierno-de-Tamaulipas-acciones-en-favor-de-la-ninez-en-Centros-de-Ejecucion-de-Sanciones-4-850x500-1.jpeg",850,500,false]},"categories_names":{"2":{"name":"Tamaulipas","link":"https:\/\/elregionaldigital.info\/?cat=2"}},"tags_names":[],"comments_number":"0","wpmagazine_modules_lite_featured_media_urls":{"thumbnail":["https:\/\/elregionaldigital.info\/wp-content\/uploads\/2026\/02\/NNA-003-2026.-Fortalece-Gobierno-de-Tamaulipas-acciones-en-favor-de-la-ninez-en-Centros-de-Ejecucion-de-Sanciones-4-850x500-1-150x150.jpeg",150,150,true],"cvmm-medium":["https:\/\/elregionaldigital.info\/wp-content\/uploads\/2026\/02\/NNA-003-2026.-Fortalece-Gobierno-de-Tamaulipas-acciones-en-favor-de-la-ninez-en-Centros-de-Ejecucion-de-Sanciones-4-850x500-1-300x300.jpeg",300,300,true],"cvmm-medium-plus":["https:\/\/elregionaldigital.info\/wp-content\/uploads\/2026\/02\/NNA-003-2026.-Fortalece-Gobierno-de-Tamaulipas-acciones-en-favor-de-la-ninez-en-Centros-de-Ejecucion-de-Sanciones-4-850x500-1-305x207.jpeg",305,207,true],"cvmm-portrait":["https:\/\/elregionaldigital.info\/wp-content\/uploads\/2026\/02\/NNA-003-2026.-Fortalece-Gobierno-de-Tamaulipas-acciones-en-favor-de-la-ninez-en-Centros-de-Ejecucion-de-Sanciones-4-850x500-1-400x500.jpeg",400,500,true],"cvmm-medium-square":["https:\/\/elregionaldigital.info\/wp-content\/uploads\/2026\/02\/NNA-003-2026.-Fortalece-Gobierno-de-Tamaulipas-acciones-en-favor-de-la-ninez-en-Centros-de-Ejecucion-de-Sanciones-4-850x500-1-600x500.jpeg",600,500,true],"cvmm-large":["https:\/\/elregionaldigital.info\/wp-content\/uploads\/2026\/02\/NNA-003-2026.-Fortalece-Gobierno-de-Tamaulipas-acciones-en-favor-de-la-ninez-en-Centros-de-Ejecucion-de-Sanciones-4-850x500-1.jpeg",850,500,false],"cvmm-small":["https:\/\/elregionaldigital.info\/wp-content\/uploads\/2026\/02\/NNA-003-2026.-Fortalece-Gobierno-de-Tamaulipas-acciones-en-favor-de-la-ninez-en-Centros-de-Ejecucion-de-Sanciones-4-850x500-1-130x95.jpeg",130,95,true],"full":["https:\/\/elregionaldigital.info\/wp-content\/uploads\/2026\/02\/NNA-003-2026.-Fortalece-Gobierno-de-Tamaulipas-acciones-en-favor-de-la-ninez-en-Centros-de-Ejecucion-de-Sanciones-4-850x500-1.jpeg",850,500,false]},"_links":{"self":[{"href":"https:\/\/elregionaldigital.info\/index.php?rest_route=\/wp\/v2\/posts\/6283","targetHints":{"allow":["GET"]}}],"collection":[{"href":"https:\/\/elregionaldigital.info\/index.php?rest_route=\/wp\/v2\/posts"}],"about":[{"href":"https:\/\/elregionaldigital.info\/index.php?rest_route=\/wp\/v2\/types\/post"}],"author":[{"embeddable":true,"href":"https:\/\/elregionaldigital.info\/index.php?rest_route=\/wp\/v2\/users\/1"}],"replies":[{"embeddable":true,"href":"https:\/\/elregionaldigital.info\/index.php?rest_route=%2Fwp%2Fv2%2Fcomments&post=6283"}],"version-history":[{"count":1,"href":"https:\/\/elregionaldigital.info\/index.php?rest_route=\/wp\/v2\/posts\/6283\/revisions"}],"predecessor-version":[{"id":6285,"href":"https:\/\/elregionaldigital.info\/index.php?rest_route=\/wp\/v2\/posts\/6283\/revisions\/6285"}],"wp:featuredmedia":[{"embeddable":true,"href":"https:\/\/elregionaldigital.info\/index.php?rest_route=\/wp\/v2\/media\/6284"}],"wp:attachment":[{"href":"https:\/\/elregionaldigital.info\/index.php?rest_route=%2Fwp%2Fv2%2Fmedia&parent=6283"}],"wp:term":[{"taxonomy":"category","embeddable":true,"href":"https:\/\/elregionaldigital.info\/index.php?rest_route=%2Fwp%2Fv2%2Fcategories&post=6283"},{"taxonomy":"post_tag","embeddable":true,"href":"https:\/\/elregionaldigital.info\/index.php?rest_route=%2Fwp%2Fv2%2Ftags&post=6283"}],"curies":[{"name":"wp","href":"https:\/\/api.w.org\/{rel}","templated":true}]}}