{"id":6279,"date":"2026-02-23T19:45:29","date_gmt":"2026-02-23T19:45:29","guid":{"rendered":"https:\/\/elregionaldigital.info\/?p=6279"},"modified":"2026-02-23T19:45:29","modified_gmt":"2026-02-23T19:45:29","slug":"detienen-a-41-por-actos-violentos-en-jalisco-tras-la-muerte-del-mencho","status":"publish","type":"post","link":"https:\/\/elregionaldigital.info\/?p=6279","title":{"rendered":"Detienen a 41 por actos violentos en Jalisco tras la muerte del \u2018Mencho\u2019"},"content":{"rendered":"\n<p>febrero 23, 2026<\/p>\n\n\n\n<p>Los<strong>&nbsp;hechos violentos<\/strong>&nbsp;del domingo 22 de febrero de 2026 en&nbsp;<strong>Jalisco<\/strong>&nbsp;tras la muerte del l\u00edder criminal&nbsp;<strong>Nemesio Oseguera Cervantes<\/strong>, alias el&nbsp;<strong><em>Mencho<\/em><\/strong>, dejaron un saldo de&nbsp;<strong>41 personas detenidas<\/strong>, inform\u00f3 el Gobierno estatal.<\/p>\n\n\n\n<p>En un comunicado, el\u00a0<strong>Gobierno de Jalisco<\/strong>\u00a0explic\u00f3 que, del total de las personas detenidas, 20 est\u00e1n acusadas de generar \u201cactos de violencia\u201d y las 21 restantes de cometer saqueo y rapi\u00f1a en comercios de la regi\u00f3n.<\/p>\n\n\n\n<p>Los individuos acusados de cometer violencia fueron arrestados por efectivos de la Guardia Nacional, as\u00ed como por la Fiscal\u00eda y la Secretar\u00eda de Seguridad estatal.<\/p>\n\n\n\n<p>Las autoridades explicaron que se vieron afectados 22 Bancos del Bienestar, cuatro tiendas BanCoppel y 81 establecimientos comerciales Oxxo, tanto en \u00e1rea metropolitana de la capital, Guadalajara, como en otros lugares de Jalisco.<\/p>\n\n\n\n<p>Adem\u00e1s, hubo 91 veh\u00edculos particulares con da\u00f1os y se registraron 37 enfrentamientos de las fuerzas de seguridad con civiles armados.<\/p>\n\n\n\n<p>No obstante, en la ma\u00f1ana de este lunes el Gobierno estatal reanud\u00f3 en su totalidad el servicio de varias l\u00edneas masivas de transporte p\u00fablico, mientras que las rutas troncales y alimentadoras \u201cavanzan, de manera paulatina, en restablecer su frecuencia\u201d.<\/p>\n\n\n\n<p>Por su parte, la Secretar\u00eda de Educaci\u00f3n mantiene suspendidas las clases presenciales de todos los niveles durante el d\u00eda de hoy, de igual forma que la de Salud ha pausado la jornada de vacunaci\u00f3n en una de las entidades federativas m\u00e1s golpeadas por el brote de sarampi\u00f3n.<\/p>\n\n\n\n<blockquote class=\"wp-block-quote is-layout-flow wp-block-quote-is-layout-flow\">\n<p>El Gobierno de Jalisco mantiene coordinaci\u00f3n con autoridades federales y municipales para restablecer el orden y garantizar la seguridad de la poblaci\u00f3n\u201d, se apunt\u00f3 en el comunicado.<\/p>\n<\/blockquote>\n\n\n\n<p>En respuesta a la muerte del&nbsp;<em>Mencho<\/em>, l\u00edder del<strong>&nbsp;C\u00e1rtel Jalisco Nueva Generaci\u00f3n<\/strong>&nbsp;(<strong>CJNG<\/strong>), se lkevaron a cabo \u2018narcobloqueos\u2019 en distintos puntos del sur del estado, con veh\u00edculos incendiados y carreteras cerradas.<\/p>\n\n\n\n<p>Nemesio Oseguera Cervantes fue abatido durante un operativo en Tapalpa, 130 kil\u00f3metros al sur de Guadalajara, capital de Jalisco. El&nbsp;<em>Mencho<\/em>, de 59 a\u00f1os de edad, era uno de los criminales m\u00e1s buscados por autoridades mexicanas y estadounidenses.<\/p>\n\n\n\n<p>EE.UU. lo acusaba de encabezar un \u201creinado de terror\u201d en M\u00e9xico y de destruir \u201cinnumerables vidas\u201d con el tr\u00e1fico de fentanilo, y ofrec\u00eda hasta 15 millones de d\u00f3lares por informaci\u00f3n que condujera a su arresto o condena.<\/p>\n\n\n\n<figure class=\"wp-block-image size-large\"><img loading=\"lazy\" decoding=\"async\" width=\"1024\" height=\"608\" src=\"https:\/\/elregionaldigital.info\/wp-content\/uploads\/2026\/02\/image-20-1024x608.png\" alt=\"\" class=\"wp-image-6280\" srcset=\"https:\/\/elregionaldigital.info\/wp-content\/uploads\/2026\/02\/image-20-1024x608.png 1024w, https:\/\/elregionaldigital.info\/wp-content\/uploads\/2026\/02\/image-20-300x178.png 300w, https:\/\/elregionaldigital.info\/wp-content\/uploads\/2026\/02\/image-20-768x456.png 768w, https:\/\/elregionaldigital.info\/wp-content\/uploads\/2026\/02\/image-20-1536x912.png 1536w, https:\/\/elregionaldigital.info\/wp-content\/uploads\/2026\/02\/image-20.png 1920w\" sizes=\"auto, (max-width: 1024px) 100vw, 1024px\" \/><\/figure>\n","protected":false},"excerpt":{"rendered":"<p>febrero 23, 2026 Los&nbsp;hechos violentos&nbsp;del domingo 22 de febrero de 2026 en&nbsp;Jalisco&nbsp;tras la muerte del l\u00edder criminal&nbsp;Nemesio Oseguera Cervantes, alias el&nbsp;Mencho, dejaron un saldo de&nbsp;41 personas detenidas, inform\u00f3 el Gobierno estatal. En un comunicado, el\u00a0Gobierno de Jalisco\u00a0explic\u00f3 que, del total de las personas detenidas, 20 est\u00e1n acusadas de generar \u201cactos de violencia\u201d y las 21 [&hellip;]<\/p>\n","protected":false},"author":1,"featured_media":6280,"comment_status":"open","ping_status":"open","sticky":false,"template":"","format":"standard","meta":{"footnotes":""},"categories":[5],"tags":[],"class_list":["post-6279","post","type-post","status-publish","format-standard","has-post-thumbnail","hentry","category-nacional"],"blog_post_layout_featured_media_urls":{"thumbnail":["https:\/\/elregionaldigital.info\/wp-content\/uploads\/2026\/02\/image-20-150x150.png",150,150,true],"full":["https:\/\/elregionaldigital.info\/wp-content\/uploads\/2026\/02\/image-20.png",1920,1140,false]},"categories_names":{"5":{"name":"Nacional","link":"https:\/\/elregionaldigital.info\/?cat=5"}},"tags_names":[],"comments_number":"0","wpmagazine_modules_lite_featured_media_urls":{"thumbnail":["https:\/\/elregionaldigital.info\/wp-content\/uploads\/2026\/02\/image-20-150x150.png",150,150,true],"cvmm-medium":["https:\/\/elregionaldigital.info\/wp-content\/uploads\/2026\/02\/image-20-300x300.png",300,300,true],"cvmm-medium-plus":["https:\/\/elregionaldigital.info\/wp-content\/uploads\/2026\/02\/image-20-305x207.png",305,207,true],"cvmm-portrait":["https:\/\/elregionaldigital.info\/wp-content\/uploads\/2026\/02\/image-20-400x600.png",400,600,true],"cvmm-medium-square":["https:\/\/elregionaldigital.info\/wp-content\/uploads\/2026\/02\/image-20-600x600.png",600,600,true],"cvmm-large":["https:\/\/elregionaldigital.info\/wp-content\/uploads\/2026\/02\/image-20-1024x1024.png",1024,1024,true],"cvmm-small":["https:\/\/elregionaldigital.info\/wp-content\/uploads\/2026\/02\/image-20-130x95.png",130,95,true],"full":["https:\/\/elregionaldigital.info\/wp-content\/uploads\/2026\/02\/image-20.png",1920,1140,false]},"_links":{"self":[{"href":"https:\/\/elregionaldigital.info\/index.php?rest_route=\/wp\/v2\/posts\/6279","targetHints":{"allow":["GET"]}}],"collection":[{"href":"https:\/\/elregionaldigital.info\/index.php?rest_route=\/wp\/v2\/posts"}],"about":[{"href":"https:\/\/elregionaldigital.info\/index.php?rest_route=\/wp\/v2\/types\/post"}],"author":[{"embeddable":true,"href":"https:\/\/elregionaldigital.info\/index.php?rest_route=\/wp\/v2\/users\/1"}],"replies":[{"embeddable":true,"href":"https:\/\/elregionaldigital.info\/index.php?rest_route=%2Fwp%2Fv2%2Fcomments&post=6279"}],"version-history":[{"count":1,"href":"https:\/\/elregionaldigital.info\/index.php?rest_route=\/wp\/v2\/posts\/6279\/revisions"}],"predecessor-version":[{"id":6281,"href":"https:\/\/elregionaldigital.info\/index.php?rest_route=\/wp\/v2\/posts\/6279\/revisions\/6281"}],"wp:featuredmedia":[{"embeddable":true,"href":"https:\/\/elregionaldigital.info\/index.php?rest_route=\/wp\/v2\/media\/6280"}],"wp:attachment":[{"href":"https:\/\/elregionaldigital.info\/index.php?rest_route=%2Fwp%2Fv2%2Fmedia&parent=6279"}],"wp:term":[{"taxonomy":"category","embeddable":true,"href":"https:\/\/elregionaldigital.info\/index.php?rest_route=%2Fwp%2Fv2%2Fcategories&post=6279"},{"taxonomy":"post_tag","embeddable":true,"href":"https:\/\/elregionaldigital.info\/index.php?rest_route=%2Fwp%2Fv2%2Ftags&post=6279"}],"curies":[{"name":"wp","href":"https:\/\/api.w.org\/{rel}","templated":true}]}}