{"id":6276,"date":"2026-02-22T15:39:43","date_gmt":"2026-02-22T15:39:43","guid":{"rendered":"https:\/\/elregionaldigital.info\/?p=6276"},"modified":"2026-02-23T15:40:18","modified_gmt":"2026-02-23T15:40:18","slug":"realiza-la-uat-convivencia-deportiva-gran-rodada-10k","status":"publish","type":"post","link":"https:\/\/elregionaldigital.info\/?p=6276","title":{"rendered":"Realiza la UAT convivencia deportiva Gran Rodada 10K"},"content":{"rendered":"\n<p>22 de febrero del 2026<\/p>\n\n\n\n<p><strong>&#8220;<\/strong>&nbsp;El rector de la Universidad Aut\u00f3noma de Tamaulipas, D\u00e1maso Anaya Alvarado, encabez\u00f3 la Gran Rodada UAT 10K, evento deportivo que se desarroll\u00f3 en un ambiente de sana convivencia y que cont\u00f3 con la participaci\u00f3n de m\u00e1s de 300 ciclistas.&nbsp;<strong>&#8220;<\/strong><\/p>\n\n\n\n<p>\u200b<\/p>\n\n\n\n<p>Ciudad Victoria, Tam., 22 de febrero de 2022.<\/p>\n\n\n\n<p>Al dar el banderazo de salida en la Unidad Deportiva \u201cAdolfo Ru\u00edz Cortines&#8221;, el rector D\u00e1maso Anaya resalt\u00f3 la importancia de seguir generando este tipo de espacios, que sirven a la comunidad universitaria para reforzar los lazos de amistad, compa\u00f1erismo y de esp\u00edritu de equipo.<\/p>\n\n\n\n<p>Asever\u00f3 que la UAT seguir\u00e1 promoviendo actividades deportivas, culturales y art\u00edsticas, que son importantes para fomentar la cohesi\u00f3n social y desarrollar habilidades como la disciplina y la creatividad en la comunidad.<\/p>\n\n\n\n<p>De igual forma, agradeci\u00f3 la participaci\u00f3n de estudiantes, maestros y trabajadores del Campus Victoria; as\u00ed como a las agrupaciones de ciclistas de Ciudad Victoria y a las familias que se sumaron, haciendo un \u00e9xito de esta convivencia.<\/p>\n\n\n\n<p>La rodada se desarroll\u00f3 de la Unidad Deportiva \u201cAdolfo Ru\u00edz Cortines&#8221;, para tomar la Calle Berriozabal y continuar por la Avenida Francisco I. Madero (calle 17) y continuar por el Paseo \u201cPedro Jos\u00e9 M\u00e9ndez&#8221; y el Boulevard Luis Echeverria.<\/p>\n\n\n\n<p>Posteriormente, el contingente se dirigi\u00f3 al Boulevard Jos\u00e9 L\u00f3pez Portillo para llegar a la Unidad Deportiva Siglo XXI y de ah\u00ed retornar por el Boulevard Praxedis Balboa hasta la&nbsp; calle Juan B. Tijerina, para concluir en la calle Matamoros frente a la Rector\u00eda de la UAT.<\/p>\n\n\n\n<p>Al finalizar el recorrido se ofreci\u00f3 una rifa de obsequios entre los ciclistas participantes. Tambi\u00e9n se cont\u00f3 con la presentaci\u00f3n de grupos musicales de la Universidad.<\/p>\n\n\n\n<p>Al evento asistieron funcionarios de la Rector\u00eda y directores de las dependencias acad\u00e9micas&nbsp; del Campus Victoria.<\/p>\n\n\n\n<figure class=\"wp-block-image\"><img decoding=\"async\" src=\"https:\/\/www.uat.edu.mx\/noticias\/PublishingImages\/2024\/05\/2_ZCX215.jpg\" alt=\"\"\/><\/figure>\n","protected":false},"excerpt":{"rendered":"<p>22 de febrero del 2026 &#8220;&nbsp;El rector de la Universidad Aut\u00f3noma de Tamaulipas, D\u00e1maso Anaya Alvarado, encabez\u00f3 la Gran Rodada UAT 10K, evento deportivo que se desarroll\u00f3 en un ambiente de sana convivencia y que cont\u00f3 con la participaci\u00f3n de m\u00e1s de 300 ciclistas.&nbsp;&#8220; \u200b Ciudad Victoria, Tam., 22 de febrero de 2022. Al dar [&hellip;]<\/p>\n","protected":false},"author":1,"featured_media":6277,"comment_status":"open","ping_status":"open","sticky":false,"template":"","format":"standard","meta":{"footnotes":""},"categories":[4],"tags":[],"class_list":["post-6276","post","type-post","status-publish","format-standard","has-post-thumbnail","hentry","category-universidades"],"blog_post_layout_featured_media_urls":{"thumbnail":["https:\/\/elregionaldigital.info\/wp-content\/uploads\/2026\/02\/22-150x150.jpg",150,150,true],"full":["https:\/\/elregionaldigital.info\/wp-content\/uploads\/2026\/02\/22.jpg",900,599,false]},"categories_names":{"4":{"name":"Universidades","link":"https:\/\/elregionaldigital.info\/?cat=4"}},"tags_names":[],"comments_number":"0","wpmagazine_modules_lite_featured_media_urls":{"thumbnail":["https:\/\/elregionaldigital.info\/wp-content\/uploads\/2026\/02\/22-150x150.jpg",150,150,true],"cvmm-medium":["https:\/\/elregionaldigital.info\/wp-content\/uploads\/2026\/02\/22-300x300.jpg",300,300,true],"cvmm-medium-plus":["https:\/\/elregionaldigital.info\/wp-content\/uploads\/2026\/02\/22-305x207.jpg",305,207,true],"cvmm-portrait":["https:\/\/elregionaldigital.info\/wp-content\/uploads\/2026\/02\/22-400x599.jpg",400,599,true],"cvmm-medium-square":["https:\/\/elregionaldigital.info\/wp-content\/uploads\/2026\/02\/22-600x599.jpg",600,599,true],"cvmm-large":["https:\/\/elregionaldigital.info\/wp-content\/uploads\/2026\/02\/22.jpg",900,599,false],"cvmm-small":["https:\/\/elregionaldigital.info\/wp-content\/uploads\/2026\/02\/22-130x95.jpg",130,95,true],"full":["https:\/\/elregionaldigital.info\/wp-content\/uploads\/2026\/02\/22.jpg",900,599,false]},"_links":{"self":[{"href":"https:\/\/elregionaldigital.info\/index.php?rest_route=\/wp\/v2\/posts\/6276","targetHints":{"allow":["GET"]}}],"collection":[{"href":"https:\/\/elregionaldigital.info\/index.php?rest_route=\/wp\/v2\/posts"}],"about":[{"href":"https:\/\/elregionaldigital.info\/index.php?rest_route=\/wp\/v2\/types\/post"}],"author":[{"embeddable":true,"href":"https:\/\/elregionaldigital.info\/index.php?rest_route=\/wp\/v2\/users\/1"}],"replies":[{"embeddable":true,"href":"https:\/\/elregionaldigital.info\/index.php?rest_route=%2Fwp%2Fv2%2Fcomments&post=6276"}],"version-history":[{"count":1,"href":"https:\/\/elregionaldigital.info\/index.php?rest_route=\/wp\/v2\/posts\/6276\/revisions"}],"predecessor-version":[{"id":6278,"href":"https:\/\/elregionaldigital.info\/index.php?rest_route=\/wp\/v2\/posts\/6276\/revisions\/6278"}],"wp:featuredmedia":[{"embeddable":true,"href":"https:\/\/elregionaldigital.info\/index.php?rest_route=\/wp\/v2\/media\/6277"}],"wp:attachment":[{"href":"https:\/\/elregionaldigital.info\/index.php?rest_route=%2Fwp%2Fv2%2Fmedia&parent=6276"}],"wp:term":[{"taxonomy":"category","embeddable":true,"href":"https:\/\/elregionaldigital.info\/index.php?rest_route=%2Fwp%2Fv2%2Fcategories&post=6276"},{"taxonomy":"post_tag","embeddable":true,"href":"https:\/\/elregionaldigital.info\/index.php?rest_route=%2Fwp%2Fv2%2Ftags&post=6276"}],"curies":[{"name":"wp","href":"https:\/\/api.w.org\/{rel}","templated":true}]}}