{"id":6267,"date":"2026-02-17T16:05:30","date_gmt":"2026-02-17T16:05:30","guid":{"rendered":"https:\/\/elregionaldigital.info\/?p=6267"},"modified":"2026-02-20T16:07:34","modified_gmt":"2026-02-20T16:07:34","slug":"shia-labeouf-es-acusado-de-agresion-durante-el-mardi-gras-en-nueva-orleans","status":"publish","type":"post","link":"https:\/\/elregionaldigital.info\/?p=6267","title":{"rendered":"Shia LaBeouf es acusado de agresi\u00f3n durante el Mardi Gras en Nueva Orleans"},"content":{"rendered":"\n<p>febrero 17, 2026<\/p>\n\n\n\n<p>El actor estadounidense&nbsp;<strong>Shia LaBeouf<\/strong>&nbsp;fue acusado este martes de dos cargos de agresi\u00f3n simple tras un altercado ocurrido la madrugada de este martes durante las celebraciones del&nbsp;<strong>Mardi Gras en Nueva Orleans,<\/strong>&nbsp;inform\u00f3 el&nbsp;<strong>Departamento de Polic\u00eda de Nueva Orleans.<\/strong><\/p>\n\n\n\n<p>El artista, reconocido por su trabajo en la saga \u201cTransformers\u201d, fue arrestado despu\u00e9s de recibir atenci\u00f3n m\u00e9dica por lesiones no especificadas.<\/p>\n\n\n\n<p>Seg\u00fan el comunicado de la polic\u00eda, los hechos ocurrieron alrededor de las 00:45 hora local en\u00a0<strong>Royal Street<\/strong>, una zona tur\u00edstica conocida por sus restaurantes, hoteles y comercios, cuando\u00a0<strong>LaBeouf<\/strong>\u00a0caus\u00f3 disturbios en un establecimiento no identificado y se torn\u00f3 \u201ccada vez m\u00e1s agresivo\u201d al ser retirado del lugar.<\/p>\n\n\n\n<p>De acuerdo con la versi\u00f3n oficial, una de las v\u00edctimas denunci\u00f3 haber sido golpeada varias veces con el pu\u00f1o cerrado por el actor.<\/p>\n\n\n\n<p>Posteriormente, tras abandonar el sitio y regresar con mayor agresividad,&nbsp;<strong>LaBeouf<\/strong>&nbsp;habr\u00eda vuelto a agredir a la misma persona en la parte superior del cuerpo y a otra en la nariz, antes de ser finalmente detenido por las autoridades.<\/p>\n\n\n\n<p><strong>Shia LaBeouf&nbsp;<\/strong>ha enfrentado previamente acusaciones por comportamiento violento, como en 2020, cuando la cantante&nbsp;<strong>FKA Twigs<\/strong>&nbsp;present\u00f3 una demanda en su contra por agresi\u00f3n sexual, caso que fue resuelto el verano pasado.<\/p>\n\n\n\n<figure class=\"wp-block-image size-large\"><img loading=\"lazy\" decoding=\"async\" width=\"1024\" height=\"576\" src=\"https:\/\/elregionaldigital.info\/wp-content\/uploads\/2026\/02\/image-19-1024x576.png\" alt=\"\" class=\"wp-image-6268\" srcset=\"https:\/\/elregionaldigital.info\/wp-content\/uploads\/2026\/02\/image-19-1024x576.png 1024w, https:\/\/elregionaldigital.info\/wp-content\/uploads\/2026\/02\/image-19-300x169.png 300w, https:\/\/elregionaldigital.info\/wp-content\/uploads\/2026\/02\/image-19-768x432.png 768w, https:\/\/elregionaldigital.info\/wp-content\/uploads\/2026\/02\/image-19-1536x864.png 1536w, https:\/\/elregionaldigital.info\/wp-content\/uploads\/2026\/02\/image-19.png 1920w\" sizes=\"auto, (max-width: 1024px) 100vw, 1024px\" \/><\/figure>\n","protected":false},"excerpt":{"rendered":"<p>febrero 17, 2026 El actor estadounidense&nbsp;Shia LaBeouf&nbsp;fue acusado este martes de dos cargos de agresi\u00f3n simple tras un altercado ocurrido la madrugada de este martes durante las celebraciones del&nbsp;Mardi Gras en Nueva Orleans,&nbsp;inform\u00f3 el&nbsp;Departamento de Polic\u00eda de Nueva Orleans. El artista, reconocido por su trabajo en la saga \u201cTransformers\u201d, fue arrestado despu\u00e9s de recibir atenci\u00f3n [&hellip;]<\/p>\n","protected":false},"author":1,"featured_media":6268,"comment_status":"open","ping_status":"open","sticky":false,"template":"","format":"standard","meta":{"footnotes":""},"categories":[3],"tags":[],"class_list":["post-6267","post","type-post","status-publish","format-standard","has-post-thumbnail","hentry","category-entretenimiento"],"blog_post_layout_featured_media_urls":{"thumbnail":["https:\/\/elregionaldigital.info\/wp-content\/uploads\/2026\/02\/image-19-150x150.png",150,150,true],"full":["https:\/\/elregionaldigital.info\/wp-content\/uploads\/2026\/02\/image-19.png",1920,1080,false]},"categories_names":{"3":{"name":"Entretenimiento","link":"https:\/\/elregionaldigital.info\/?cat=3"}},"tags_names":[],"comments_number":"0","wpmagazine_modules_lite_featured_media_urls":{"thumbnail":["https:\/\/elregionaldigital.info\/wp-content\/uploads\/2026\/02\/image-19-150x150.png",150,150,true],"cvmm-medium":["https:\/\/elregionaldigital.info\/wp-content\/uploads\/2026\/02\/image-19-300x300.png",300,300,true],"cvmm-medium-plus":["https:\/\/elregionaldigital.info\/wp-content\/uploads\/2026\/02\/image-19-305x207.png",305,207,true],"cvmm-portrait":["https:\/\/elregionaldigital.info\/wp-content\/uploads\/2026\/02\/image-19-400x600.png",400,600,true],"cvmm-medium-square":["https:\/\/elregionaldigital.info\/wp-content\/uploads\/2026\/02\/image-19-600x600.png",600,600,true],"cvmm-large":["https:\/\/elregionaldigital.info\/wp-content\/uploads\/2026\/02\/image-19-1024x1024.png",1024,1024,true],"cvmm-small":["https:\/\/elregionaldigital.info\/wp-content\/uploads\/2026\/02\/image-19-130x95.png",130,95,true],"full":["https:\/\/elregionaldigital.info\/wp-content\/uploads\/2026\/02\/image-19.png",1920,1080,false]},"_links":{"self":[{"href":"https:\/\/elregionaldigital.info\/index.php?rest_route=\/wp\/v2\/posts\/6267","targetHints":{"allow":["GET"]}}],"collection":[{"href":"https:\/\/elregionaldigital.info\/index.php?rest_route=\/wp\/v2\/posts"}],"about":[{"href":"https:\/\/elregionaldigital.info\/index.php?rest_route=\/wp\/v2\/types\/post"}],"author":[{"embeddable":true,"href":"https:\/\/elregionaldigital.info\/index.php?rest_route=\/wp\/v2\/users\/1"}],"replies":[{"embeddable":true,"href":"https:\/\/elregionaldigital.info\/index.php?rest_route=%2Fwp%2Fv2%2Fcomments&post=6267"}],"version-history":[{"count":1,"href":"https:\/\/elregionaldigital.info\/index.php?rest_route=\/wp\/v2\/posts\/6267\/revisions"}],"predecessor-version":[{"id":6269,"href":"https:\/\/elregionaldigital.info\/index.php?rest_route=\/wp\/v2\/posts\/6267\/revisions\/6269"}],"wp:featuredmedia":[{"embeddable":true,"href":"https:\/\/elregionaldigital.info\/index.php?rest_route=\/wp\/v2\/media\/6268"}],"wp:attachment":[{"href":"https:\/\/elregionaldigital.info\/index.php?rest_route=%2Fwp%2Fv2%2Fmedia&parent=6267"}],"wp:term":[{"taxonomy":"category","embeddable":true,"href":"https:\/\/elregionaldigital.info\/index.php?rest_route=%2Fwp%2Fv2%2Fcategories&post=6267"},{"taxonomy":"post_tag","embeddable":true,"href":"https:\/\/elregionaldigital.info\/index.php?rest_route=%2Fwp%2Fv2%2Ftags&post=6267"}],"curies":[{"name":"wp","href":"https:\/\/api.w.org\/{rel}","templated":true}]}}