{"id":6264,"date":"2026-02-18T16:03:37","date_gmt":"2026-02-18T16:03:37","guid":{"rendered":"https:\/\/elregionaldigital.info\/?p=6264"},"modified":"2026-02-20T16:05:27","modified_gmt":"2026-02-20T16:05:27","slug":"shakira-sorprende-a-sus-seguidores-felicitando-en-mandarin-el-ano-nuevo-chino","status":"publish","type":"post","link":"https:\/\/elregionaldigital.info\/?p=6264","title":{"rendered":"Shakira sorprende a sus seguidores felicitando en mandar\u00edn el A\u00f1o Nuevo chino"},"content":{"rendered":"\n<p>febrero 18, 2026<\/p>\n\n\n\n<p><strong>Shakira<\/strong>&nbsp;sorprendi\u00f3 a sus seguidores de&nbsp;<strong>China<\/strong>&nbsp;al publicar un video en el que les env\u00eda un saludo en mandar\u00edn para felicitar el&nbsp;<strong>A\u00f1o Nuevo chino<\/strong>, en un gesto que reafirma su alcance global en medio de la etapa final de su gira internacional \u2018<strong>Las Mujeres Ya No Lloran World Tour\u2019.<\/strong><\/p>\n\n\n\n<blockquote class=\"wp-block-quote is-layout-flow wp-block-quote-is-layout-flow\">\n<p>\u201cHola China, feliz A\u00f1o Nuevo chino, espero verles pronto en China. Les quiero mucho, besos\u201d, dijo la artista de Barranquilla en el video difundido en sus redes sociales, donde pronunci\u00f3 el mensaje en mandar\u00edn.<\/p>\n<\/blockquote>\n\n\n\n<p>El saludo llam\u00f3 la atenci\u00f3n de sus seguidores asi\u00e1ticos porque, aunque expres\u00f3 su deseo de visitar el pa\u00eds, la cantante no tiene por ahora fechas programadas en&nbsp;<strong>China<\/strong>&nbsp;dentro de su actual gira, que comenz\u00f3 en febrero de 2025 y que est\u00e1 previsto que concluya este mes tras cerca de un centenar de conciertos en Am\u00e9rica y otras regiones.<\/p>\n\n\n\n<p>Adem\u00e1s de su lengua materna, el espa\u00f1ol,&nbsp;<strong>Shakira<\/strong>&nbsp;ha demostrado a lo largo de su carrera su facilidad para comunicarse en varios idiomas, entre ellos&nbsp;<strong>ingl\u00e9s, portugu\u00e9s, franc\u00e9s, italiano, catal\u00e1n y \u00e1rabe<\/strong>, lo que ha contribuido a consolidar su perfil como una de las artistas latinas con mayor impacto internacional.<\/p>\n\n\n\n<p>El mensaje llega en un momento especialmente significativo en su trayectoria, pues a sus 48 a\u00f1os, la cantante atraviesa uno de los periodos m\u00e1s exitosos de su carrera reciente gracias a \u2018<strong>Las Mujeres Ya No Lloran World Tour\u2019,<\/strong>&nbsp;su primera gira en siete a\u00f1os y la m\u00e1s ambiciosa de su trayectoria.<\/p>\n\n\n\n<p>El espect\u00e1culo, que comenz\u00f3 hace un a\u00f1o en&nbsp;<strong>R\u00edo de Janeiro<\/strong>, se convirti\u00f3 en la gira latina m\u00e1s exitosa de 2025, con m\u00e1s de 3.8 millones de espectadores hasta diciembre, y consolid\u00f3 a la colombiana como un fen\u00f3meno cultural y econ\u00f3mico capaz de llenar estadios en pa\u00edses como&nbsp;<strong>Colombia, M\u00e9xico, Chile o Ecuador.<\/strong><\/p>\n\n\n\n<p>En su pa\u00eds natal, por ejemplo, agot\u00f3 entradas en&nbsp;<strong>Bogot\u00e1, Barranquilla, Medell\u00edn y Cali<\/strong>, con conciertos que generaron millones de d\u00f3lares en impacto econ\u00f3mico y movilizaron a miles de seguidores dentro y fuera de las ciudades.<\/p>\n\n\n\n<figure class=\"wp-block-image size-large\"><img loading=\"lazy\" decoding=\"async\" width=\"1024\" height=\"683\" src=\"https:\/\/elregionaldigital.info\/wp-content\/uploads\/2026\/02\/image-18-1024x683.png\" alt=\"\" class=\"wp-image-6265\" srcset=\"https:\/\/elregionaldigital.info\/wp-content\/uploads\/2026\/02\/image-18-1024x683.png 1024w, https:\/\/elregionaldigital.info\/wp-content\/uploads\/2026\/02\/image-18-300x200.png 300w, https:\/\/elregionaldigital.info\/wp-content\/uploads\/2026\/02\/image-18-768x512.png 768w, https:\/\/elregionaldigital.info\/wp-content\/uploads\/2026\/02\/image-18-1536x1024.png 1536w, https:\/\/elregionaldigital.info\/wp-content\/uploads\/2026\/02\/image-18.png 1920w\" sizes=\"auto, (max-width: 1024px) 100vw, 1024px\" \/><\/figure>\n","protected":false},"excerpt":{"rendered":"<p>febrero 18, 2026 Shakira&nbsp;sorprendi\u00f3 a sus seguidores de&nbsp;China&nbsp;al publicar un video en el que les env\u00eda un saludo en mandar\u00edn para felicitar el&nbsp;A\u00f1o Nuevo chino, en un gesto que reafirma su alcance global en medio de la etapa final de su gira internacional \u2018Las Mujeres Ya No Lloran World Tour\u2019. \u201cHola China, feliz A\u00f1o Nuevo [&hellip;]<\/p>\n","protected":false},"author":1,"featured_media":6265,"comment_status":"open","ping_status":"open","sticky":false,"template":"","format":"standard","meta":{"footnotes":""},"categories":[3],"tags":[],"class_list":["post-6264","post","type-post","status-publish","format-standard","has-post-thumbnail","hentry","category-entretenimiento"],"blog_post_layout_featured_media_urls":{"thumbnail":["https:\/\/elregionaldigital.info\/wp-content\/uploads\/2026\/02\/image-18-150x150.png",150,150,true],"full":["https:\/\/elregionaldigital.info\/wp-content\/uploads\/2026\/02\/image-18.png",1920,1280,false]},"categories_names":{"3":{"name":"Entretenimiento","link":"https:\/\/elregionaldigital.info\/?cat=3"}},"tags_names":[],"comments_number":"0","wpmagazine_modules_lite_featured_media_urls":{"thumbnail":["https:\/\/elregionaldigital.info\/wp-content\/uploads\/2026\/02\/image-18-150x150.png",150,150,true],"cvmm-medium":["https:\/\/elregionaldigital.info\/wp-content\/uploads\/2026\/02\/image-18-300x300.png",300,300,true],"cvmm-medium-plus":["https:\/\/elregionaldigital.info\/wp-content\/uploads\/2026\/02\/image-18-305x207.png",305,207,true],"cvmm-portrait":["https:\/\/elregionaldigital.info\/wp-content\/uploads\/2026\/02\/image-18-400x600.png",400,600,true],"cvmm-medium-square":["https:\/\/elregionaldigital.info\/wp-content\/uploads\/2026\/02\/image-18-600x600.png",600,600,true],"cvmm-large":["https:\/\/elregionaldigital.info\/wp-content\/uploads\/2026\/02\/image-18-1024x1024.png",1024,1024,true],"cvmm-small":["https:\/\/elregionaldigital.info\/wp-content\/uploads\/2026\/02\/image-18-130x95.png",130,95,true],"full":["https:\/\/elregionaldigital.info\/wp-content\/uploads\/2026\/02\/image-18.png",1920,1280,false]},"_links":{"self":[{"href":"https:\/\/elregionaldigital.info\/index.php?rest_route=\/wp\/v2\/posts\/6264","targetHints":{"allow":["GET"]}}],"collection":[{"href":"https:\/\/elregionaldigital.info\/index.php?rest_route=\/wp\/v2\/posts"}],"about":[{"href":"https:\/\/elregionaldigital.info\/index.php?rest_route=\/wp\/v2\/types\/post"}],"author":[{"embeddable":true,"href":"https:\/\/elregionaldigital.info\/index.php?rest_route=\/wp\/v2\/users\/1"}],"replies":[{"embeddable":true,"href":"https:\/\/elregionaldigital.info\/index.php?rest_route=%2Fwp%2Fv2%2Fcomments&post=6264"}],"version-history":[{"count":1,"href":"https:\/\/elregionaldigital.info\/index.php?rest_route=\/wp\/v2\/posts\/6264\/revisions"}],"predecessor-version":[{"id":6266,"href":"https:\/\/elregionaldigital.info\/index.php?rest_route=\/wp\/v2\/posts\/6264\/revisions\/6266"}],"wp:featuredmedia":[{"embeddable":true,"href":"https:\/\/elregionaldigital.info\/index.php?rest_route=\/wp\/v2\/media\/6265"}],"wp:attachment":[{"href":"https:\/\/elregionaldigital.info\/index.php?rest_route=%2Fwp%2Fv2%2Fmedia&parent=6264"}],"wp:term":[{"taxonomy":"category","embeddable":true,"href":"https:\/\/elregionaldigital.info\/index.php?rest_route=%2Fwp%2Fv2%2Fcategories&post=6264"},{"taxonomy":"post_tag","embeddable":true,"href":"https:\/\/elregionaldigital.info\/index.php?rest_route=%2Fwp%2Fv2%2Ftags&post=6264"}],"curies":[{"name":"wp","href":"https:\/\/api.w.org\/{rel}","templated":true}]}}