{"id":6261,"date":"2026-02-20T16:03:21","date_gmt":"2026-02-20T16:03:21","guid":{"rendered":"https:\/\/elregionaldigital.info\/?p=6261"},"modified":"2026-02-20T16:03:22","modified_gmt":"2026-02-20T16:03:22","slug":"el-mono-punch-y-su-inseparable-peluche-conquistan-japon-y-las-redes-sociales","status":"publish","type":"post","link":"https:\/\/elregionaldigital.info\/?p=6261","title":{"rendered":"El mono Punch y su inseparable peluche conquistan Jap\u00f3n y las redes sociales"},"content":{"rendered":"\n<p>febrero 20, 2026<\/p>\n\n\n\n<p>Un\u00a0<strong>peque\u00f1o mono abandonado<\/strong>\u00a0al nacer en el zool\u00f3gico de\u00a0<strong>Ichikawa, Jap\u00f3n<\/strong>, y que desde entonces no se separa de un\u00a0<strong>peluche<\/strong>\u00a0que se ha convertido en una madre improvisada, ha\u00a0<strong>conquistado<\/strong>\u00a0la atenci\u00f3n del p\u00fablico d<strong>el pa\u00eds asi\u00e1tico<\/strong>\u00a0y de las\u00a0<strong>redes sociales<\/strong>.<\/p>\n\n\n\n<p><strong>Punch<\/strong>, de tan solo siete meses, se ha convertido en el protagonista del recinto despu\u00e9s de que su imagen diera la vuelta al mundo, dijo a EFE un portavoz del centro, Takashi Yasunaga, y cada d\u00eda miles de personas se acercan al zoo a seguir su d\u00eda a d\u00eda.<\/p>\n\n\n\n<p>Punch fue criado por el personal del zoo tras ser rechazado por su madre al nacer en julio del a\u00f1o pasado, algo que ocurre ocasionalmente en esta especie, y que seg\u00fan Yasunaga en el caso del peque\u00f1o mono podr\u00eda deberse a la inexperiencia de su progenitora y a las altas temperaturas.<\/p>\n\n\n\n<h3 class=\"wp-block-heading\">Una madre de felpa<\/h3>\n\n\n\n<p>\u201cLos beb\u00e9s de macaco japon\u00e9s se suelen agarrar a sus madres o a otros ejemplares para sentirse seguros\u201d, explic\u00f3 Yasunaga, por lo que sus cuidadoras acabaron confi\u00e1ndole un peluche de orangut\u00e1n naranja que se ha convertido en un fiel sustituto materno.<\/p>\n\n\n\n<p>Primero probaron con toallas para que el animal tuviera un punto de apoyo, pero la cr\u00eda termin\u00f3 por aferrarse a un llamativo peluche. Desde entonces, seg\u00fan el portavoz de este zoo situado en la periferia tokiota, el peque\u00f1o duerme abrazado a este sustituto improvisado.<\/p>\n\n\n\n<p>Camina, come y juega durante el d\u00eda pegado al juguete cuando su entorno le resulta algo abrumador, sin por tanto estar aislado por completo del grupo de macacos en el zoo, formado por otros 56 ejemplares.<\/p>\n\n\n\n<p>Varios v\u00eddeos compartidos en las redes sociales, y que se volvieron r\u00e1pidamente virales, mostraron a Punch intimidado con los otros ejemplares de su especie poco despu\u00e9s de ser reintroducido al grupo el pasado enero.<\/p>\n\n\n\n<p>El pasado 5 de febrero, el zool\u00f3gico present\u00f3 oficialmente al animal en su cuenta de X, recibiendo miles de mensajes en la red social animando al joven primate.<\/p>\n\n\n\n<p>Como resultado, un total de ocho mil personas visitaron el recinto el pasado fin de semana. \u201cEl doble de lo normal para esta \u00e9poca\u201d, dijo Yasunaga, quien subray\u00f3 que hoy, pese a ser d\u00eda laborable, la zona registra una afluencia inusual con \u201cvarias filas de gente\u201d.<\/p>\n\n\n\n<h3 class=\"wp-block-heading\">Camino a la independencia<\/h3>\n\n\n\n<p>El mono Punch, que ya ronda los dos kilos, contin\u00faa recibiendo alimentaci\u00f3n por parte de los cuidadores, que poco a poco van integrando m\u00e1s al animal con el resto de miembros del grupo.<\/p>\n\n\n\n<p>\u201cPunch est\u00e1 mejorando su interacci\u00f3n con la manada. Le acicalan, intenta molestar a los dem\u00e1s, le rega\u00f1an. Aprende d\u00eda a d\u00eda a vivir como un mono dentro de la manada\u201d, explican los miembros del zool\u00f3gico a trav\u00e9s de su red social X, en un tweet que ya acumula cuatro millones de visualizaciones.<\/p>\n\n\n\n<p>Bajo hashtags como #AnimoPunch, las redes contin\u00faan animando al peque\u00f1o mientras consigue integrarse en el grupo, no sin olvidarse de su inseparable compa\u00f1ero.<\/p>\n\n\n\n<figure class=\"wp-block-image size-large\"><img loading=\"lazy\" decoding=\"async\" width=\"1024\" height=\"848\" src=\"https:\/\/elregionaldigital.info\/wp-content\/uploads\/2026\/02\/image-17-1024x848.png\" alt=\"\" class=\"wp-image-6262\" srcset=\"https:\/\/elregionaldigital.info\/wp-content\/uploads\/2026\/02\/image-17-1024x848.png 1024w, https:\/\/elregionaldigital.info\/wp-content\/uploads\/2026\/02\/image-17-300x248.png 300w, https:\/\/elregionaldigital.info\/wp-content\/uploads\/2026\/02\/image-17-768x636.png 768w, https:\/\/elregionaldigital.info\/wp-content\/uploads\/2026\/02\/image-17-1536x1272.png 1536w, https:\/\/elregionaldigital.info\/wp-content\/uploads\/2026\/02\/image-17.png 1920w\" sizes=\"auto, (max-width: 1024px) 100vw, 1024px\" \/><\/figure>\n","protected":false},"excerpt":{"rendered":"<p>febrero 20, 2026 Un\u00a0peque\u00f1o mono abandonado\u00a0al nacer en el zool\u00f3gico de\u00a0Ichikawa, Jap\u00f3n, y que desde entonces no se separa de un\u00a0peluche\u00a0que se ha convertido en una madre improvisada, ha\u00a0conquistado\u00a0la atenci\u00f3n del p\u00fablico del pa\u00eds asi\u00e1tico\u00a0y de las\u00a0redes sociales. Punch, de tan solo siete meses, se ha convertido en el protagonista del recinto despu\u00e9s de que [&hellip;]<\/p>\n","protected":false},"author":1,"featured_media":6262,"comment_status":"open","ping_status":"open","sticky":false,"template":"","format":"standard","meta":{"footnotes":""},"categories":[11],"tags":[],"class_list":["post-6261","post","type-post","status-publish","format-standard","has-post-thumbnail","hentry","category-mundo"],"blog_post_layout_featured_media_urls":{"thumbnail":["https:\/\/elregionaldigital.info\/wp-content\/uploads\/2026\/02\/image-17-150x150.png",150,150,true],"full":["https:\/\/elregionaldigital.info\/wp-content\/uploads\/2026\/02\/image-17.png",1920,1590,false]},"categories_names":{"11":{"name":"Mundo","link":"https:\/\/elregionaldigital.info\/?cat=11"}},"tags_names":[],"comments_number":"0","wpmagazine_modules_lite_featured_media_urls":{"thumbnail":["https:\/\/elregionaldigital.info\/wp-content\/uploads\/2026\/02\/image-17-150x150.png",150,150,true],"cvmm-medium":["https:\/\/elregionaldigital.info\/wp-content\/uploads\/2026\/02\/image-17-300x300.png",300,300,true],"cvmm-medium-plus":["https:\/\/elregionaldigital.info\/wp-content\/uploads\/2026\/02\/image-17-305x207.png",305,207,true],"cvmm-portrait":["https:\/\/elregionaldigital.info\/wp-content\/uploads\/2026\/02\/image-17-400x600.png",400,600,true],"cvmm-medium-square":["https:\/\/elregionaldigital.info\/wp-content\/uploads\/2026\/02\/image-17-600x600.png",600,600,true],"cvmm-large":["https:\/\/elregionaldigital.info\/wp-content\/uploads\/2026\/02\/image-17-1024x1024.png",1024,1024,true],"cvmm-small":["https:\/\/elregionaldigital.info\/wp-content\/uploads\/2026\/02\/image-17-130x95.png",130,95,true],"full":["https:\/\/elregionaldigital.info\/wp-content\/uploads\/2026\/02\/image-17.png",1920,1590,false]},"_links":{"self":[{"href":"https:\/\/elregionaldigital.info\/index.php?rest_route=\/wp\/v2\/posts\/6261","targetHints":{"allow":["GET"]}}],"collection":[{"href":"https:\/\/elregionaldigital.info\/index.php?rest_route=\/wp\/v2\/posts"}],"about":[{"href":"https:\/\/elregionaldigital.info\/index.php?rest_route=\/wp\/v2\/types\/post"}],"author":[{"embeddable":true,"href":"https:\/\/elregionaldigital.info\/index.php?rest_route=\/wp\/v2\/users\/1"}],"replies":[{"embeddable":true,"href":"https:\/\/elregionaldigital.info\/index.php?rest_route=%2Fwp%2Fv2%2Fcomments&post=6261"}],"version-history":[{"count":1,"href":"https:\/\/elregionaldigital.info\/index.php?rest_route=\/wp\/v2\/posts\/6261\/revisions"}],"predecessor-version":[{"id":6263,"href":"https:\/\/elregionaldigital.info\/index.php?rest_route=\/wp\/v2\/posts\/6261\/revisions\/6263"}],"wp:featuredmedia":[{"embeddable":true,"href":"https:\/\/elregionaldigital.info\/index.php?rest_route=\/wp\/v2\/media\/6262"}],"wp:attachment":[{"href":"https:\/\/elregionaldigital.info\/index.php?rest_route=%2Fwp%2Fv2%2Fmedia&parent=6261"}],"wp:term":[{"taxonomy":"category","embeddable":true,"href":"https:\/\/elregionaldigital.info\/index.php?rest_route=%2Fwp%2Fv2%2Fcategories&post=6261"},{"taxonomy":"post_tag","embeddable":true,"href":"https:\/\/elregionaldigital.info\/index.php?rest_route=%2Fwp%2Fv2%2Ftags&post=6261"}],"curies":[{"name":"wp","href":"https:\/\/api.w.org\/{rel}","templated":true}]}}