{"id":626,"date":"2022-10-17T04:20:00","date_gmt":"2022-10-17T04:20:00","guid":{"rendered":"http:\/\/elregionaldigital.info\/?p=626"},"modified":"2022-10-18T04:22:55","modified_gmt":"2022-10-18T04:22:55","slug":"supervisa-alcalde-de-valle-hermoso-obra-de-pavimentacion","status":"publish","type":"post","link":"https:\/\/elregionaldigital.info\/?p=626","title":{"rendered":"SUPERVISA ALCALDE DE VALLE HERMOSO, OBRA DE PAVIMENTACI\u00d3N."},"content":{"rendered":"\n<figure class=\"wp-block-image size-large\"><img loading=\"lazy\" decoding=\"async\" width=\"1024\" height=\"682\" src=\"http:\/\/elregionaldigital.info\/wp-content\/uploads\/2022\/10\/01-PAVIMENTACION-CALLE-1A-Y-DAMAS--1024x682.jpg\" alt=\"\" class=\"wp-image-627\" srcset=\"https:\/\/elregionaldigital.info\/wp-content\/uploads\/2022\/10\/01-PAVIMENTACION-CALLE-1A-Y-DAMAS--1024x682.jpg 1024w, https:\/\/elregionaldigital.info\/wp-content\/uploads\/2022\/10\/01-PAVIMENTACION-CALLE-1A-Y-DAMAS--300x200.jpg 300w, https:\/\/elregionaldigital.info\/wp-content\/uploads\/2022\/10\/01-PAVIMENTACION-CALLE-1A-Y-DAMAS--768x512.jpg 768w, https:\/\/elregionaldigital.info\/wp-content\/uploads\/2022\/10\/01-PAVIMENTACION-CALLE-1A-Y-DAMAS-.jpg 1280w\" sizes=\"auto, (max-width: 1024px) 100vw, 1024px\" \/><\/figure>\n\n\n\n<p>Cd. Valle Hermoso, Tam. \u2013 Ante los trabajos de mejoramiento y repavimentaci\u00f3n de vialidades, que se llevan a cabo en distintas partes del municipio, el Presidente Municipal, Dr. Alberto Alan\u00eds Villarreal, realiz\u00f3 la supervisi\u00f3n de la pavimentaci\u00f3n de la calle primera, entre carretera 82 y las damas, ubicada en la zona centro de la ciudad.<\/p>\n\n\n\n<p>Fue la tarde de este d\u00eda, cuando el jefe de la comuna, acompa\u00f1ado del Director de Obras P\u00fablicas del Municipio, supervisaron los trabajos que se realizan en la mencionada vialidad, pues cabe mencionar que, en d\u00edas anteriores, se llev\u00f3 a cabo la compactaci\u00f3n del suelo, as\u00ed como la aplicaci\u00f3n de Sulfato de Calcio con la finalidad de tener una preparaci\u00f3n adecuada del suelo, para que esta obra, tenga una prolongada durabilidad.<\/p>\n\n\n\n<p>El edil manifest\u00f3 que, esta obra, es gracias al pago del impuesto predial, que los contribuyentes han realizado en la tesorer\u00eda municipal, mencionando que, se ha visto una muy buena respuesta debido al visible progreso que la ciudad ha tenido en distintos rubros, como lo es infraestructura, alumbrado, limpieza y obra p\u00fablica, por mencionar algunos, motivo por lo que la actual administraci\u00f3n, est\u00e1 haciendo un buen uso, de los recursos p\u00fablicos, generando confianza en la poblaci\u00f3n vallehermosense.<\/p>\n\n\n\n<p>Por \u00faltimo, el Dr. Alan\u00eds, dijo que continuar\u00e1n estas acciones, no solo en la zona centro, sino en los accesos y calles de colonias populares, contribuyendo as\u00ed al bienestar de las familias de Valle Hermoso, pues es evidente que, en esta ciudad, se est\u00e1, Retomando el Progreso.<\/p>\n","protected":false},"excerpt":{"rendered":"<p>Cd. Valle Hermoso, Tam. \u2013 Ante los trabajos de mejoramiento y repavimentaci\u00f3n de vialidades, que se llevan a cabo en distintas partes del municipio, el Presidente Municipal, Dr. Alberto Alan\u00eds Villarreal, realiz\u00f3 la supervisi\u00f3n de la pavimentaci\u00f3n de la calle primera, entre carretera 82 y las damas, ubicada en la zona centro de la ciudad. [&hellip;]<\/p>\n","protected":false},"author":1,"featured_media":627,"comment_status":"open","ping_status":"open","sticky":false,"template":"","format":"standard","meta":{"footnotes":""},"categories":[2],"tags":[],"class_list":["post-626","post","type-post","status-publish","format-standard","has-post-thumbnail","hentry","category-tamaulipas"],"blog_post_layout_featured_media_urls":{"thumbnail":["https:\/\/elregionaldigital.info\/wp-content\/uploads\/2022\/10\/01-PAVIMENTACION-CALLE-1A-Y-DAMAS--150x150.jpg",150,150,true],"full":["https:\/\/elregionaldigital.info\/wp-content\/uploads\/2022\/10\/01-PAVIMENTACION-CALLE-1A-Y-DAMAS-.jpg",1280,853,false]},"categories_names":{"2":{"name":"Tamaulipas","link":"https:\/\/elregionaldigital.info\/?cat=2"}},"tags_names":[],"comments_number":"0","wpmagazine_modules_lite_featured_media_urls":{"thumbnail":["https:\/\/elregionaldigital.info\/wp-content\/uploads\/2022\/10\/01-PAVIMENTACION-CALLE-1A-Y-DAMAS--150x150.jpg",150,150,true],"cvmm-medium":["https:\/\/elregionaldigital.info\/wp-content\/uploads\/2022\/10\/01-PAVIMENTACION-CALLE-1A-Y-DAMAS--300x300.jpg",300,300,true],"cvmm-medium-plus":["https:\/\/elregionaldigital.info\/wp-content\/uploads\/2022\/10\/01-PAVIMENTACION-CALLE-1A-Y-DAMAS--305x207.jpg",305,207,true],"cvmm-portrait":["https:\/\/elregionaldigital.info\/wp-content\/uploads\/2022\/10\/01-PAVIMENTACION-CALLE-1A-Y-DAMAS--400x600.jpg",400,600,true],"cvmm-medium-square":["https:\/\/elregionaldigital.info\/wp-content\/uploads\/2022\/10\/01-PAVIMENTACION-CALLE-1A-Y-DAMAS--600x600.jpg",600,600,true],"cvmm-large":["https:\/\/elregionaldigital.info\/wp-content\/uploads\/2022\/10\/01-PAVIMENTACION-CALLE-1A-Y-DAMAS--1024x853.jpg",1024,853,true],"cvmm-small":["https:\/\/elregionaldigital.info\/wp-content\/uploads\/2022\/10\/01-PAVIMENTACION-CALLE-1A-Y-DAMAS--130x95.jpg",130,95,true],"full":["https:\/\/elregionaldigital.info\/wp-content\/uploads\/2022\/10\/01-PAVIMENTACION-CALLE-1A-Y-DAMAS-.jpg",1280,853,false]},"_links":{"self":[{"href":"https:\/\/elregionaldigital.info\/index.php?rest_route=\/wp\/v2\/posts\/626","targetHints":{"allow":["GET"]}}],"collection":[{"href":"https:\/\/elregionaldigital.info\/index.php?rest_route=\/wp\/v2\/posts"}],"about":[{"href":"https:\/\/elregionaldigital.info\/index.php?rest_route=\/wp\/v2\/types\/post"}],"author":[{"embeddable":true,"href":"https:\/\/elregionaldigital.info\/index.php?rest_route=\/wp\/v2\/users\/1"}],"replies":[{"embeddable":true,"href":"https:\/\/elregionaldigital.info\/index.php?rest_route=%2Fwp%2Fv2%2Fcomments&post=626"}],"version-history":[{"count":1,"href":"https:\/\/elregionaldigital.info\/index.php?rest_route=\/wp\/v2\/posts\/626\/revisions"}],"predecessor-version":[{"id":628,"href":"https:\/\/elregionaldigital.info\/index.php?rest_route=\/wp\/v2\/posts\/626\/revisions\/628"}],"wp:featuredmedia":[{"embeddable":true,"href":"https:\/\/elregionaldigital.info\/index.php?rest_route=\/wp\/v2\/media\/627"}],"wp:attachment":[{"href":"https:\/\/elregionaldigital.info\/index.php?rest_route=%2Fwp%2Fv2%2Fmedia&parent=626"}],"wp:term":[{"taxonomy":"category","embeddable":true,"href":"https:\/\/elregionaldigital.info\/index.php?rest_route=%2Fwp%2Fv2%2Fcategories&post=626"},{"taxonomy":"post_tag","embeddable":true,"href":"https:\/\/elregionaldigital.info\/index.php?rest_route=%2Fwp%2Fv2%2Ftags&post=626"}],"curies":[{"name":"wp","href":"https:\/\/api.w.org\/{rel}","templated":true}]}}