{"id":6252,"date":"2026-02-19T15:55:20","date_gmt":"2026-02-19T15:55:20","guid":{"rendered":"https:\/\/elregionaldigital.info\/?p=6252"},"modified":"2026-02-20T15:56:33","modified_gmt":"2026-02-20T15:56:33","slug":"ataque-armado-en-transporte-publico-de-acapulco-deja-dos-muertos-cerca-de-plantel-escolar","status":"publish","type":"post","link":"https:\/\/elregionaldigital.info\/?p=6252","title":{"rendered":"Ataque armado en transporte p\u00fablico de Acapulco deja dos muertos cerca de plantel escolar"},"content":{"rendered":"\n<p>febrero 19, 2026<\/p>\n\n\n\n<p>Se registr\u00f3 un ataque armado contra una unidad de transporte p\u00fablico en Acapulco, Guerrero, cerca del&nbsp;<strong>Colegio de Bachilleres plantel 2.<\/strong>&nbsp;El hecho dej\u00f3 dos personas muertas: el conductor del veh\u00edculo y una adolescente de 16 a\u00f1os, identificada como&nbsp;<strong>Melany Gissel Bravo Leyva<\/strong>.<\/p>\n\n\n\n<blockquote class=\"wp-block-quote is-layout-flow wp-block-quote-is-layout-flow\">\n<p>\u201cLas personas lesionadas fueron trasladadas a un hospital para su atenci\u00f3n m\u00e9dica; sin embargo, el adulto y una menor fallecieron posteriormente\u201d, indic\u00f3 la Fiscal\u00eda General del estado.<\/p>\n<\/blockquote>\n\n\n\n<p>El ataque habr\u00eda ocurrido durante un horario escolar, lo que gener\u00f3 p\u00e1nico entre la comunidad, alumnos y docentes; es por eso que las\u00a0<strong>clases fueron suspendidas en el colegio<\/strong>.<\/p>\n\n\n\n<p>La&nbsp;<strong>Fiscal\u00eda<\/strong>&nbsp;comenz\u00f3 con las primeras diligencias ministeriales, as\u00ed como el procesamiento del sitio que permita obtener datos para esclarecer lo ocurrido e identificar a los probables responsables.<\/p>\n\n\n\n<p>La dependencia dijo que continuar\u00e1 con las investigaciones y proporcionar\u00e1 informaci\u00f3n oficial conforme lo permitan las diligencias.<\/p>\n\n\n\n<figure class=\"wp-block-image size-large\"><img loading=\"lazy\" decoding=\"async\" width=\"1024\" height=\"550\" src=\"https:\/\/elregionaldigital.info\/wp-content\/uploads\/2026\/02\/image-15-1024x550.png\" alt=\"\" class=\"wp-image-6253\" srcset=\"https:\/\/elregionaldigital.info\/wp-content\/uploads\/2026\/02\/image-15-1024x550.png 1024w, https:\/\/elregionaldigital.info\/wp-content\/uploads\/2026\/02\/image-15-300x161.png 300w, https:\/\/elregionaldigital.info\/wp-content\/uploads\/2026\/02\/image-15-768x413.png 768w, https:\/\/elregionaldigital.info\/wp-content\/uploads\/2026\/02\/image-15.png 1200w\" sizes=\"auto, (max-width: 1024px) 100vw, 1024px\" \/><\/figure>\n\n\n\n<p><\/p>\n","protected":false},"excerpt":{"rendered":"<p>febrero 19, 2026 Se registr\u00f3 un ataque armado contra una unidad de transporte p\u00fablico en Acapulco, Guerrero, cerca del&nbsp;Colegio de Bachilleres plantel 2.&nbsp;El hecho dej\u00f3 dos personas muertas: el conductor del veh\u00edculo y una adolescente de 16 a\u00f1os, identificada como&nbsp;Melany Gissel Bravo Leyva. \u201cLas personas lesionadas fueron trasladadas a un hospital para su atenci\u00f3n m\u00e9dica; [&hellip;]<\/p>\n","protected":false},"author":1,"featured_media":6253,"comment_status":"open","ping_status":"open","sticky":false,"template":"","format":"standard","meta":{"footnotes":""},"categories":[5],"tags":[],"class_list":["post-6252","post","type-post","status-publish","format-standard","has-post-thumbnail","hentry","category-nacional"],"blog_post_layout_featured_media_urls":{"thumbnail":["https:\/\/elregionaldigital.info\/wp-content\/uploads\/2026\/02\/image-15-150x150.png",150,150,true],"full":["https:\/\/elregionaldigital.info\/wp-content\/uploads\/2026\/02\/image-15.png",1200,645,false]},"categories_names":{"5":{"name":"Nacional","link":"https:\/\/elregionaldigital.info\/?cat=5"}},"tags_names":[],"comments_number":"0","wpmagazine_modules_lite_featured_media_urls":{"thumbnail":["https:\/\/elregionaldigital.info\/wp-content\/uploads\/2026\/02\/image-15-150x150.png",150,150,true],"cvmm-medium":["https:\/\/elregionaldigital.info\/wp-content\/uploads\/2026\/02\/image-15-300x300.png",300,300,true],"cvmm-medium-plus":["https:\/\/elregionaldigital.info\/wp-content\/uploads\/2026\/02\/image-15-305x207.png",305,207,true],"cvmm-portrait":["https:\/\/elregionaldigital.info\/wp-content\/uploads\/2026\/02\/image-15-400x600.png",400,600,true],"cvmm-medium-square":["https:\/\/elregionaldigital.info\/wp-content\/uploads\/2026\/02\/image-15-600x600.png",600,600,true],"cvmm-large":["https:\/\/elregionaldigital.info\/wp-content\/uploads\/2026\/02\/image-15-1024x645.png",1024,645,true],"cvmm-small":["https:\/\/elregionaldigital.info\/wp-content\/uploads\/2026\/02\/image-15-130x95.png",130,95,true],"full":["https:\/\/elregionaldigital.info\/wp-content\/uploads\/2026\/02\/image-15.png",1200,645,false]},"_links":{"self":[{"href":"https:\/\/elregionaldigital.info\/index.php?rest_route=\/wp\/v2\/posts\/6252","targetHints":{"allow":["GET"]}}],"collection":[{"href":"https:\/\/elregionaldigital.info\/index.php?rest_route=\/wp\/v2\/posts"}],"about":[{"href":"https:\/\/elregionaldigital.info\/index.php?rest_route=\/wp\/v2\/types\/post"}],"author":[{"embeddable":true,"href":"https:\/\/elregionaldigital.info\/index.php?rest_route=\/wp\/v2\/users\/1"}],"replies":[{"embeddable":true,"href":"https:\/\/elregionaldigital.info\/index.php?rest_route=%2Fwp%2Fv2%2Fcomments&post=6252"}],"version-history":[{"count":1,"href":"https:\/\/elregionaldigital.info\/index.php?rest_route=\/wp\/v2\/posts\/6252\/revisions"}],"predecessor-version":[{"id":6254,"href":"https:\/\/elregionaldigital.info\/index.php?rest_route=\/wp\/v2\/posts\/6252\/revisions\/6254"}],"wp:featuredmedia":[{"embeddable":true,"href":"https:\/\/elregionaldigital.info\/index.php?rest_route=\/wp\/v2\/media\/6253"}],"wp:attachment":[{"href":"https:\/\/elregionaldigital.info\/index.php?rest_route=%2Fwp%2Fv2%2Fmedia&parent=6252"}],"wp:term":[{"taxonomy":"category","embeddable":true,"href":"https:\/\/elregionaldigital.info\/index.php?rest_route=%2Fwp%2Fv2%2Fcategories&post=6252"},{"taxonomy":"post_tag","embeddable":true,"href":"https:\/\/elregionaldigital.info\/index.php?rest_route=%2Fwp%2Fv2%2Ftags&post=6252"}],"curies":[{"name":"wp","href":"https:\/\/api.w.org\/{rel}","templated":true}]}}