{"id":6231,"date":"2026-02-16T15:47:33","date_gmt":"2026-02-16T15:47:33","guid":{"rendered":"https:\/\/elregionaldigital.info\/?p=6231"},"modified":"2026-02-17T15:48:29","modified_gmt":"2026-02-17T15:48:29","slug":"festeja-radio-uat-34-anos-de-ser-la-voz-del-quehacer-universitario","status":"publish","type":"post","link":"https:\/\/elregionaldigital.info\/?p=6231","title":{"rendered":"Festeja Radio UAT 34 a\u00f1os de ser la voz del quehacer universitario"},"content":{"rendered":"\n<p>Ciudad Victoria, Tam.; 16 de febrero de 2026.<\/p>\n\n\n\n<p>Como parte de los eventos conmemorativos se presentar\u00e1 el concierto de aniversario con<br>el grupo Todo Bohemia, en el Teatro de la UAT, este jueves 19 de febrero, a las 19:00 h,<br>con entrada gratuita.<\/p>\n\n\n\n<p>La estaci\u00f3n de radio de la Universidad Aut\u00f3noma de Tamaulipas (Radio UAT) conmemora, en este<br>mes, su 34 aniversario, consolid\u00e1ndose como un medio institucional que ha acompa\u00f1ado el<br>crecimiento acad\u00e9mico, cultural y social de la m\u00e1xima casa de estudios.<br>Fue el 19 de febrero de 1992, cuando Radio UAT realiz\u00f3 su primera transmisi\u00f3n en vivo, marcando<br>el inicio de un proyecto radiof\u00f3nico comprometido con la educaci\u00f3n, la divulgaci\u00f3n del<br>conocimiento y el servicio a la comunidad universitaria.<br>Actualmente, la estaci\u00f3n XHUNI 102.5 FM, con sede en Ciudad Victoria, ha ampliado su alcance<br>tras obtener, recientemente, una nueva concesi\u00f3n en la zona sur del estado a trav\u00e9s de XHCPAZ<br>105.1 FM, fortaleciendo as\u00ed su presencia y cobertura.<br>Radio UAT cuenta hoy con m\u00e1s de 30 producciones propias, ofreciendo una programaci\u00f3n plural<br>que integra contenidos culturales, deportivos, informativos, musicales y de revista. En la presente<br>administraci\u00f3n se han realizado tambi\u00e9n m\u00e1s de 500 entrevistas de divulgaci\u00f3n cient\u00edfica,<br>acercando a la sociedad el conocimiento generado en la Universidad.<br>Adem\u00e1s, la emisora brinda espacios a las y los estudiantes, permiti\u00e9ndoles expresar sus ideas,<br>inquietudes y proyectos, mediante propuestas radiof\u00f3nicas que enriquecen la vida universitaria. A<br>lo largo de m\u00e1s de tres d\u00e9cadas, Radio UAT ha permanecido como un v\u00ednculo fundamental para<br>difundir el quehacer universitario a trav\u00e9s de la onda sonora, reafirmando su vocaci\u00f3n de servicio<br>y su compromiso con la formaci\u00f3n integral.<br>Como parte de esta celebraci\u00f3n, se llevar\u00e1 a cabo un concierto gratuito, el pr\u00f3ximo 19 de febrero,<br>a las 19:00 h, en el Teatro de la UAT, ubicado en el edificio de Rector\u00eda, con la presentaci\u00f3n del<br>grupo Todo Bohemia, invitando a la comunidad universitaria, y al p\u00fablico en general, a ser parte<br>de este aniversario.<\/p>\n\n\n\n<figure class=\"wp-block-image\"><img decoding=\"async\" src=\"https:\/\/diarioelcuerudo.info\/wp-content\/uploads\/2026\/02\/1-44-1024x682.jpeg\" alt=\"\" class=\"wp-image-5075\"\/><\/figure>\n","protected":false},"excerpt":{"rendered":"<p>Ciudad Victoria, Tam.; 16 de febrero de 2026. Como parte de los eventos conmemorativos se presentar\u00e1 el concierto de aniversario conel grupo Todo Bohemia, en el Teatro de la UAT, este jueves 19 de febrero, a las 19:00 h,con entrada gratuita. La estaci\u00f3n de radio de la Universidad Aut\u00f3noma de Tamaulipas (Radio UAT) conmemora, en [&hellip;]<\/p>\n","protected":false},"author":1,"featured_media":6232,"comment_status":"open","ping_status":"open","sticky":false,"template":"","format":"standard","meta":{"footnotes":""},"categories":[4],"tags":[],"class_list":["post-6231","post","type-post","status-publish","format-standard","has-post-thumbnail","hentry","category-universidades"],"blog_post_layout_featured_media_urls":{"thumbnail":["https:\/\/elregionaldigital.info\/wp-content\/uploads\/2026\/02\/1-44-150x150.jpeg",150,150,true],"full":["https:\/\/elregionaldigital.info\/wp-content\/uploads\/2026\/02\/1-44.jpeg",2560,1706,false]},"categories_names":{"4":{"name":"Universidades","link":"https:\/\/elregionaldigital.info\/?cat=4"}},"tags_names":[],"comments_number":"0","wpmagazine_modules_lite_featured_media_urls":{"thumbnail":["https:\/\/elregionaldigital.info\/wp-content\/uploads\/2026\/02\/1-44-150x150.jpeg",150,150,true],"cvmm-medium":["https:\/\/elregionaldigital.info\/wp-content\/uploads\/2026\/02\/1-44-300x300.jpeg",300,300,true],"cvmm-medium-plus":["https:\/\/elregionaldigital.info\/wp-content\/uploads\/2026\/02\/1-44-305x207.jpeg",305,207,true],"cvmm-portrait":["https:\/\/elregionaldigital.info\/wp-content\/uploads\/2026\/02\/1-44-400x600.jpeg",400,600,true],"cvmm-medium-square":["https:\/\/elregionaldigital.info\/wp-content\/uploads\/2026\/02\/1-44-600x600.jpeg",600,600,true],"cvmm-large":["https:\/\/elregionaldigital.info\/wp-content\/uploads\/2026\/02\/1-44-1024x1024.jpeg",1024,1024,true],"cvmm-small":["https:\/\/elregionaldigital.info\/wp-content\/uploads\/2026\/02\/1-44-130x95.jpeg",130,95,true],"full":["https:\/\/elregionaldigital.info\/wp-content\/uploads\/2026\/02\/1-44.jpeg",2560,1706,false]},"_links":{"self":[{"href":"https:\/\/elregionaldigital.info\/index.php?rest_route=\/wp\/v2\/posts\/6231","targetHints":{"allow":["GET"]}}],"collection":[{"href":"https:\/\/elregionaldigital.info\/index.php?rest_route=\/wp\/v2\/posts"}],"about":[{"href":"https:\/\/elregionaldigital.info\/index.php?rest_route=\/wp\/v2\/types\/post"}],"author":[{"embeddable":true,"href":"https:\/\/elregionaldigital.info\/index.php?rest_route=\/wp\/v2\/users\/1"}],"replies":[{"embeddable":true,"href":"https:\/\/elregionaldigital.info\/index.php?rest_route=%2Fwp%2Fv2%2Fcomments&post=6231"}],"version-history":[{"count":1,"href":"https:\/\/elregionaldigital.info\/index.php?rest_route=\/wp\/v2\/posts\/6231\/revisions"}],"predecessor-version":[{"id":6233,"href":"https:\/\/elregionaldigital.info\/index.php?rest_route=\/wp\/v2\/posts\/6231\/revisions\/6233"}],"wp:featuredmedia":[{"embeddable":true,"href":"https:\/\/elregionaldigital.info\/index.php?rest_route=\/wp\/v2\/media\/6232"}],"wp:attachment":[{"href":"https:\/\/elregionaldigital.info\/index.php?rest_route=%2Fwp%2Fv2%2Fmedia&parent=6231"}],"wp:term":[{"taxonomy":"category","embeddable":true,"href":"https:\/\/elregionaldigital.info\/index.php?rest_route=%2Fwp%2Fv2%2Fcategories&post=6231"},{"taxonomy":"post_tag","embeddable":true,"href":"https:\/\/elregionaldigital.info\/index.php?rest_route=%2Fwp%2Fv2%2Ftags&post=6231"}],"curies":[{"name":"wp","href":"https:\/\/api.w.org\/{rel}","templated":true}]}}