{"id":623,"date":"2022-10-17T04:17:00","date_gmt":"2022-10-17T04:17:00","guid":{"rendered":"http:\/\/elregionaldigital.info\/?p=623"},"modified":"2022-10-18T04:39:41","modified_gmt":"2022-10-18T04:39:41","slug":"valle-hermoso-orgullo-tamaulipeco-pareja-busca-ir-a-programa-de-la-nasa-asi-puedes-ayudar","status":"publish","type":"post","link":"https:\/\/elregionaldigital.info\/?p=623","title":{"rendered":"VALLE HERMOSO \u00a1Orgullo tamaulipeco! Pareja busca ir a programa de la NASA; as\u00ed puedes ayudar"},"content":{"rendered":"\n<figure class=\"wp-block-image size-full\"><img loading=\"lazy\" decoding=\"async\" width=\"958\" height=\"596\" src=\"http:\/\/elregionaldigital.info\/wp-content\/uploads\/2022\/10\/alejandra-y-armando-son-una.webp\" alt=\"\" class=\"wp-image-624\" srcset=\"https:\/\/elregionaldigital.info\/wp-content\/uploads\/2022\/10\/alejandra-y-armando-son-una.webp 958w, https:\/\/elregionaldigital.info\/wp-content\/uploads\/2022\/10\/alejandra-y-armando-son-una-300x187.webp 300w, https:\/\/elregionaldigital.info\/wp-content\/uploads\/2022\/10\/alejandra-y-armando-son-una-768x478.webp 768w\" sizes=\"auto, (max-width: 958px) 100vw, 958px\" \/><\/figure>\n\n\n\n<p>Alejandra y Armando ya fueron aceptados en el International Air and Space Program 2022, sin embargo piden apoyo para cubrir los gastos.<\/p>\n\n\n\n<p>Alejandra y Armando son dos jovenes ingenieros que buscan ser parte de programa del IASP de la NASA, en donde ya fueron aceptados; ahora requieren cubrir el costo del mismo, por lo que piden la ayuda de la poblaci\u00f3n.&nbsp; Alejandra Gonz\u00e1lez Mart\u00ednez es originaria de Valle hermoso, Tamaulipas y Armando Adri\u00e1n P\u00e9rez Gonz\u00e1lez del municipio de Reynosa, ambos son&nbsp;estudiantes de Ingenier\u00eda F\u00edsica Industrial en el Instituto Tecnol\u00f3gico y de Estudios superiores de Monterrey.&nbsp; <\/p>\n\n\n\n<p>\u00bfQu\u00e9 es el IASP?&nbsp;<\/p>\n\n\n\n<p> Hace poco tiempo fueron aceptados en el&nbsp;International Air and Space Program 2022, un programa internacional del Aire y el espacio impartido por expertos de la NASA, que ser\u00e1 realizado en Alabama, Estados Unidos.&nbsp; El programa educativo tiene una duraci\u00f3n de 5 d\u00edas donde los estudiantes trabajan en un proyecto en com\u00fan que involucra resoluci\u00f3n de problemas y comunicaci\u00f3n con ingenieros expertos en la industria aeroespacial. Los jovenes entrenar\u00e1n como astronautas, experimentar\u00e1n la flotabilidad neutral y adquirir\u00e1n experiencia piloteando un avion entre otras actividades.&nbsp; }\u00danicamente&nbsp;entran&nbsp;un total&nbsp;60 aspirantes de todo el mundo. \u00a1Orgullo tamaulipeco!&nbsp;<\/p>\n\n\n\n<p>Los jovenes se\u00f1alan que siempre han so\u00f1ado con ser astronautas, pero son consientes de lo complicada y competida que es est\u00e1 rama. Y a pesar de los comentarios de las personas aseguran, &#8220;nada es demasiado&#8221;.&nbsp; Sin embargo, requieren del apoyo de la poblaci\u00f3n para lograr su sue\u00f1o, ya que es un programa en otro pa\u00eds, y necesitan recaudar fondos para poder viajar.&nbsp;El costo del programa es de casi 4 mil pesos. &#8220;Es momento de poner el nombre de mi estado y pa\u00eds en alto, al igual que el valor que tienen todas las mujeres latinoamericanas interesadas en el mundo del STEAM, prometo no defraudarlas. \u00a1Much\u00edsimas gracias!&#8221;.&nbsp; https:\/\/www.milenio.com\/politica\/comunidad\/pareja-ingenieros-tamaulipas-busca-llegar-programa-nasa<\/p>\n","protected":false},"excerpt":{"rendered":"<p>Alejandra y Armando ya fueron aceptados en el International Air and Space Program 2022, sin embargo piden apoyo para cubrir los gastos. Alejandra y Armando son dos jovenes ingenieros que buscan ser parte de programa del IASP de la NASA, en donde ya fueron aceptados; ahora requieren cubrir el costo del mismo, por lo que [&hellip;]<\/p>\n","protected":false},"author":1,"featured_media":624,"comment_status":"open","ping_status":"open","sticky":false,"template":"","format":"standard","meta":{"footnotes":""},"categories":[2],"tags":[],"class_list":["post-623","post","type-post","status-publish","format-standard","has-post-thumbnail","hentry","category-tamaulipas"],"blog_post_layout_featured_media_urls":{"thumbnail":["https:\/\/elregionaldigital.info\/wp-content\/uploads\/2022\/10\/alejandra-y-armando-son-una-150x150.webp",150,150,true],"full":["https:\/\/elregionaldigital.info\/wp-content\/uploads\/2022\/10\/alejandra-y-armando-son-una.webp",958,596,false]},"categories_names":{"2":{"name":"Tamaulipas","link":"https:\/\/elregionaldigital.info\/?cat=2"}},"tags_names":[],"comments_number":"0","wpmagazine_modules_lite_featured_media_urls":{"thumbnail":["https:\/\/elregionaldigital.info\/wp-content\/uploads\/2022\/10\/alejandra-y-armando-son-una-150x150.webp",150,150,true],"cvmm-medium":["https:\/\/elregionaldigital.info\/wp-content\/uploads\/2022\/10\/alejandra-y-armando-son-una-300x300.webp",300,300,true],"cvmm-medium-plus":["https:\/\/elregionaldigital.info\/wp-content\/uploads\/2022\/10\/alejandra-y-armando-son-una-305x207.webp",305,207,true],"cvmm-portrait":["https:\/\/elregionaldigital.info\/wp-content\/uploads\/2022\/10\/alejandra-y-armando-son-una-400x596.webp",400,596,true],"cvmm-medium-square":["https:\/\/elregionaldigital.info\/wp-content\/uploads\/2022\/10\/alejandra-y-armando-son-una-600x596.webp",600,596,true],"cvmm-large":["https:\/\/elregionaldigital.info\/wp-content\/uploads\/2022\/10\/alejandra-y-armando-son-una.webp",958,596,false],"cvmm-small":["https:\/\/elregionaldigital.info\/wp-content\/uploads\/2022\/10\/alejandra-y-armando-son-una-130x95.webp",130,95,true],"full":["https:\/\/elregionaldigital.info\/wp-content\/uploads\/2022\/10\/alejandra-y-armando-son-una.webp",958,596,false]},"_links":{"self":[{"href":"https:\/\/elregionaldigital.info\/index.php?rest_route=\/wp\/v2\/posts\/623","targetHints":{"allow":["GET"]}}],"collection":[{"href":"https:\/\/elregionaldigital.info\/index.php?rest_route=\/wp\/v2\/posts"}],"about":[{"href":"https:\/\/elregionaldigital.info\/index.php?rest_route=\/wp\/v2\/types\/post"}],"author":[{"embeddable":true,"href":"https:\/\/elregionaldigital.info\/index.php?rest_route=\/wp\/v2\/users\/1"}],"replies":[{"embeddable":true,"href":"https:\/\/elregionaldigital.info\/index.php?rest_route=%2Fwp%2Fv2%2Fcomments&post=623"}],"version-history":[{"count":2,"href":"https:\/\/elregionaldigital.info\/index.php?rest_route=\/wp\/v2\/posts\/623\/revisions"}],"predecessor-version":[{"id":629,"href":"https:\/\/elregionaldigital.info\/index.php?rest_route=\/wp\/v2\/posts\/623\/revisions\/629"}],"wp:featuredmedia":[{"embeddable":true,"href":"https:\/\/elregionaldigital.info\/index.php?rest_route=\/wp\/v2\/media\/624"}],"wp:attachment":[{"href":"https:\/\/elregionaldigital.info\/index.php?rest_route=%2Fwp%2Fv2%2Fmedia&parent=623"}],"wp:term":[{"taxonomy":"category","embeddable":true,"href":"https:\/\/elregionaldigital.info\/index.php?rest_route=%2Fwp%2Fv2%2Fcategories&post=623"},{"taxonomy":"post_tag","embeddable":true,"href":"https:\/\/elregionaldigital.info\/index.php?rest_route=%2Fwp%2Fv2%2Ftags&post=623"}],"curies":[{"name":"wp","href":"https:\/\/api.w.org\/{rel}","templated":true}]}}