{"id":6222,"date":"2026-02-13T15:47:17","date_gmt":"2026-02-13T15:47:17","guid":{"rendered":"https:\/\/elregionaldigital.info\/?p=6222"},"modified":"2026-02-16T15:47:55","modified_gmt":"2026-02-16T15:47:55","slug":"estudiantes-de-la-uat-disfrutan-del-tributo-musical-broken-heart-club","status":"publish","type":"post","link":"https:\/\/elregionaldigital.info\/?p=6222","title":{"rendered":"Estudiantes de la UAT disfrutan del tributo musical \u201cBroken Heart Club&#8221;"},"content":{"rendered":"\n<p>13 de febrero del 2026<\/p>\n\n\n\n<p><strong>&#8220;<\/strong>&nbsp;El rector de la Universidad Aut\u00f3noma de Tamaulipas (UAT), D\u00e1maso Anaya Alvarado, acompa\u00f1\u00f3 a la comunidad estudiantil en la serie de conciertos \u201cBroken Heart Club&#8221;, realizada en los gimnasios multidisciplinarios de la UAT de Tampico y Victoria, en el marco del D\u00eda del Amor y la Amistad.&nbsp;<strong>&#8220;<\/strong><\/p>\n\n\n\n<p>\u200b<\/p>\n\n\n\n<p>Ciudad Victoria, Tam.; 13 de febrero de 2026.<\/p>\n\n\n\n<p>Con la asistencia de cientos de estudiantes de las facultades, unidades acad\u00e9micas y escuelas de los respectivos campus, el rector estuvo acompa\u00f1ado por su esposa, Lic. Isolda Rend\u00f3n de Anaya, presidenta de Familia UAT, para compartir un espacio de convivencia con las y los j\u00f3venes universitarios.<\/p>\n\n\n\n<p>En su mensaje reiter\u00f3 el compromiso institucional con la formaci\u00f3n integral, y destac\u00f3 la importancia de generar espacios que fortalezcan la fraternidad y el sentido de pertenencia universitario.<\/p>\n\n\n\n<p>Subray\u00f3 que este tipo de actividades forman parte de la visi\u00f3n institucional de impulsar experiencias que complementen la preparaci\u00f3n acad\u00e9mica con propuestas culturales y recreativas que enriquezcan la vida estudiantil.<\/p>\n\n\n\n<p>Se\u00f1al\u00f3 que estos espacios no solo fortalecen la identidad institucional, sino que tambi\u00e9n dejan huellas personales que trascienden en el tiempo, al permitir que las y los j\u00f3venes construyan amistades y experiencias significativas dentro de la Universidad.<\/p>\n\n\n\n<p>La serie de conciertos estuvo a cargo de la agrupaci\u00f3n Tempus Quartet, que present\u00f3 un tributo musical con un repertorio de artistas como Ariana Grande, Billie Eilish, Taylor Swift, Lana del Rey, Sabrina Carpenter y Olivia Rodrigo, conectando con los gustos de la comunidad universitaria.<\/p>\n\n\n\n<p>El rector exhort\u00f3 a las y los estudiantes a disfrutar plenamente estos espacios, recordando que la Universidad promueve una convivencia sana y responsable, as\u00ed como el equilibrio entre la vida acad\u00e9mica y las actividades culturales.<\/p>\n\n\n\n<figure class=\"wp-block-image\"><img decoding=\"async\" src=\"https:\/\/www.uat.edu.mx\/noticias\/PublishingImages\/2024\/05\/2_YTM326.jpg\" alt=\"\"\/><\/figure>\n","protected":false},"excerpt":{"rendered":"<p>13 de febrero del 2026 &#8220;&nbsp;El rector de la Universidad Aut\u00f3noma de Tamaulipas (UAT), D\u00e1maso Anaya Alvarado, acompa\u00f1\u00f3 a la comunidad estudiantil en la serie de conciertos \u201cBroken Heart Club&#8221;, realizada en los gimnasios multidisciplinarios de la UAT de Tampico y Victoria, en el marco del D\u00eda del Amor y la Amistad.&nbsp;&#8220; \u200b Ciudad Victoria, [&hellip;]<\/p>\n","protected":false},"author":1,"featured_media":6223,"comment_status":"open","ping_status":"open","sticky":false,"template":"","format":"standard","meta":{"footnotes":""},"categories":[4],"tags":[],"class_list":["post-6222","post","type-post","status-publish","format-standard","has-post-thumbnail","hentry","category-universidades"],"blog_post_layout_featured_media_urls":{"thumbnail":["https:\/\/elregionaldigital.info\/wp-content\/uploads\/2026\/02\/13-150x150.jpg",150,150,true],"full":["https:\/\/elregionaldigital.info\/wp-content\/uploads\/2026\/02\/13.jpg",900,600,false]},"categories_names":{"4":{"name":"Universidades","link":"https:\/\/elregionaldigital.info\/?cat=4"}},"tags_names":[],"comments_number":"0","wpmagazine_modules_lite_featured_media_urls":{"thumbnail":["https:\/\/elregionaldigital.info\/wp-content\/uploads\/2026\/02\/13-150x150.jpg",150,150,true],"cvmm-medium":["https:\/\/elregionaldigital.info\/wp-content\/uploads\/2026\/02\/13-300x300.jpg",300,300,true],"cvmm-medium-plus":["https:\/\/elregionaldigital.info\/wp-content\/uploads\/2026\/02\/13-305x207.jpg",305,207,true],"cvmm-portrait":["https:\/\/elregionaldigital.info\/wp-content\/uploads\/2026\/02\/13-400x600.jpg",400,600,true],"cvmm-medium-square":["https:\/\/elregionaldigital.info\/wp-content\/uploads\/2026\/02\/13-600x600.jpg",600,600,true],"cvmm-large":["https:\/\/elregionaldigital.info\/wp-content\/uploads\/2026\/02\/13.jpg",900,600,false],"cvmm-small":["https:\/\/elregionaldigital.info\/wp-content\/uploads\/2026\/02\/13-130x95.jpg",130,95,true],"full":["https:\/\/elregionaldigital.info\/wp-content\/uploads\/2026\/02\/13.jpg",900,600,false]},"_links":{"self":[{"href":"https:\/\/elregionaldigital.info\/index.php?rest_route=\/wp\/v2\/posts\/6222","targetHints":{"allow":["GET"]}}],"collection":[{"href":"https:\/\/elregionaldigital.info\/index.php?rest_route=\/wp\/v2\/posts"}],"about":[{"href":"https:\/\/elregionaldigital.info\/index.php?rest_route=\/wp\/v2\/types\/post"}],"author":[{"embeddable":true,"href":"https:\/\/elregionaldigital.info\/index.php?rest_route=\/wp\/v2\/users\/1"}],"replies":[{"embeddable":true,"href":"https:\/\/elregionaldigital.info\/index.php?rest_route=%2Fwp%2Fv2%2Fcomments&post=6222"}],"version-history":[{"count":1,"href":"https:\/\/elregionaldigital.info\/index.php?rest_route=\/wp\/v2\/posts\/6222\/revisions"}],"predecessor-version":[{"id":6224,"href":"https:\/\/elregionaldigital.info\/index.php?rest_route=\/wp\/v2\/posts\/6222\/revisions\/6224"}],"wp:featuredmedia":[{"embeddable":true,"href":"https:\/\/elregionaldigital.info\/index.php?rest_route=\/wp\/v2\/media\/6223"}],"wp:attachment":[{"href":"https:\/\/elregionaldigital.info\/index.php?rest_route=%2Fwp%2Fv2%2Fmedia&parent=6222"}],"wp:term":[{"taxonomy":"category","embeddable":true,"href":"https:\/\/elregionaldigital.info\/index.php?rest_route=%2Fwp%2Fv2%2Fcategories&post=6222"},{"taxonomy":"post_tag","embeddable":true,"href":"https:\/\/elregionaldigital.info\/index.php?rest_route=%2Fwp%2Fv2%2Ftags&post=6222"}],"curies":[{"name":"wp","href":"https:\/\/api.w.org\/{rel}","templated":true}]}}