{"id":6215,"date":"2026-02-12T17:19:26","date_gmt":"2026-02-12T17:19:26","guid":{"rendered":"https:\/\/elregionaldigital.info\/?p=6215"},"modified":"2026-02-13T17:24:29","modified_gmt":"2026-02-13T17:24:29","slug":"franco-nero-el-legendario-django-recibe-su-estrella-en-el-paseo-de-la-fama-de-hollywood","status":"publish","type":"post","link":"https:\/\/elregionaldigital.info\/?p=6215","title":{"rendered":"Franco Nero, el legendario Django, recibe su estrella en el Paseo de la Fama de Hollywood"},"content":{"rendered":"\n<p>febrero 12, 2026<\/p>\n\n\n\n<p>El actor italiano&nbsp;<strong>Franco Nero<\/strong>, el legendario&nbsp;<strong>Django<\/strong>&nbsp;del g\u00e9nero conocido como \u2018<strong>espagueti western<\/strong>\u2018, se uni\u00f3 este jueves a la selecta lista de personalidades italianas que tienen una&nbsp;<strong>estrella<\/strong>&nbsp;en el&nbsp;<strong>Paseo de la Fama de Hollywood.<\/strong><\/p>\n\n\n\n<blockquote class=\"wp-block-quote is-layout-flow wp-block-quote-is-layout-flow\">\n<p>\u201cHace 60 a\u00f1os cuando vine a Los \u00c1ngeles por primera vez caminaba por aqu\u00ed pregunt\u00e1ndome si alg\u00fan d\u00eda mi nombre tambi\u00e9n aparecer\u00eda. Bueno, ese d\u00eda ha llegado y, por fin, a partir de hoy, \u00a1tambi\u00e9n Franco Nero puede ser pisoteado por mucha gente sin salir herido!\u201d, dijo el actor de 84 a\u00f1os en su discurso de aceptaci\u00f3n<\/p>\n<\/blockquote>\n\n\n\n<p><strong>Nero,<\/strong>&nbsp;quien asegur\u00f3 tener un severo \u201cjet lag\u201d (desfase de horario) destac\u00f3 a personalidades como Luciano Pavarotti, Anna Magnani, Valentino, Giancarlo Giannini y a otros italianos que, como \u00e9l, forman parte del bulevar m\u00e1s famoso de Los \u00c1ngeles.<\/p>\n\n\n\n<blockquote class=\"wp-block-quote is-layout-flow wp-block-quote-is-layout-flow\">\n<p>\u201cSer el 18\u00ba italiano (en tener una estrella) me hace sentir no solo honrado (\u2026) sino que me hace entender la importancia de los sue\u00f1os, una de las cosas m\u00e1s bonitas del mundo, y son gratis\u201d, apunt\u00f3.<\/p>\n<\/blockquote>\n\n\n\n<p>El actor tambi\u00e9n record\u00f3 el consejo que su amigo&nbsp;<strong>Lawrence Olvier<\/strong>&nbsp;le dio al inicio de su carrera.<\/p>\n\n\n\n<blockquote class=\"wp-block-quote is-layout-flow wp-block-quote-is-layout-flow\">\n<p>\u201cMe dijo: \u2018Franco, siempre puedes interpretar el papel del h\u00e9roe de la superestrella, rodando solo una pel\u00edcula al a\u00f1o, con la esperanza de que salga bien. Pero qu\u00e9 aburrido es ser un actor as\u00ed. Elige papeles diferentes, asume riesgos. Tu carrera tendr\u00e1 altibajos, pero a la larga, cosechar\u00e1s los frutos de tu elecci\u00f3n\u2019. Nunca me he arrepentido de haber seguido su consejo\u201d, asever\u00f3.<\/p>\n<\/blockquote>\n\n\n\n<p><strong>Franco Nero<\/strong>, quien ha participado en m\u00e1s de 200 pel\u00edculas, finaliz\u00f3 su discurso asegurando que est\u00e1 seguro de que su \u201cmejor rol a\u00fan est\u00e1 por venir\u201d.<\/p>\n\n\n\n<p>El actor consolid\u00f3 su carrera con el personaje de&nbsp;<strong>Django<\/strong>&nbsp;en el filme hom\u00f3nima de 1966 de&nbsp;<strong>Sergio Corbucci<\/strong>. A lo largo de su carrera tambi\u00e9n interpret\u00f3 a&nbsp;<strong>Sir Lancelot du Lac<\/strong>&nbsp;en el musical estadounidense&nbsp;<strong>\u2018Camelot\u2019<\/strong>&nbsp;(1967) o a Lorenzo Bartolini en \u2018Letters to Juliet\u2019.<\/p>\n\n\n\n<p><strong>Recientemente form\u00f3 parte del elenco de la pel\u00edcula \u2018In<\/strong>&nbsp;the Hand of Dante\u2019, de Julian Schnabel, en donde comparti\u00f3 elenco con Oscar Isacc y Al Pacino.<\/p>\n\n\n\n<p>El director de esta cinta acompa\u00f1\u00f3 a su amigo este jueves, dedic\u00e1ndole unas palabras en las que adem\u00e1s de celebrar su talento destac\u00f3 su calidad humana.<\/p>\n\n\n\n<blockquote class=\"wp-block-quote is-layout-flow wp-block-quote-is-layout-flow\">\n<p>\u201cSolo quiero decirte que te amo, que eres un actor brillante, pero sobre todo un hombre extraordinario\u201d, indic\u00f3 Schnabel.<\/p>\n<\/blockquote>\n\n\n\n<figure class=\"wp-block-image size-large\"><img loading=\"lazy\" decoding=\"async\" width=\"1024\" height=\"576\" src=\"https:\/\/elregionaldigital.info\/wp-content\/uploads\/2026\/02\/image-11-1024x576.png\" alt=\"\" class=\"wp-image-6216\" srcset=\"https:\/\/elregionaldigital.info\/wp-content\/uploads\/2026\/02\/image-11-1024x576.png 1024w, https:\/\/elregionaldigital.info\/wp-content\/uploads\/2026\/02\/image-11-300x169.png 300w, https:\/\/elregionaldigital.info\/wp-content\/uploads\/2026\/02\/image-11-768x432.png 768w, https:\/\/elregionaldigital.info\/wp-content\/uploads\/2026\/02\/image-11-1536x864.png 1536w, https:\/\/elregionaldigital.info\/wp-content\/uploads\/2026\/02\/image-11.png 1920w\" sizes=\"auto, (max-width: 1024px) 100vw, 1024px\" \/><\/figure>\n","protected":false},"excerpt":{"rendered":"<p>febrero 12, 2026 El actor italiano&nbsp;Franco Nero, el legendario&nbsp;Django&nbsp;del g\u00e9nero conocido como \u2018espagueti western\u2018, se uni\u00f3 este jueves a la selecta lista de personalidades italianas que tienen una&nbsp;estrella&nbsp;en el&nbsp;Paseo de la Fama de Hollywood. \u201cHace 60 a\u00f1os cuando vine a Los \u00c1ngeles por primera vez caminaba por aqu\u00ed pregunt\u00e1ndome si alg\u00fan d\u00eda mi nombre tambi\u00e9n [&hellip;]<\/p>\n","protected":false},"author":1,"featured_media":6216,"comment_status":"open","ping_status":"open","sticky":false,"template":"","format":"standard","meta":{"footnotes":""},"categories":[3],"tags":[],"class_list":["post-6215","post","type-post","status-publish","format-standard","has-post-thumbnail","hentry","category-entretenimiento"],"blog_post_layout_featured_media_urls":{"thumbnail":["https:\/\/elregionaldigital.info\/wp-content\/uploads\/2026\/02\/image-11-150x150.png",150,150,true],"full":["https:\/\/elregionaldigital.info\/wp-content\/uploads\/2026\/02\/image-11.png",1920,1080,false]},"categories_names":{"3":{"name":"Entretenimiento","link":"https:\/\/elregionaldigital.info\/?cat=3"}},"tags_names":[],"comments_number":"0","wpmagazine_modules_lite_featured_media_urls":{"thumbnail":["https:\/\/elregionaldigital.info\/wp-content\/uploads\/2026\/02\/image-11-150x150.png",150,150,true],"cvmm-medium":["https:\/\/elregionaldigital.info\/wp-content\/uploads\/2026\/02\/image-11-300x300.png",300,300,true],"cvmm-medium-plus":["https:\/\/elregionaldigital.info\/wp-content\/uploads\/2026\/02\/image-11-305x207.png",305,207,true],"cvmm-portrait":["https:\/\/elregionaldigital.info\/wp-content\/uploads\/2026\/02\/image-11-400x600.png",400,600,true],"cvmm-medium-square":["https:\/\/elregionaldigital.info\/wp-content\/uploads\/2026\/02\/image-11-600x600.png",600,600,true],"cvmm-large":["https:\/\/elregionaldigital.info\/wp-content\/uploads\/2026\/02\/image-11-1024x1024.png",1024,1024,true],"cvmm-small":["https:\/\/elregionaldigital.info\/wp-content\/uploads\/2026\/02\/image-11-130x95.png",130,95,true],"full":["https:\/\/elregionaldigital.info\/wp-content\/uploads\/2026\/02\/image-11.png",1920,1080,false]},"_links":{"self":[{"href":"https:\/\/elregionaldigital.info\/index.php?rest_route=\/wp\/v2\/posts\/6215","targetHints":{"allow":["GET"]}}],"collection":[{"href":"https:\/\/elregionaldigital.info\/index.php?rest_route=\/wp\/v2\/posts"}],"about":[{"href":"https:\/\/elregionaldigital.info\/index.php?rest_route=\/wp\/v2\/types\/post"}],"author":[{"embeddable":true,"href":"https:\/\/elregionaldigital.info\/index.php?rest_route=\/wp\/v2\/users\/1"}],"replies":[{"embeddable":true,"href":"https:\/\/elregionaldigital.info\/index.php?rest_route=%2Fwp%2Fv2%2Fcomments&post=6215"}],"version-history":[{"count":1,"href":"https:\/\/elregionaldigital.info\/index.php?rest_route=\/wp\/v2\/posts\/6215\/revisions"}],"predecessor-version":[{"id":6217,"href":"https:\/\/elregionaldigital.info\/index.php?rest_route=\/wp\/v2\/posts\/6215\/revisions\/6217"}],"wp:featuredmedia":[{"embeddable":true,"href":"https:\/\/elregionaldigital.info\/index.php?rest_route=\/wp\/v2\/media\/6216"}],"wp:attachment":[{"href":"https:\/\/elregionaldigital.info\/index.php?rest_route=%2Fwp%2Fv2%2Fmedia&parent=6215"}],"wp:term":[{"taxonomy":"category","embeddable":true,"href":"https:\/\/elregionaldigital.info\/index.php?rest_route=%2Fwp%2Fv2%2Fcategories&post=6215"},{"taxonomy":"post_tag","embeddable":true,"href":"https:\/\/elregionaldigital.info\/index.php?rest_route=%2Fwp%2Fv2%2Ftags&post=6215"}],"curies":[{"name":"wp","href":"https:\/\/api.w.org\/{rel}","templated":true}]}}