{"id":6202,"date":"2026-02-13T17:10:41","date_gmt":"2026-02-13T17:10:41","guid":{"rendered":"https:\/\/elregionaldigital.info\/?p=6202"},"modified":"2026-02-13T17:10:41","modified_gmt":"2026-02-13T17:10:41","slug":"leon-xiv-propone-durante-la-cuaresma-el-ayuno-del-lenguaje-del-odio","status":"publish","type":"post","link":"https:\/\/elregionaldigital.info\/?p=6202","title":{"rendered":"Le\u00f3n XIV propone durante la Cuaresma \u201cel ayuno\u201d del lenguaje del odio"},"content":{"rendered":"\n<p>febrero 13, 2026<\/p>\n\n\n\n<p>El&nbsp;<strong>papa Le\u00f3n XIV<\/strong>&nbsp;propuso que en la&nbsp;<strong>Cuaresma<\/strong>, el periodo que precede la Semana Santa y en el que los cat\u00f3licos suelen llevar a cabo algunas privaciones, se haga un \u201c<strong>ayuno<\/strong>\u201d del&nbsp;<strong>lenguaje<\/strong>&nbsp;y se&nbsp;<strong>eviten<\/strong>&nbsp;las&nbsp;<strong>palabras de odio<\/strong>&nbsp;y que hieren en familia, en los debates pol\u00edticos o en la comunicaci\u00f3n.<\/p>\n\n\n\n<p>As\u00ed se lee en el\u00a0tradicional mensaje para la Cuaresma\u00a0del pont\u00edfice que fue publicado este viernes 13 de febrero de 2026 y donde adem\u00e1s de invitar a la abstinencia de alimento insta a \u201cincluir tambi\u00e9n otras formas de privaci\u00f3n destinadas a hacernos adquirir un estilo de vida m\u00e1s sobrio, ya que s\u00f3lo la austeridad hace fuerte y aut\u00e9ntica la vida cristiana\u201d.<\/p>\n\n\n\n<p>Y al respecto, propuso \u201cuna forma de abstinencia muy concreta y a menudo poco apreciada, es decir, la de abstenerse de utilizar palabras que afectan y lastiman a nuestro pr\u00f3jimo\u201d.<\/p>\n\n\n\n<p>\u201cEmpecemos a desarmar el lenguaje, renunciando a las palabras hirientes, al juicio inmediato, a hablar mal de quienes est\u00e1n ausentes y no pueden defenderse, a las calumnias\u201d, a\u00f1adi\u00f3 el pont\u00edfice estadounidense en su mensaje.<\/p>\n\n\n\n<p>Le\u00f3n XIV pidi\u00f3 adem\u00e1s \u201caprender a medir las palabras y a cultivar la amabilidad: en la familia, entre amigos, en el lugar de trabajo, en las redes sociales, en los debates pol\u00edticos, en los medios de comunicaci\u00f3n y en las comunidades cristianas\u201d.<\/p>\n\n\n\n<p>Asegur\u00f3 que \u201centonces, muchas palabras de odio dar\u00e1n paso a palabras de esperanza y paz\u201d.<\/p>\n\n\n\n<p>El papa espera \u201cvivir una Cuaresma que haga m\u00e1s atento nuestro o\u00eddo a Dios y a los m\u00e1s necesitados\u201d. \u201cPidamos la fuerza de un ayuno que alcance tambi\u00e9n a la lengua, para que disminuyan las palabras que hieren y crezca el espacio para la voz de los dem\u00e1s\u201d.<\/p>\n\n\n\n<p>Invit\u00f3 a que en las comunidades cristianas \u201cse conviertan en lugares donde el grito de los que sufren encuentre acogida y la escucha genere caminos de liberaci\u00f3n, haci\u00e9ndonos m\u00e1s dispuestos y diligentes para contribuir a edificar la civilizaci\u00f3n del amor\u201d.<\/p>\n\n\n\n<figure class=\"wp-block-image size-large\"><img loading=\"lazy\" decoding=\"async\" width=\"1024\" height=\"683\" src=\"https:\/\/elregionaldigital.info\/wp-content\/uploads\/2026\/02\/image-7-1024x683.png\" alt=\"\" class=\"wp-image-6203\" srcset=\"https:\/\/elregionaldigital.info\/wp-content\/uploads\/2026\/02\/image-7-1024x683.png 1024w, https:\/\/elregionaldigital.info\/wp-content\/uploads\/2026\/02\/image-7-300x200.png 300w, https:\/\/elregionaldigital.info\/wp-content\/uploads\/2026\/02\/image-7-768x512.png 768w, https:\/\/elregionaldigital.info\/wp-content\/uploads\/2026\/02\/image-7-1536x1024.png 1536w, https:\/\/elregionaldigital.info\/wp-content\/uploads\/2026\/02\/image-7.png 1920w\" sizes=\"auto, (max-width: 1024px) 100vw, 1024px\" \/><\/figure>\n","protected":false},"excerpt":{"rendered":"<p>febrero 13, 2026 El&nbsp;papa Le\u00f3n XIV&nbsp;propuso que en la&nbsp;Cuaresma, el periodo que precede la Semana Santa y en el que los cat\u00f3licos suelen llevar a cabo algunas privaciones, se haga un \u201cayuno\u201d del&nbsp;lenguaje&nbsp;y se&nbsp;eviten&nbsp;las&nbsp;palabras de odio&nbsp;y que hieren en familia, en los debates pol\u00edticos o en la comunicaci\u00f3n. As\u00ed se lee en el\u00a0tradicional mensaje para [&hellip;]<\/p>\n","protected":false},"author":1,"featured_media":6203,"comment_status":"open","ping_status":"open","sticky":false,"template":"","format":"standard","meta":{"footnotes":""},"categories":[11],"tags":[],"class_list":["post-6202","post","type-post","status-publish","format-standard","has-post-thumbnail","hentry","category-mundo"],"blog_post_layout_featured_media_urls":{"thumbnail":["https:\/\/elregionaldigital.info\/wp-content\/uploads\/2026\/02\/image-7-150x150.png",150,150,true],"full":["https:\/\/elregionaldigital.info\/wp-content\/uploads\/2026\/02\/image-7.png",1920,1280,false]},"categories_names":{"11":{"name":"Mundo","link":"https:\/\/elregionaldigital.info\/?cat=11"}},"tags_names":[],"comments_number":"0","wpmagazine_modules_lite_featured_media_urls":{"thumbnail":["https:\/\/elregionaldigital.info\/wp-content\/uploads\/2026\/02\/image-7-150x150.png",150,150,true],"cvmm-medium":["https:\/\/elregionaldigital.info\/wp-content\/uploads\/2026\/02\/image-7-300x300.png",300,300,true],"cvmm-medium-plus":["https:\/\/elregionaldigital.info\/wp-content\/uploads\/2026\/02\/image-7-305x207.png",305,207,true],"cvmm-portrait":["https:\/\/elregionaldigital.info\/wp-content\/uploads\/2026\/02\/image-7-400x600.png",400,600,true],"cvmm-medium-square":["https:\/\/elregionaldigital.info\/wp-content\/uploads\/2026\/02\/image-7-600x600.png",600,600,true],"cvmm-large":["https:\/\/elregionaldigital.info\/wp-content\/uploads\/2026\/02\/image-7-1024x1024.png",1024,1024,true],"cvmm-small":["https:\/\/elregionaldigital.info\/wp-content\/uploads\/2026\/02\/image-7-130x95.png",130,95,true],"full":["https:\/\/elregionaldigital.info\/wp-content\/uploads\/2026\/02\/image-7.png",1920,1280,false]},"_links":{"self":[{"href":"https:\/\/elregionaldigital.info\/index.php?rest_route=\/wp\/v2\/posts\/6202","targetHints":{"allow":["GET"]}}],"collection":[{"href":"https:\/\/elregionaldigital.info\/index.php?rest_route=\/wp\/v2\/posts"}],"about":[{"href":"https:\/\/elregionaldigital.info\/index.php?rest_route=\/wp\/v2\/types\/post"}],"author":[{"embeddable":true,"href":"https:\/\/elregionaldigital.info\/index.php?rest_route=\/wp\/v2\/users\/1"}],"replies":[{"embeddable":true,"href":"https:\/\/elregionaldigital.info\/index.php?rest_route=%2Fwp%2Fv2%2Fcomments&post=6202"}],"version-history":[{"count":1,"href":"https:\/\/elregionaldigital.info\/index.php?rest_route=\/wp\/v2\/posts\/6202\/revisions"}],"predecessor-version":[{"id":6204,"href":"https:\/\/elregionaldigital.info\/index.php?rest_route=\/wp\/v2\/posts\/6202\/revisions\/6204"}],"wp:featuredmedia":[{"embeddable":true,"href":"https:\/\/elregionaldigital.info\/index.php?rest_route=\/wp\/v2\/media\/6203"}],"wp:attachment":[{"href":"https:\/\/elregionaldigital.info\/index.php?rest_route=%2Fwp%2Fv2%2Fmedia&parent=6202"}],"wp:term":[{"taxonomy":"category","embeddable":true,"href":"https:\/\/elregionaldigital.info\/index.php?rest_route=%2Fwp%2Fv2%2Fcategories&post=6202"},{"taxonomy":"post_tag","embeddable":true,"href":"https:\/\/elregionaldigital.info\/index.php?rest_route=%2Fwp%2Fv2%2Ftags&post=6202"}],"curies":[{"name":"wp","href":"https:\/\/api.w.org\/{rel}","templated":true}]}}