{"id":6199,"date":"2026-02-02T17:05:43","date_gmt":"2026-02-02T17:05:43","guid":{"rendered":"https:\/\/elregionaldigital.info\/?p=6199"},"modified":"2026-02-13T17:07:52","modified_gmt":"2026-02-13T17:07:52","slug":"super-bowl-el-sueno-mas-grande-de-christian-gonzalez-y-los-patriots","status":"publish","type":"post","link":"https:\/\/elregionaldigital.info\/?p=6199","title":{"rendered":"Super Bowl: el sue\u00f1o m\u00e1s grande de Christian Gonz\u00e1lez y los Patriots"},"content":{"rendered":"\n<p>febrero 2, 2026<\/p>\n\n\n\n<p>Con apenas 23 a\u00f1os,\u00a0<strong>Christian Gonz\u00e1lez<\/strong>, estadounidense de ra\u00edces colombianas, est\u00e1 viviendo un sue\u00f1o en medio de una gran temporada en la NFL: jugar el\u00a0<strong>Super Bowl LX<\/strong>\u00a0con\u00a0<strong>New England Patriots<\/strong>\u00a0contra los Seattle Seahawks el 8 de febrero en Santa Clara (California).<\/p>\n\n\n\n<p>La presencia de Gonz\u00e1lez en este partido tan esperado, no solo por los fan\u00e1ticos del futbol americano sino por los curiosos del espect\u00e1culo que rodea a la final de este deporte, tambi\u00e9n ha despertado expectativas en la propia\u00a0<strong>Colombia<\/strong>, pa\u00eds donde la afici\u00f3n por la NFL ha venido en constante crecimiento.<\/p>\n\n\n\n<p>\u00a0El ascenso de Christian Gonz\u00e1lez en la NFL<br><\/p>\n\n\n\n<p>El nacido el 28 de junio de 2002 en Carrollton (Texas) comenz\u00f3 a despuntar desde muy temprana edad, y en sus a\u00f1os en la escuela preparatoria en la tambi\u00e9n localidad tejana de&nbsp;<strong>The Colony<\/strong>&nbsp;mostr\u00f3 su&nbsp;<strong>destreza<\/strong>&nbsp;como&nbsp;<strong>esquinero<\/strong>&nbsp;y&nbsp;<strong>receptor<\/strong>&nbsp;<strong>abierto<\/strong>.<\/p>\n\n\n\n<p>Diferentes universidades se fijaron en \u00e9l, pero fue finalmente la de Colorado la que lo conquist\u00f3. El hijo de H\u00e9ctor Gonz\u00e1lez, quien se destac\u00f3 en el baloncesto colombiano con los Piratas de Bogot\u00e1, pas\u00f3 a integrar en 2020 la n\u00f3mina de&nbsp;<strong>Colorado Buffaloes<\/strong>&nbsp;de la NCAA, donde jug\u00f3 18 partidos en los que hizo 78 \u2018tacleadas\u2019 y defendi\u00f3 10 pases.<\/p>\n\n\n\n<p>De Colorado pas\u00f3 en 2022 a&nbsp;<strong>Oregon<\/strong>, donde ya llen\u00f3 la retina de los reclutadores profesionales. Con los Ducks de la universidad de ese estado logr\u00f3 4 intercepciones, 50 tacleadas y desvi\u00f3 7 pases desviados, lo que le vali\u00f3 ser nombrado en el Primer Equipo All-Pac-12 como el mejor esquinero de su conferencia en la NCAA.<\/p>\n\n\n\n<h2 class=\"wp-block-heading\">&nbsp;El Draft y los Patriots<\/h2>\n\n\n\n<p>Para 2023, el jugador de 1.85 metros y hermano de la atleta ol\u00edmpica Melissa Gonz\u00e1lez (quien represent\u00f3 a Colombia en la competencia de vallas en los Juegos de Tokio 2020), decidi\u00f3 parar su carrera en las divisiones universitarias de la NCAA y se inscribi\u00f3 en el draft de la NFL. Los&nbsp;<strong>New England Patriots<\/strong>&nbsp;lo ten\u00edan en su carpeta.<\/p>\n\n\n\n<p>El equipo bostoniano, donde brill\u00f3 durante 19 temporadas Tom Brady (el considerado mejor jugador de la historia de la NFL), lo escogi\u00f3 en la elecci\u00f3n 17 de la primera ronda y de inmediato se integr\u00f3 a la disciplina de los dirigidos por el legendario Bill Belichick, cuya no inclusi\u00f3n en el sal\u00f3n de la fama ha suscitado reacciones hasta del mismo Donald Trump.<\/p>\n\n\n\n<p>Los Patriots no se equivocaron con Gonz\u00e1lez ya que se ha destacado como el Novato Defensivo del Mes en septiembre de 2023, en el AP All-Pro Second Team&nbsp;de la temporada 2024, y fue una pieza fundamental en el&nbsp;t\u00edtulo de conferencia AFC de los Patriots en 2025. Adem\u00e1s, se encuentra en el Top 100 de los mejores jugadores de la NFL, donde hasta el momento ocupa la casilla 85.<\/p>\n\n\n\n<h2 class=\"wp-block-heading\">&nbsp;Colombia y la NFL: una relaci\u00f3n de m\u00e1s de cuarenta a\u00f1os<\/h2>\n\n\n\n<p>La historia de los jugadores colombianos en la NFL comienza a escribirse en 1981, cuando el barranquillero Jairo Pe\u00f1aranda pas\u00f3 a integrar las filas de los Los Angeles Rams tras ser reclutado desde la Universidad de California en Los \u00c1ngeles (UCLA).<\/p>\n\n\n\n<p>Pe\u00f1aranda tambi\u00e9n jug\u00f3 para los Philadelphia Eagles, equipo en el que termin\u00f3 su carrera profesional en 1986.<\/p>\n\n\n\n<p>El bogotano Fuad Reveiz prest\u00f3 sus servicios para tres franquicias de la NFL (Miami Dolphins, San Diego Chargers y Minnesota Vikings) entre 1985 y 1995. En 1993 fue escogido para el Pro Bowl o Partido de las Estrellas del f\u00fatbol americano.<\/p>\n\n\n\n<p>Y la lista termina con Fernando Velasco, quien en 2016 integr\u00f3 el equipo de los Carolina Panthers que lleg\u00f3 al Super Bowl L contra los Denver Broncos, pero no vio minutos en el partido llevado a cabo tambi\u00e9n en Santa Clara.<\/p>\n\n\n\n<p>Aparte de los Panthers, Velasco tambi\u00e9n se desempe\u00f1\u00f3 en los Tennessee Titans, los Pittsburgh Steelers, y los Buffalo Bills, en una carrera que se extendi\u00f3 entre 2009 y 2016.<\/p>\n\n\n\n<figure class=\"wp-block-image size-large\"><img loading=\"lazy\" decoding=\"async\" width=\"1024\" height=\"631\" src=\"https:\/\/elregionaldigital.info\/wp-content\/uploads\/2026\/02\/image-6-1024x631.png\" alt=\"\" class=\"wp-image-6200\" srcset=\"https:\/\/elregionaldigital.info\/wp-content\/uploads\/2026\/02\/image-6-1024x631.png 1024w, https:\/\/elregionaldigital.info\/wp-content\/uploads\/2026\/02\/image-6-300x185.png 300w, https:\/\/elregionaldigital.info\/wp-content\/uploads\/2026\/02\/image-6-768x474.png 768w, https:\/\/elregionaldigital.info\/wp-content\/uploads\/2026\/02\/image-6.png 1200w\" sizes=\"auto, (max-width: 1024px) 100vw, 1024px\" \/><\/figure>\n","protected":false},"excerpt":{"rendered":"<p>febrero 2, 2026 Con apenas 23 a\u00f1os,\u00a0Christian Gonz\u00e1lez, estadounidense de ra\u00edces colombianas, est\u00e1 viviendo un sue\u00f1o en medio de una gran temporada en la NFL: jugar el\u00a0Super Bowl LX\u00a0con\u00a0New England Patriots\u00a0contra los Seattle Seahawks el 8 de febrero en Santa Clara (California). La presencia de Gonz\u00e1lez en este partido tan esperado, no solo por los [&hellip;]<\/p>\n","protected":false},"author":1,"featured_media":6200,"comment_status":"open","ping_status":"open","sticky":false,"template":"","format":"standard","meta":{"footnotes":""},"categories":[6],"tags":[],"class_list":["post-6199","post","type-post","status-publish","format-standard","has-post-thumbnail","hentry","category-deportes"],"blog_post_layout_featured_media_urls":{"thumbnail":["https:\/\/elregionaldigital.info\/wp-content\/uploads\/2026\/02\/image-6-150x150.png",150,150,true],"full":["https:\/\/elregionaldigital.info\/wp-content\/uploads\/2026\/02\/image-6.png",1200,740,false]},"categories_names":{"6":{"name":"Deportes","link":"https:\/\/elregionaldigital.info\/?cat=6"}},"tags_names":[],"comments_number":"0","wpmagazine_modules_lite_featured_media_urls":{"thumbnail":["https:\/\/elregionaldigital.info\/wp-content\/uploads\/2026\/02\/image-6-150x150.png",150,150,true],"cvmm-medium":["https:\/\/elregionaldigital.info\/wp-content\/uploads\/2026\/02\/image-6-300x300.png",300,300,true],"cvmm-medium-plus":["https:\/\/elregionaldigital.info\/wp-content\/uploads\/2026\/02\/image-6-305x207.png",305,207,true],"cvmm-portrait":["https:\/\/elregionaldigital.info\/wp-content\/uploads\/2026\/02\/image-6-400x600.png",400,600,true],"cvmm-medium-square":["https:\/\/elregionaldigital.info\/wp-content\/uploads\/2026\/02\/image-6-600x600.png",600,600,true],"cvmm-large":["https:\/\/elregionaldigital.info\/wp-content\/uploads\/2026\/02\/image-6-1024x740.png",1024,740,true],"cvmm-small":["https:\/\/elregionaldigital.info\/wp-content\/uploads\/2026\/02\/image-6-130x95.png",130,95,true],"full":["https:\/\/elregionaldigital.info\/wp-content\/uploads\/2026\/02\/image-6.png",1200,740,false]},"_links":{"self":[{"href":"https:\/\/elregionaldigital.info\/index.php?rest_route=\/wp\/v2\/posts\/6199","targetHints":{"allow":["GET"]}}],"collection":[{"href":"https:\/\/elregionaldigital.info\/index.php?rest_route=\/wp\/v2\/posts"}],"about":[{"href":"https:\/\/elregionaldigital.info\/index.php?rest_route=\/wp\/v2\/types\/post"}],"author":[{"embeddable":true,"href":"https:\/\/elregionaldigital.info\/index.php?rest_route=\/wp\/v2\/users\/1"}],"replies":[{"embeddable":true,"href":"https:\/\/elregionaldigital.info\/index.php?rest_route=%2Fwp%2Fv2%2Fcomments&post=6199"}],"version-history":[{"count":1,"href":"https:\/\/elregionaldigital.info\/index.php?rest_route=\/wp\/v2\/posts\/6199\/revisions"}],"predecessor-version":[{"id":6201,"href":"https:\/\/elregionaldigital.info\/index.php?rest_route=\/wp\/v2\/posts\/6199\/revisions\/6201"}],"wp:featuredmedia":[{"embeddable":true,"href":"https:\/\/elregionaldigital.info\/index.php?rest_route=\/wp\/v2\/media\/6200"}],"wp:attachment":[{"href":"https:\/\/elregionaldigital.info\/index.php?rest_route=%2Fwp%2Fv2%2Fmedia&parent=6199"}],"wp:term":[{"taxonomy":"category","embeddable":true,"href":"https:\/\/elregionaldigital.info\/index.php?rest_route=%2Fwp%2Fv2%2Fcategories&post=6199"},{"taxonomy":"post_tag","embeddable":true,"href":"https:\/\/elregionaldigital.info\/index.php?rest_route=%2Fwp%2Fv2%2Ftags&post=6199"}],"curies":[{"name":"wp","href":"https:\/\/api.w.org\/{rel}","templated":true}]}}