{"id":6175,"date":"2026-02-11T16:20:40","date_gmt":"2026-02-11T16:20:40","guid":{"rendered":"https:\/\/elregionaldigital.info\/?p=6175"},"modified":"2026-02-13T16:23:44","modified_gmt":"2026-02-13T16:23:44","slug":"secuestran-a-cinco-hombres-en-carretera-de-ahome-sinaloa","status":"publish","type":"post","link":"https:\/\/elregionaldigital.info\/?p=6175","title":{"rendered":"Secuestran a cinco hombres en carretera de Ahome, Sinaloa"},"content":{"rendered":"\n<p>febrero 11, 2026<\/p>\n\n\n\n<p><strong>Cinco hombres<\/strong>, entre ellos un menor de edad, fueron&nbsp;<strong>privados de la libertad<\/strong>&nbsp;en el tramo carretero que conduce de&nbsp;<strong>Los Mochis<\/strong>&nbsp;a la cabecera municipal de&nbsp;<strong>Ahome<\/strong>,&nbsp;<strong>Sinaloa<\/strong>.<\/p>\n\n\n\n<p>De acuerdo con reportes, las v\u00edctimas fueron interceptadas por civiles armados mientras se desplazaban en un autom\u00f3vil particular, cerca del entronque con el ejido El Macapul.<\/p>\n\n\n\n<p>La\u00a0<strong>Comisi\u00f3n Estatal de B\u00fasqueda\u00a0de Personas de Sinaloa<\/strong>\u00a0public\u00f3 las fichas de b\u00fasqueda por medio de sus redes sociales. Los nombres de las personas desaparecidas son:<\/p>\n\n\n\n<ul class=\"wp-block-list\">\n<li><strong>Luis Ram\u00f3n Flores<\/strong>, de 38 a\u00f1os.<\/li>\n\n\n\n<li><strong>Luis Armando Flores<\/strong>, de 19 a\u00f1os.<\/li>\n\n\n\n<li><strong>Heriberto L\u00f3pez D\u00edaz<\/strong>, de 30 a\u00f1os.<\/li>\n\n\n\n<li><strong>Juan Antonio Soto Espain<\/strong>, de 29 a\u00f1os.<\/li>\n\n\n\n<li><strong>Jos\u00e9 \u00c1ngel Soto Espain<\/strong>, de 17 a\u00f1os.<\/li>\n<\/ul>\n\n\n\n<p>Seg\u00fan la informaci\u00f3n preliminar, el grupo fue interceptado tras visitar Mazatl\u00e1n y rumbo a la Villa de Ahome. Una mujer que acompa\u00f1aba a las v\u00edctimas, identificada como Yuri \u201cN\u201d, fue liberada en el lugar de los hechos, lo que permiti\u00f3 dar aviso inmediato a las corporaciones de seguridad y a los servicios de emergencia.<\/p>\n\n\n\n<p>Tras recibir el reporte del secuestro., autoridades implementaron un operativo de b\u00fasqueda en la zona norte del estado, sin que hasta el momento se haya reportado la localizaci\u00f3n de las v\u00edctimas o la detenci\u00f3n de los responsables.<\/p>\n\n\n\n<p>La&nbsp;<strong>Comisi\u00f3n Estatal de B\u00fasqueda de Personas en Sinaloa<\/strong>&nbsp;formaliz\u00f3 los protocolos de localizaci\u00f3n y solicita a la ciudadan\u00eda cualquier informaci\u00f3n que ayude a su paradero a trav\u00e9s de las l\u00edneas oficiales de emergencia.<\/p>\n\n\n\n<p>\u201cSi posee alg\u00fan tipo de informaci\u00f3n que considere pueda apoyar a localizarlo, favor de compartirla al n\u00famero telef\u00f3nico (668)6889860 y\/o al (668)2194525 \u00f3 a trav\u00e9s de correo:&nbsp;cebpd@sinaloa.gob.mx&nbsp;\u201c, indic\u00f3 la autoridad sinaloense.<\/p>\n\n\n\n<figure class=\"wp-block-image size-large\"><img loading=\"lazy\" decoding=\"async\" width=\"1024\" height=\"683\" src=\"https:\/\/elregionaldigital.info\/wp-content\/uploads\/2026\/02\/image-1-1024x683.png\" alt=\"\" class=\"wp-image-6176\" srcset=\"https:\/\/elregionaldigital.info\/wp-content\/uploads\/2026\/02\/image-1-1024x683.png 1024w, https:\/\/elregionaldigital.info\/wp-content\/uploads\/2026\/02\/image-1-300x200.png 300w, https:\/\/elregionaldigital.info\/wp-content\/uploads\/2026\/02\/image-1-768x512.png 768w, https:\/\/elregionaldigital.info\/wp-content\/uploads\/2026\/02\/image-1-1536x1024.png 1536w, https:\/\/elregionaldigital.info\/wp-content\/uploads\/2026\/02\/image-1.png 1920w\" sizes=\"auto, (max-width: 1024px) 100vw, 1024px\" \/><\/figure>\n\n\n\n<p><\/p>\n","protected":false},"excerpt":{"rendered":"<p>febrero 11, 2026 Cinco hombres, entre ellos un menor de edad, fueron&nbsp;privados de la libertad&nbsp;en el tramo carretero que conduce de&nbsp;Los Mochis&nbsp;a la cabecera municipal de&nbsp;Ahome,&nbsp;Sinaloa. De acuerdo con reportes, las v\u00edctimas fueron interceptadas por civiles armados mientras se desplazaban en un autom\u00f3vil particular, cerca del entronque con el ejido El Macapul. La\u00a0Comisi\u00f3n Estatal de [&hellip;]<\/p>\n","protected":false},"author":1,"featured_media":6176,"comment_status":"open","ping_status":"open","sticky":false,"template":"","format":"standard","meta":{"footnotes":""},"categories":[5],"tags":[],"class_list":["post-6175","post","type-post","status-publish","format-standard","has-post-thumbnail","hentry","category-nacional"],"blog_post_layout_featured_media_urls":{"thumbnail":["https:\/\/elregionaldigital.info\/wp-content\/uploads\/2026\/02\/image-1-150x150.png",150,150,true],"full":["https:\/\/elregionaldigital.info\/wp-content\/uploads\/2026\/02\/image-1.png",1920,1280,false]},"categories_names":{"5":{"name":"Nacional","link":"https:\/\/elregionaldigital.info\/?cat=5"}},"tags_names":[],"comments_number":"0","wpmagazine_modules_lite_featured_media_urls":{"thumbnail":["https:\/\/elregionaldigital.info\/wp-content\/uploads\/2026\/02\/image-1-150x150.png",150,150,true],"cvmm-medium":["https:\/\/elregionaldigital.info\/wp-content\/uploads\/2026\/02\/image-1-300x300.png",300,300,true],"cvmm-medium-plus":["https:\/\/elregionaldigital.info\/wp-content\/uploads\/2026\/02\/image-1-305x207.png",305,207,true],"cvmm-portrait":["https:\/\/elregionaldigital.info\/wp-content\/uploads\/2026\/02\/image-1-400x600.png",400,600,true],"cvmm-medium-square":["https:\/\/elregionaldigital.info\/wp-content\/uploads\/2026\/02\/image-1-600x600.png",600,600,true],"cvmm-large":["https:\/\/elregionaldigital.info\/wp-content\/uploads\/2026\/02\/image-1-1024x1024.png",1024,1024,true],"cvmm-small":["https:\/\/elregionaldigital.info\/wp-content\/uploads\/2026\/02\/image-1-130x95.png",130,95,true],"full":["https:\/\/elregionaldigital.info\/wp-content\/uploads\/2026\/02\/image-1.png",1920,1280,false]},"_links":{"self":[{"href":"https:\/\/elregionaldigital.info\/index.php?rest_route=\/wp\/v2\/posts\/6175","targetHints":{"allow":["GET"]}}],"collection":[{"href":"https:\/\/elregionaldigital.info\/index.php?rest_route=\/wp\/v2\/posts"}],"about":[{"href":"https:\/\/elregionaldigital.info\/index.php?rest_route=\/wp\/v2\/types\/post"}],"author":[{"embeddable":true,"href":"https:\/\/elregionaldigital.info\/index.php?rest_route=\/wp\/v2\/users\/1"}],"replies":[{"embeddable":true,"href":"https:\/\/elregionaldigital.info\/index.php?rest_route=%2Fwp%2Fv2%2Fcomments&post=6175"}],"version-history":[{"count":1,"href":"https:\/\/elregionaldigital.info\/index.php?rest_route=\/wp\/v2\/posts\/6175\/revisions"}],"predecessor-version":[{"id":6177,"href":"https:\/\/elregionaldigital.info\/index.php?rest_route=\/wp\/v2\/posts\/6175\/revisions\/6177"}],"wp:featuredmedia":[{"embeddable":true,"href":"https:\/\/elregionaldigital.info\/index.php?rest_route=\/wp\/v2\/media\/6176"}],"wp:attachment":[{"href":"https:\/\/elregionaldigital.info\/index.php?rest_route=%2Fwp%2Fv2%2Fmedia&parent=6175"}],"wp:term":[{"taxonomy":"category","embeddable":true,"href":"https:\/\/elregionaldigital.info\/index.php?rest_route=%2Fwp%2Fv2%2Fcategories&post=6175"},{"taxonomy":"post_tag","embeddable":true,"href":"https:\/\/elregionaldigital.info\/index.php?rest_route=%2Fwp%2Fv2%2Ftags&post=6175"}],"curies":[{"name":"wp","href":"https:\/\/api.w.org\/{rel}","templated":true}]}}