{"id":617,"date":"2022-10-18T03:16:26","date_gmt":"2022-10-18T03:16:26","guid":{"rendered":"http:\/\/elregionaldigital.info\/?p=617"},"modified":"2022-10-18T03:16:27","modified_gmt":"2022-10-18T03:16:27","slug":"la-fmvz-de-la-uat-celebra-sus-65-anos-con-congreso-internacional%ef%bf%bc","status":"publish","type":"post","link":"https:\/\/elregionaldigital.info\/?p=617","title":{"rendered":"La FMVZ de la UAT celebra sus 65 a\u00f1os con congreso internacional\ufffc"},"content":{"rendered":"\n<figure class=\"wp-block-image size-large\"><img loading=\"lazy\" decoding=\"async\" width=\"1024\" height=\"683\" src=\"http:\/\/elregionaldigital.info\/wp-content\/uploads\/2022\/10\/6-7-1024x683.jpg\" alt=\"\" class=\"wp-image-618\" srcset=\"https:\/\/elregionaldigital.info\/wp-content\/uploads\/2022\/10\/6-7-1024x683.jpg 1024w, https:\/\/elregionaldigital.info\/wp-content\/uploads\/2022\/10\/6-7-300x200.jpg 300w, https:\/\/elregionaldigital.info\/wp-content\/uploads\/2022\/10\/6-7-768x512.jpg 768w, https:\/\/elregionaldigital.info\/wp-content\/uploads\/2022\/10\/6-7-1536x1024.jpg 1536w, https:\/\/elregionaldigital.info\/wp-content\/uploads\/2022\/10\/6-7-2048x1365.jpg 2048w\" sizes=\"auto, (max-width: 1024px) 100vw, 1024px\" \/><\/figure>\n\n\n\n<p>Ciudad Victoria, Tam. 17 de octubre de 2022.<\/p>\n\n\n\n<p><strong>La FMVZ de la UAT celebra sus 65 a\u00f1os con congreso internacional<\/strong><\/p>\n\n\n\n<p>En el marco del 65 aniversario de su fundaci\u00f3n, la Facultad de Medicina Veterinaria y Zootecnia (FMVZ) de la Universidad Aut\u00f3noma de Tamaulipas (UAT) puso en marcha el Tercer Congreso Internacional, cuyo evento lleva el nombre de la Dra. Gabriela Sarah\u00ed Luna Castro, en un homenaje p\u00f3stumo a la catedr\u00e1tica e investigadora de esta casa de estudios.<\/p>\n\n\n\n<p>Al evento inaugural acudi\u00f3, en representaci\u00f3n del rector de la UAT, C. P. Guillermo Mendoza Cavazos, la Dra. Mariana Zer\u00f3n F\u00e9lix, secretaria de Investigaci\u00f3n y Posgrado; asimismo, estuvieron presentes, el MVZ D\u00e1maso Anaya Alvarado, secretario estatal de Desarrollo Rural, en representaci\u00f3n del gobernador de Tamaulipas, Dr. Am\u00e9rico Villarreal Anaya; y el Dr. Flaviano Benavides Gonz\u00e1lez, director de la FMVZ.<\/p>\n\n\n\n<p>De igual forma acompa\u00f1aron el evento, el Ing. Homero Garc\u00eda de la Llata, presidente de la Confederaci\u00f3n Nacional de Organizaciones Ganaderas; la Dra. Mar\u00eda de la Luz V\u00e1zquez Sauceda, jefa de la Divisi\u00f3n de Estudios de Posgrado de la facultad; y el mayor m\u00e9dico cirujano Julio C\u00e9sar Teco P\u00e9rez, comandante de la 48 zona militar, entre otras autoridades.<\/p>\n\n\n\n<p>En su oportunidad, el m\u00e9dico D\u00e1maso Anaya felicit\u00f3 el esfuerzo de la Universidad por organizar eventos que permiten a los estudiantes interactuar con referentes temas educativos y cient\u00edficos.&nbsp;<\/p>\n\n\n\n<p>El representante del gobernador se\u00f1al\u00f3 que la vinculaci\u00f3n de la UAT con los productores del estado ser\u00e1 de gran importancia para solucionar los problemas que aquejan a ese sector productivo.<\/p>\n\n\n\n<p>\u201cComo lo menciona a nivel estatal nuestro gobernador, el Dr. Am\u00e9rico Villarreal, hay que hacer equipo entre las instituciones educativas y el sector ganadero para sacar a nuestro estado adelante\u201d, a\u00f1adi\u00f3.<\/p>\n\n\n\n<p>Por su parte, y al poner en marcha los trabajos, la Dra. Mariana Zer\u00f3n F\u00e9lix, en representaci\u00f3n del rector, dijo que, a lo largo de los a\u00f1os, la FMVZ se ha constituido como uno de los planteles m\u00e1s importantes a nivel nacional en la formaci\u00f3n de cuadros especializados. &nbsp;<\/p>\n\n\n\n<p>De la misma manera, el director de la FMVZ, Flaviano Benavidez, expuso los objetivos de organizar este evento para celebrar los 65 a\u00f1os del plantel universitario, que se ha consolidado como una de las escuelas m\u00e1s importantes en su tipo a nivel nacional.<\/p>\n\n\n\n<p>Refrend\u00f3 el directivo su compromiso de seguir fortaleciendo la educaci\u00f3n de calidad y, en ese contexto, rese\u00f1\u00f3 que se cuenta con tres programas de posgrado reconocidos a nivel nacional, luego de subrayar que, en sus procesos de evoluci\u00f3n, la Facultad de Veterinaria de la UAT actualmente cuenta con una poblaci\u00f3n mayoritariamente femenina, al representar el 60% de la matr\u00edcula estudiantil.&nbsp;<\/p>\n\n\n\n<p>Posteriormente, el Dr. Flaviano Benavides Gonz\u00e1lez, dio lectura a una semblanza de la Dra. Gabriela Sarah\u00ed Luna Castro, cuyo nombre lleva este tercer congreso veterinario, en homenaje p\u00f3stumo de quien fuera profesora e investigadora de esta instituci\u00f3n y dejara un enorme legado acad\u00e9mico para el crecimiento de los estudiantes de esta escuela.&nbsp; El evento se desarrollar\u00e1 del 17 al 22 de octubre de 2022 y contempla la participaci\u00f3n de ponentes nacionales e internacionales, con tem\u00e1ticas como: fauna silvestre, equinos, acuacultura, peque\u00f1as especies, el papel del m\u00e9dico veterinario en la conservaci\u00f3n de la fauna silvestre, qu\u00edmica de la fauna silvestre, apicultura, entre otros.&nbsp;<\/p>\n","protected":false},"excerpt":{"rendered":"<p>Ciudad Victoria, Tam. 17 de octubre de 2022. La FMVZ de la UAT celebra sus 65 a\u00f1os con congreso internacional En el marco del 65 aniversario de su fundaci\u00f3n, la Facultad de Medicina Veterinaria y Zootecnia (FMVZ) de la Universidad Aut\u00f3noma de Tamaulipas (UAT) puso en marcha el Tercer Congreso Internacional, cuyo evento lleva el [&hellip;]<\/p>\n","protected":false},"author":1,"featured_media":618,"comment_status":"open","ping_status":"open","sticky":false,"template":"","format":"standard","meta":{"footnotes":""},"categories":[4],"tags":[],"class_list":["post-617","post","type-post","status-publish","format-standard","has-post-thumbnail","hentry","category-universidades"],"blog_post_layout_featured_media_urls":{"thumbnail":["https:\/\/elregionaldigital.info\/wp-content\/uploads\/2022\/10\/6-7-150x150.jpg",150,150,true],"full":["https:\/\/elregionaldigital.info\/wp-content\/uploads\/2022\/10\/6-7-scaled.jpg",2560,1707,false]},"categories_names":{"4":{"name":"Universidades","link":"https:\/\/elregionaldigital.info\/?cat=4"}},"tags_names":[],"comments_number":"0","wpmagazine_modules_lite_featured_media_urls":{"thumbnail":["https:\/\/elregionaldigital.info\/wp-content\/uploads\/2022\/10\/6-7-150x150.jpg",150,150,true],"cvmm-medium":["https:\/\/elregionaldigital.info\/wp-content\/uploads\/2022\/10\/6-7-300x300.jpg",300,300,true],"cvmm-medium-plus":["https:\/\/elregionaldigital.info\/wp-content\/uploads\/2022\/10\/6-7-305x207.jpg",305,207,true],"cvmm-portrait":["https:\/\/elregionaldigital.info\/wp-content\/uploads\/2022\/10\/6-7-400x600.jpg",400,600,true],"cvmm-medium-square":["https:\/\/elregionaldigital.info\/wp-content\/uploads\/2022\/10\/6-7-600x600.jpg",600,600,true],"cvmm-large":["https:\/\/elregionaldigital.info\/wp-content\/uploads\/2022\/10\/6-7-1024x1024.jpg",1024,1024,true],"cvmm-small":["https:\/\/elregionaldigital.info\/wp-content\/uploads\/2022\/10\/6-7-130x95.jpg",130,95,true],"full":["https:\/\/elregionaldigital.info\/wp-content\/uploads\/2022\/10\/6-7-scaled.jpg",2560,1707,false]},"_links":{"self":[{"href":"https:\/\/elregionaldigital.info\/index.php?rest_route=\/wp\/v2\/posts\/617","targetHints":{"allow":["GET"]}}],"collection":[{"href":"https:\/\/elregionaldigital.info\/index.php?rest_route=\/wp\/v2\/posts"}],"about":[{"href":"https:\/\/elregionaldigital.info\/index.php?rest_route=\/wp\/v2\/types\/post"}],"author":[{"embeddable":true,"href":"https:\/\/elregionaldigital.info\/index.php?rest_route=\/wp\/v2\/users\/1"}],"replies":[{"embeddable":true,"href":"https:\/\/elregionaldigital.info\/index.php?rest_route=%2Fwp%2Fv2%2Fcomments&post=617"}],"version-history":[{"count":1,"href":"https:\/\/elregionaldigital.info\/index.php?rest_route=\/wp\/v2\/posts\/617\/revisions"}],"predecessor-version":[{"id":619,"href":"https:\/\/elregionaldigital.info\/index.php?rest_route=\/wp\/v2\/posts\/617\/revisions\/619"}],"wp:featuredmedia":[{"embeddable":true,"href":"https:\/\/elregionaldigital.info\/index.php?rest_route=\/wp\/v2\/media\/618"}],"wp:attachment":[{"href":"https:\/\/elregionaldigital.info\/index.php?rest_route=%2Fwp%2Fv2%2Fmedia&parent=617"}],"wp:term":[{"taxonomy":"category","embeddable":true,"href":"https:\/\/elregionaldigital.info\/index.php?rest_route=%2Fwp%2Fv2%2Fcategories&post=617"},{"taxonomy":"post_tag","embeddable":true,"href":"https:\/\/elregionaldigital.info\/index.php?rest_route=%2Fwp%2Fv2%2Ftags&post=617"}],"curies":[{"name":"wp","href":"https:\/\/api.w.org\/{rel}","templated":true}]}}