{"id":6168,"date":"2026-02-12T15:32:14","date_gmt":"2026-02-12T15:32:14","guid":{"rendered":"https:\/\/elregionaldigital.info\/?p=6168"},"modified":"2026-02-13T15:32:40","modified_gmt":"2026-02-13T15:32:40","slug":"fomenta-el-rector-damaso-anaya-talento-e-innovacion-en-la-fadu","status":"publish","type":"post","link":"https:\/\/elregionaldigital.info\/?p=6168","title":{"rendered":"Fomenta el rector D\u00e1maso Anaya talento e innovaci\u00f3n en la FADU"},"content":{"rendered":"\n<p>12 de febrero del 2026<\/p>\n\n\n\n<p><strong>&#8220;<\/strong>&nbsp;Con el objetivo de estrechar lazos con la comunidad universitaria y supervisar el crecimiento de la infraestructura acad\u00e9mica, el rector de la Universidad Aut\u00f3noma de Tamaulipas (UAT), D\u00e1maso Anaya Alvarado, realiz\u00f3 un recorrido por la Facultad de Arquitectura, Dise\u00f1o y Urbanismo (FADU) en el Campus Tampico.&nbsp;<strong>&#8220;<\/strong><\/p>\n\n\n\n<p>\u200b<\/p>\n\n\n\n<p>Tampico, Tam.; 12 de febrero de 2026.<\/p>\n\n\n\n<p>Acompa\u00f1ado de su esposa, Lic. Isolda Rend\u00f3n de Anaya, presidenta de Familia UAT, el rector desarroll\u00f3 en este plantel universitario una jornada enfocada en impulsar el talento y la innovaci\u00f3n estudiantil, as\u00ed como el fortalecimiento de proyectos institucionales.<\/p>\n\n\n\n<p>Tras el mensaje de bienvenida de la directora de la FADU, Lisbeth Am\u00e9rica Brandt Garc\u00eda, y ante la presencia de docentes, estudiantes y personal administrativo, el rector D\u00e1maso Anaya inaugur\u00f3 nuevas instalaciones para las licenciaturas de Arquitectura, Dise\u00f1o Gr\u00e1fico, y Arquitectura de Interiores y Habitabilidad.<\/p>\n\n\n\n<p>M\u00e1s adelante supervis\u00f3 la modernizaci\u00f3n de los centros de c\u00f3mputo y presenci\u00f3 una clase muestra, donde dialog\u00f3 con los estudiantes reafirmando su compromiso de ofrecer infraestructura de vanguardia y potenciar la creatividad de toda la comunidad.<\/p>\n\n\n\n<p>Asimismo, sostuvo una reuni\u00f3n con el cuerpo docente para analizar acciones acad\u00e9micas y de gesti\u00f3n orientadas a consolidar el modelo educativo y asegurar una formaci\u00f3n alineada con las demandas profesionales. En este marco, se inform\u00f3 sobre la implementaci\u00f3n de talleres pr\u00e1cticos y multidisciplinarios que simulan el entorno laboral y el trabajo colaborativo.<\/p>\n\n\n\n<p>Finalmente, el rector se traslad\u00f3 a los jardines del plantel para acompa\u00f1ar a estudiantes y docentes en el evento denominado \u201cFADU Lovers&#8221;, donde comparti\u00f3 con las y los j\u00f3venes universitarios un animado encuentro de creatividad, m\u00fasica, colores y sabores como parte de las actividades de convivencia y participaci\u00f3n creativa que organiza la instituci\u00f3n.<\/p>\n\n\n\n<p>El rector mencion\u00f3 que esta visita le permiti\u00f3 acercarse directamente a docentes y estudiantes, escuchar sus necesidades y conocer los avances de la Universidad. Puntualiz\u00f3 que estos encuentros son fundamentales para identificar retos y oportunidades en cada centro universitario, fomentar la cooperaci\u00f3n y fortalecer la cercan\u00eda con la comunidad, as\u00ed como para orientar la mejora de la infraestructura, el equipamiento y los programas educativos.<\/p>\n\n\n\n<figure class=\"wp-block-image\"><img decoding=\"async\" src=\"https:\/\/www.uat.edu.mx\/noticias\/PublishingImages\/2024\/05\/2_FHV062.jpg\" alt=\"\"\/><\/figure>\n","protected":false},"excerpt":{"rendered":"<p>12 de febrero del 2026 &#8220;&nbsp;Con el objetivo de estrechar lazos con la comunidad universitaria y supervisar el crecimiento de la infraestructura acad\u00e9mica, el rector de la Universidad Aut\u00f3noma de Tamaulipas (UAT), D\u00e1maso Anaya Alvarado, realiz\u00f3 un recorrido por la Facultad de Arquitectura, Dise\u00f1o y Urbanismo (FADU) en el Campus Tampico.&nbsp;&#8220; \u200b Tampico, Tam.; 12 [&hellip;]<\/p>\n","protected":false},"author":1,"featured_media":6169,"comment_status":"open","ping_status":"open","sticky":false,"template":"","format":"standard","meta":{"footnotes":""},"categories":[4],"tags":[],"class_list":["post-6168","post","type-post","status-publish","format-standard","has-post-thumbnail","hentry","category-universidades"],"blog_post_layout_featured_media_urls":{"thumbnail":["https:\/\/elregionaldigital.info\/wp-content\/uploads\/2026\/02\/3_FHV062-150x150.jpg",150,150,true],"full":["https:\/\/elregionaldigital.info\/wp-content\/uploads\/2026\/02\/3_FHV062.jpg",900,600,false]},"categories_names":{"4":{"name":"Universidades","link":"https:\/\/elregionaldigital.info\/?cat=4"}},"tags_names":[],"comments_number":"0","wpmagazine_modules_lite_featured_media_urls":{"thumbnail":["https:\/\/elregionaldigital.info\/wp-content\/uploads\/2026\/02\/3_FHV062-150x150.jpg",150,150,true],"cvmm-medium":["https:\/\/elregionaldigital.info\/wp-content\/uploads\/2026\/02\/3_FHV062-300x300.jpg",300,300,true],"cvmm-medium-plus":["https:\/\/elregionaldigital.info\/wp-content\/uploads\/2026\/02\/3_FHV062-305x207.jpg",305,207,true],"cvmm-portrait":["https:\/\/elregionaldigital.info\/wp-content\/uploads\/2026\/02\/3_FHV062-400x600.jpg",400,600,true],"cvmm-medium-square":["https:\/\/elregionaldigital.info\/wp-content\/uploads\/2026\/02\/3_FHV062-600x600.jpg",600,600,true],"cvmm-large":["https:\/\/elregionaldigital.info\/wp-content\/uploads\/2026\/02\/3_FHV062.jpg",900,600,false],"cvmm-small":["https:\/\/elregionaldigital.info\/wp-content\/uploads\/2026\/02\/3_FHV062-130x95.jpg",130,95,true],"full":["https:\/\/elregionaldigital.info\/wp-content\/uploads\/2026\/02\/3_FHV062.jpg",900,600,false]},"_links":{"self":[{"href":"https:\/\/elregionaldigital.info\/index.php?rest_route=\/wp\/v2\/posts\/6168","targetHints":{"allow":["GET"]}}],"collection":[{"href":"https:\/\/elregionaldigital.info\/index.php?rest_route=\/wp\/v2\/posts"}],"about":[{"href":"https:\/\/elregionaldigital.info\/index.php?rest_route=\/wp\/v2\/types\/post"}],"author":[{"embeddable":true,"href":"https:\/\/elregionaldigital.info\/index.php?rest_route=\/wp\/v2\/users\/1"}],"replies":[{"embeddable":true,"href":"https:\/\/elregionaldigital.info\/index.php?rest_route=%2Fwp%2Fv2%2Fcomments&post=6168"}],"version-history":[{"count":1,"href":"https:\/\/elregionaldigital.info\/index.php?rest_route=\/wp\/v2\/posts\/6168\/revisions"}],"predecessor-version":[{"id":6170,"href":"https:\/\/elregionaldigital.info\/index.php?rest_route=\/wp\/v2\/posts\/6168\/revisions\/6170"}],"wp:featuredmedia":[{"embeddable":true,"href":"https:\/\/elregionaldigital.info\/index.php?rest_route=\/wp\/v2\/media\/6169"}],"wp:attachment":[{"href":"https:\/\/elregionaldigital.info\/index.php?rest_route=%2Fwp%2Fv2%2Fmedia&parent=6168"}],"wp:term":[{"taxonomy":"category","embeddable":true,"href":"https:\/\/elregionaldigital.info\/index.php?rest_route=%2Fwp%2Fv2%2Fcategories&post=6168"},{"taxonomy":"post_tag","embeddable":true,"href":"https:\/\/elregionaldigital.info\/index.php?rest_route=%2Fwp%2Fv2%2Ftags&post=6168"}],"curies":[{"name":"wp","href":"https:\/\/api.w.org\/{rel}","templated":true}]}}