{"id":6165,"date":"2026-02-11T15:34:41","date_gmt":"2026-02-11T15:34:41","guid":{"rendered":"https:\/\/elregionaldigital.info\/?p=6165"},"modified":"2026-02-12T15:35:33","modified_gmt":"2026-02-12T15:35:33","slug":"forma-uat-a-estudiantes-con-mas-competencias-para-el-mercado-laboral","status":"publish","type":"post","link":"https:\/\/elregionaldigital.info\/?p=6165","title":{"rendered":"Forma UAT a estudiantes con m\u00e1s competencias para el mercado laboral"},"content":{"rendered":"\n<p>Tampico, Tam.; 11 de febrero de 2026.<\/p>\n\n\n\n<p>En gira de trabajo por la Facultad de Ingenier\u00eda Tampico, el rector D\u00e1maso Anaya entreg\u00f3 nueva<br>infraestructura para la formaci\u00f3n integral del alumnado y presidi\u00f3 acciones de vinculaci\u00f3n que<br>ofrecen a los j\u00f3venes mayores oportunidades para su desarrollo profesional.<\/p>\n\n\n\n<p>Al encabezar una jornada integral de trabajo en la Facultad de Ingenier\u00eda Tampico (FIT), el rector<br>de la Universidad Aut\u00f3noma de Tamaulipas (UAT), D\u00e1maso Anaya Alvarado, reafirm\u00f3 el<br>compromiso institucional de fortalecer las competencias de los estudiantes para una exitosa<br>inserci\u00f3n en el mercado laboral.<br>Durante su visita, destac\u00f3 la oportunidad de convivir y fomentar un di\u00e1logo directo con la<br>comunidad universitaria, en la visi\u00f3n de impulsar una educaci\u00f3n humanista y de alto impacto<br>social.<br>La jornada se llev\u00f3 a cabo en el marco del 70 aniversario de esta instituci\u00f3n, mediante un<br>programa centrado en la modernizaci\u00f3n de espacios, el fortalecimiento de la vinculaci\u00f3n<br>institucional, adem\u00e1s de la revisi\u00f3n de indicadores acad\u00e9micos y prioridades de infraestructura.<br>Acompa\u00f1ado del director de la Facultad de Ingenier\u00eda Tampico, Roberto Pichardo Ram\u00edrez, el<br>rector D\u00e1maso Anaya inici\u00f3 su visita con el corte de list\u00f3n de las nuevas \u00e1reas de Atenci\u00f3n Integral<br>a Alumnos, que optimizan el funcionamiento de Servicios Escolares, Servicio Social, Pr\u00e1cticas<br>Profesionales y Vinculaci\u00f3n.<br>Durante el recorrido convers\u00f3 con los estudiantes de las diversas carreras de ingenier\u00eda, y los<br>exhort\u00f3 a aprovechar todo lo que brinda la instituci\u00f3n para su formaci\u00f3n integral. Visit\u00f3 tambi\u00e9n<br>los laboratorios y \u00e1reas estrat\u00e9gicas, constatando las condiciones de los espacios destinados a la<br>formaci\u00f3n de ingenieros en las \u00e1reas: Civil, Industrial y de Sistemas, Sistemas Computacionales,<br>Negocios, Ingenier\u00eda en Desarrollo Sostenible, as\u00ed como la Ingenier\u00eda en Ciencia de Datos e<br>Inteligencia Artificial de nueva creaci\u00f3n.<br>En su visita, el rector presidi\u00f3 la firma del convenio de colaboraci\u00f3n entre la UAT y el Colegio de<br>Ingenieros Civiles de Tamaulipas, con la participaci\u00f3n del presidente del organismo colegiado,<br>Dar\u00edo Alfonso Brambila Mendoza, destac\u00e1ndose el objetivo de fortalecer la formaci\u00f3n profesional,<br>impulsar la educaci\u00f3n continua y generar proyectos conjuntos que respondan a los retos de la<br>infraestructura y el crecimiento urbano del estado.<br>En otra parte de la jornada, se presentaron los avances acad\u00e9micos y los indicadores<br>institucionales actuales, destac\u00e1ndose los nuevos programas educativos y las propuestas de<br>colaboraci\u00f3n e investigaci\u00f3n estrat\u00e9gica de la facultad.<br>Tambi\u00e9n se llev\u00f3 a cabo la entrega de certificados CERTIPORT a un grupo de docentes, avalando<br>con ello sus competencias tecnol\u00f3gicas internacionales.<br>D\u00e1maso Anaya concluy\u00f3 el recorrido junto a cientos de estudiantes en la explanada de la Facultad<br>de Ingenier\u00eda, reafirmando el compromiso de conocer de cerca las experiencias de la comunidad<br>universitaria para consolidar una instituci\u00f3n m\u00e1s humana y con un profundo sentido social.<\/p>\n\n\n\n<figure class=\"wp-block-image\"><img decoding=\"async\" src=\"https:\/\/diarioelcuerudo.info\/wp-content\/uploads\/2026\/02\/1-43-1024x576.jpeg\" alt=\"\" class=\"wp-image-5028\"\/><\/figure>\n","protected":false},"excerpt":{"rendered":"<p>Tampico, Tam.; 11 de febrero de 2026. En gira de trabajo por la Facultad de Ingenier\u00eda Tampico, el rector D\u00e1maso Anaya entreg\u00f3 nuevainfraestructura para la formaci\u00f3n integral del alumnado y presidi\u00f3 acciones de vinculaci\u00f3n queofrecen a los j\u00f3venes mayores oportunidades para su desarrollo profesional. Al encabezar una jornada integral de trabajo en la Facultad de [&hellip;]<\/p>\n","protected":false},"author":1,"featured_media":6166,"comment_status":"open","ping_status":"open","sticky":false,"template":"","format":"standard","meta":{"footnotes":""},"categories":[4],"tags":[],"class_list":["post-6165","post","type-post","status-publish","format-standard","has-post-thumbnail","hentry","category-universidades"],"blog_post_layout_featured_media_urls":{"thumbnail":["https:\/\/elregionaldigital.info\/wp-content\/uploads\/2026\/02\/1-43-150x150.jpeg",150,150,true],"full":["https:\/\/elregionaldigital.info\/wp-content\/uploads\/2026\/02\/1-43.jpeg",2560,1440,false]},"categories_names":{"4":{"name":"Universidades","link":"https:\/\/elregionaldigital.info\/?cat=4"}},"tags_names":[],"comments_number":"0","wpmagazine_modules_lite_featured_media_urls":{"thumbnail":["https:\/\/elregionaldigital.info\/wp-content\/uploads\/2026\/02\/1-43-150x150.jpeg",150,150,true],"cvmm-medium":["https:\/\/elregionaldigital.info\/wp-content\/uploads\/2026\/02\/1-43-300x300.jpeg",300,300,true],"cvmm-medium-plus":["https:\/\/elregionaldigital.info\/wp-content\/uploads\/2026\/02\/1-43-305x207.jpeg",305,207,true],"cvmm-portrait":["https:\/\/elregionaldigital.info\/wp-content\/uploads\/2026\/02\/1-43-400x600.jpeg",400,600,true],"cvmm-medium-square":["https:\/\/elregionaldigital.info\/wp-content\/uploads\/2026\/02\/1-43-600x600.jpeg",600,600,true],"cvmm-large":["https:\/\/elregionaldigital.info\/wp-content\/uploads\/2026\/02\/1-43-1024x1024.jpeg",1024,1024,true],"cvmm-small":["https:\/\/elregionaldigital.info\/wp-content\/uploads\/2026\/02\/1-43-130x95.jpeg",130,95,true],"full":["https:\/\/elregionaldigital.info\/wp-content\/uploads\/2026\/02\/1-43.jpeg",2560,1440,false]},"_links":{"self":[{"href":"https:\/\/elregionaldigital.info\/index.php?rest_route=\/wp\/v2\/posts\/6165","targetHints":{"allow":["GET"]}}],"collection":[{"href":"https:\/\/elregionaldigital.info\/index.php?rest_route=\/wp\/v2\/posts"}],"about":[{"href":"https:\/\/elregionaldigital.info\/index.php?rest_route=\/wp\/v2\/types\/post"}],"author":[{"embeddable":true,"href":"https:\/\/elregionaldigital.info\/index.php?rest_route=\/wp\/v2\/users\/1"}],"replies":[{"embeddable":true,"href":"https:\/\/elregionaldigital.info\/index.php?rest_route=%2Fwp%2Fv2%2Fcomments&post=6165"}],"version-history":[{"count":1,"href":"https:\/\/elregionaldigital.info\/index.php?rest_route=\/wp\/v2\/posts\/6165\/revisions"}],"predecessor-version":[{"id":6167,"href":"https:\/\/elregionaldigital.info\/index.php?rest_route=\/wp\/v2\/posts\/6165\/revisions\/6167"}],"wp:featuredmedia":[{"embeddable":true,"href":"https:\/\/elregionaldigital.info\/index.php?rest_route=\/wp\/v2\/media\/6166"}],"wp:attachment":[{"href":"https:\/\/elregionaldigital.info\/index.php?rest_route=%2Fwp%2Fv2%2Fmedia&parent=6165"}],"wp:term":[{"taxonomy":"category","embeddable":true,"href":"https:\/\/elregionaldigital.info\/index.php?rest_route=%2Fwp%2Fv2%2Fcategories&post=6165"},{"taxonomy":"post_tag","embeddable":true,"href":"https:\/\/elregionaldigital.info\/index.php?rest_route=%2Fwp%2Fv2%2Ftags&post=6165"}],"curies":[{"name":"wp","href":"https:\/\/api.w.org\/{rel}","templated":true}]}}