{"id":6130,"date":"2026-02-01T17:29:22","date_gmt":"2026-02-01T17:29:22","guid":{"rendered":"https:\/\/elregionaldigital.info\/?p=6130"},"modified":"2026-02-03T17:30:07","modified_gmt":"2026-02-03T17:30:07","slug":"la-uat-fortalece-la-investigacion-en-geomatica-y-gestion-territorial","status":"publish","type":"post","link":"https:\/\/elregionaldigital.info\/?p=6130","title":{"rendered":"La UAT fortalece la investigaci\u00f3n en geom\u00e1tica y gesti\u00f3n territorial"},"content":{"rendered":"\n<p>1 de febrero del 2026<\/p>\n\n\n\n<p><strong>&#8220;<\/strong>&nbsp;Con el objetivo de fortalecer sus \u00e1reas de investigaci\u00f3n y servicios especializados, la Universidad Aut\u00f3noma de Tamaulipas (UAT) transform\u00f3 el Instituto de Ingenier\u00eda y Ciencias en el nuevo Instituto de Geom\u00e1tica y Gesti\u00f3n Territorial, consolidando su liderazgo en investigaci\u00f3n, an\u00e1lisis y planeaci\u00f3n con impacto social y cient\u00edfico.&nbsp;<strong>&#8220;<\/strong><\/p>\n\n\n\n<p>\u200b<\/p>\n\n\n\n<p>Ciudad Victoria, Tam.; 1 de febrero de 2026.<\/p>\n\n\n\n<p>El rector de la UAT, D\u00e1maso Anaya Alvarado, dio a conocer la nueva configuraci\u00f3n de este centro de investigaci\u00f3n, cuyo cambio fue autorizado por la Asamblea Universitaria, destacando la evoluci\u00f3n de su quehacer acad\u00e9mico, su especializaci\u00f3n disciplinaria y su proyecci\u00f3n institucional.<\/p>\n\n\n\n<p>En su mensaje, el rector explic\u00f3 que este tipo de decisiones forman parte de una visi\u00f3n de desarrollo universitario que avanza de manera ordenada y estrat\u00e9gica, fortaleciendo aquellas \u00e1reas del conocimiento que responden a los retos actuales del entorno social, econ\u00f3mico y ambiental.<\/p>\n\n\n\n<p>Subray\u00f3 que la geom\u00e1tica y la gesti\u00f3n territorial representan campos clave para el desarrollo del estado y del pa\u00eds, por lo que su impulso, desde la Universidad, permite consolidar el posgrado, fortalecer la investigaci\u00f3n cient\u00edfica, promover la generaci\u00f3n de conocimiento aplicado y ampliar la participaci\u00f3n de estudiantes y docentes en proyectos con impacto social.<\/p>\n\n\n\n<p>El enfoque del ahora denominado Instituto de Geom\u00e1tica y Gesti\u00f3n Territorial responde a la trayectoria acad\u00e9mica y operativa de esta dependencia, cuya actividad sustantiva se ha orientado en campos especializados como los sensores remotos, los sistemas de informaci\u00f3n geogr\u00e1fica y el an\u00e1lisis territorial, \u00e1reas que han adquirido creciente relevancia en la toma de decisiones y la planeaci\u00f3n del desarrollo.<\/p>\n\n\n\n<p>\u200b&nbsp;<\/p>\n\n\n\n<figure class=\"wp-block-image\"><img decoding=\"async\" src=\"https:\/\/www.uat.edu.mx\/noticias\/PublishingImages\/2024\/05\/1%20(3)_PBE136.jpg\" alt=\"\"\/><\/figure>\n","protected":false},"excerpt":{"rendered":"<p>1 de febrero del 2026 &#8220;&nbsp;Con el objetivo de fortalecer sus \u00e1reas de investigaci\u00f3n y servicios especializados, la Universidad Aut\u00f3noma de Tamaulipas (UAT) transform\u00f3 el Instituto de Ingenier\u00eda y Ciencias en el nuevo Instituto de Geom\u00e1tica y Gesti\u00f3n Territorial, consolidando su liderazgo en investigaci\u00f3n, an\u00e1lisis y planeaci\u00f3n con impacto social y cient\u00edfico.&nbsp;&#8220; \u200b Ciudad Victoria, [&hellip;]<\/p>\n","protected":false},"author":1,"featured_media":6132,"comment_status":"open","ping_status":"open","sticky":false,"template":"","format":"standard","meta":{"footnotes":""},"categories":[4],"tags":[],"class_list":["post-6130","post","type-post","status-publish","format-standard","has-post-thumbnail","hentry","category-universidades"],"blog_post_layout_featured_media_urls":{"thumbnail":["https:\/\/elregionaldigital.info\/wp-content\/uploads\/2026\/02\/1-150x150.jpg",150,150,true],"full":["https:\/\/elregionaldigital.info\/wp-content\/uploads\/2026\/02\/1.jpg",900,599,false]},"categories_names":{"4":{"name":"Universidades","link":"https:\/\/elregionaldigital.info\/?cat=4"}},"tags_names":[],"comments_number":"0","wpmagazine_modules_lite_featured_media_urls":{"thumbnail":["https:\/\/elregionaldigital.info\/wp-content\/uploads\/2026\/02\/1-150x150.jpg",150,150,true],"cvmm-medium":["https:\/\/elregionaldigital.info\/wp-content\/uploads\/2026\/02\/1-300x300.jpg",300,300,true],"cvmm-medium-plus":["https:\/\/elregionaldigital.info\/wp-content\/uploads\/2026\/02\/1-305x207.jpg",305,207,true],"cvmm-portrait":["https:\/\/elregionaldigital.info\/wp-content\/uploads\/2026\/02\/1-400x599.jpg",400,599,true],"cvmm-medium-square":["https:\/\/elregionaldigital.info\/wp-content\/uploads\/2026\/02\/1-600x599.jpg",600,599,true],"cvmm-large":["https:\/\/elregionaldigital.info\/wp-content\/uploads\/2026\/02\/1.jpg",900,599,false],"cvmm-small":["https:\/\/elregionaldigital.info\/wp-content\/uploads\/2026\/02\/1-130x95.jpg",130,95,true],"full":["https:\/\/elregionaldigital.info\/wp-content\/uploads\/2026\/02\/1.jpg",900,599,false]},"_links":{"self":[{"href":"https:\/\/elregionaldigital.info\/index.php?rest_route=\/wp\/v2\/posts\/6130","targetHints":{"allow":["GET"]}}],"collection":[{"href":"https:\/\/elregionaldigital.info\/index.php?rest_route=\/wp\/v2\/posts"}],"about":[{"href":"https:\/\/elregionaldigital.info\/index.php?rest_route=\/wp\/v2\/types\/post"}],"author":[{"embeddable":true,"href":"https:\/\/elregionaldigital.info\/index.php?rest_route=\/wp\/v2\/users\/1"}],"replies":[{"embeddable":true,"href":"https:\/\/elregionaldigital.info\/index.php?rest_route=%2Fwp%2Fv2%2Fcomments&post=6130"}],"version-history":[{"count":1,"href":"https:\/\/elregionaldigital.info\/index.php?rest_route=\/wp\/v2\/posts\/6130\/revisions"}],"predecessor-version":[{"id":6133,"href":"https:\/\/elregionaldigital.info\/index.php?rest_route=\/wp\/v2\/posts\/6130\/revisions\/6133"}],"wp:featuredmedia":[{"embeddable":true,"href":"https:\/\/elregionaldigital.info\/index.php?rest_route=\/wp\/v2\/media\/6132"}],"wp:attachment":[{"href":"https:\/\/elregionaldigital.info\/index.php?rest_route=%2Fwp%2Fv2%2Fmedia&parent=6130"}],"wp:term":[{"taxonomy":"category","embeddable":true,"href":"https:\/\/elregionaldigital.info\/index.php?rest_route=%2Fwp%2Fv2%2Fcategories&post=6130"},{"taxonomy":"post_tag","embeddable":true,"href":"https:\/\/elregionaldigital.info\/index.php?rest_route=%2Fwp%2Fv2%2Ftags&post=6130"}],"curies":[{"name":"wp","href":"https:\/\/api.w.org\/{rel}","templated":true}]}}