{"id":612,"date":"2022-10-16T19:43:00","date_gmt":"2022-10-16T19:43:00","guid":{"rendered":"http:\/\/elregionaldigital.info\/?p=612"},"modified":"2022-10-17T19:45:38","modified_gmt":"2022-10-17T19:45:38","slug":"fallece-mario-humberto-garza-leyenda-de-la-lucha-libre","status":"publish","type":"post","link":"https:\/\/elregionaldigital.info\/?p=612","title":{"rendered":"Fallece Mario Humberto Garza, leyenda de la Lucha Libre"},"content":{"rendered":"\n<figure class=\"wp-block-image size-full\"><img loading=\"lazy\" decoding=\"async\" width=\"800\" height=\"420\" src=\"http:\/\/elregionaldigital.info\/wp-content\/uploads\/2022\/10\/luchador.webp\" alt=\"\" class=\"wp-image-613\" srcset=\"https:\/\/elregionaldigital.info\/wp-content\/uploads\/2022\/10\/luchador.webp 800w, https:\/\/elregionaldigital.info\/wp-content\/uploads\/2022\/10\/luchador-300x158.webp 300w, https:\/\/elregionaldigital.info\/wp-content\/uploads\/2022\/10\/luchador-768x403.webp 768w\" sizes=\"auto, (max-width: 800px) 100vw, 800px\" \/><\/figure>\n\n\n\n<p>En el a\u00f1o de 1954, debut\u00f3 en la lucha libre\u00a0como el Buitre Blanco, mismo mote que llev\u00f3 consigo hasta perder la m\u00e1scara.<\/p>\n\n\n\n<p>CIUDAD DE M\u00c9XICO.- A los 85 a\u00f1os de edad, Mario Humberto Garza, tambi\u00e9n conocido como el Ni\u00f1o Travieso, falleci\u00f3 este d\u00eda, inform\u00f3 mediante su cuenta de Instagram el hijo del pionero y leyenda del pancracio mexicano.<\/p>\n\n\n\n<p>En el a\u00f1o de 1954, debut\u00f3 en la lucha libre&nbsp;como el Buitre Blanco, mismo mote que llev\u00f3 consigo hasta perder la m\u00e1scara. Esta situaci\u00f3n lo orill\u00f3 a modificar su nombre al Ni\u00f1o Travieso, con el cual confirm\u00f3 su dinast\u00eda durante veinte a\u00f1os.<\/p>\n\n\n\n<p>Con profundo dolor les comunico que acaba de fallecer mi padre ya est\u00e1 gozando del Reino de Dios Gracias padre por Todo\u201d, inform\u00f3 Humberto Garza Jr. en su cuenta personal de Instagram.<\/p>\n","protected":false},"excerpt":{"rendered":"<p>En el a\u00f1o de 1954, debut\u00f3 en la lucha libre\u00a0como el Buitre Blanco, mismo mote que llev\u00f3 consigo hasta perder la m\u00e1scara. CIUDAD DE M\u00c9XICO.- A los 85 a\u00f1os de edad, Mario Humberto Garza, tambi\u00e9n conocido como el Ni\u00f1o Travieso, falleci\u00f3 este d\u00eda, inform\u00f3 mediante su cuenta de Instagram el hijo del pionero y leyenda [&hellip;]<\/p>\n","protected":false},"author":1,"featured_media":613,"comment_status":"open","ping_status":"open","sticky":false,"template":"","format":"standard","meta":{"footnotes":""},"categories":[6],"tags":[],"class_list":["post-612","post","type-post","status-publish","format-standard","has-post-thumbnail","hentry","category-deportes"],"blog_post_layout_featured_media_urls":{"thumbnail":["https:\/\/elregionaldigital.info\/wp-content\/uploads\/2022\/10\/luchador-150x150.webp",150,150,true],"full":["https:\/\/elregionaldigital.info\/wp-content\/uploads\/2022\/10\/luchador.webp",800,420,false]},"categories_names":{"6":{"name":"Deportes","link":"https:\/\/elregionaldigital.info\/?cat=6"}},"tags_names":[],"comments_number":"0","wpmagazine_modules_lite_featured_media_urls":{"thumbnail":["https:\/\/elregionaldigital.info\/wp-content\/uploads\/2022\/10\/luchador-150x150.webp",150,150,true],"cvmm-medium":["https:\/\/elregionaldigital.info\/wp-content\/uploads\/2022\/10\/luchador-300x300.webp",300,300,true],"cvmm-medium-plus":["https:\/\/elregionaldigital.info\/wp-content\/uploads\/2022\/10\/luchador-305x207.webp",305,207,true],"cvmm-portrait":["https:\/\/elregionaldigital.info\/wp-content\/uploads\/2022\/10\/luchador-400x420.webp",400,420,true],"cvmm-medium-square":["https:\/\/elregionaldigital.info\/wp-content\/uploads\/2022\/10\/luchador-600x420.webp",600,420,true],"cvmm-large":["https:\/\/elregionaldigital.info\/wp-content\/uploads\/2022\/10\/luchador.webp",800,420,false],"cvmm-small":["https:\/\/elregionaldigital.info\/wp-content\/uploads\/2022\/10\/luchador-130x95.webp",130,95,true],"full":["https:\/\/elregionaldigital.info\/wp-content\/uploads\/2022\/10\/luchador.webp",800,420,false]},"_links":{"self":[{"href":"https:\/\/elregionaldigital.info\/index.php?rest_route=\/wp\/v2\/posts\/612","targetHints":{"allow":["GET"]}}],"collection":[{"href":"https:\/\/elregionaldigital.info\/index.php?rest_route=\/wp\/v2\/posts"}],"about":[{"href":"https:\/\/elregionaldigital.info\/index.php?rest_route=\/wp\/v2\/types\/post"}],"author":[{"embeddable":true,"href":"https:\/\/elregionaldigital.info\/index.php?rest_route=\/wp\/v2\/users\/1"}],"replies":[{"embeddable":true,"href":"https:\/\/elregionaldigital.info\/index.php?rest_route=%2Fwp%2Fv2%2Fcomments&post=612"}],"version-history":[{"count":1,"href":"https:\/\/elregionaldigital.info\/index.php?rest_route=\/wp\/v2\/posts\/612\/revisions"}],"predecessor-version":[{"id":614,"href":"https:\/\/elregionaldigital.info\/index.php?rest_route=\/wp\/v2\/posts\/612\/revisions\/614"}],"wp:featuredmedia":[{"embeddable":true,"href":"https:\/\/elregionaldigital.info\/index.php?rest_route=\/wp\/v2\/media\/613"}],"wp:attachment":[{"href":"https:\/\/elregionaldigital.info\/index.php?rest_route=%2Fwp%2Fv2%2Fmedia&parent=612"}],"wp:term":[{"taxonomy":"category","embeddable":true,"href":"https:\/\/elregionaldigital.info\/index.php?rest_route=%2Fwp%2Fv2%2Fcategories&post=612"},{"taxonomy":"post_tag","embeddable":true,"href":"https:\/\/elregionaldigital.info\/index.php?rest_route=%2Fwp%2Fv2%2Ftags&post=612"}],"curies":[{"name":"wp","href":"https:\/\/api.w.org\/{rel}","templated":true}]}}