{"id":6112,"date":"2026-01-30T16:31:48","date_gmt":"2026-01-30T16:31:48","guid":{"rendered":"https:\/\/elregionaldigital.info\/?p=6112"},"modified":"2026-01-30T16:31:48","modified_gmt":"2026-01-30T16:31:48","slug":"quien-era-pedro-torres-estos-son-los-proyectos-con-los-que-triunfo-en-la-tv-mexicana","status":"publish","type":"post","link":"https:\/\/elregionaldigital.info\/?p=6112","title":{"rendered":"\u00bfQui\u00e9n era Pedro Torres? Estos son los proyectos con los que triunf\u00f3 en la TV mexicana"},"content":{"rendered":"\n<p>enero 30, 2026<\/p>\n\n\n\n<p>La\u00a0muerte\u00a0de\u00a0<strong>Pedro<\/strong>\u00a0<strong>Torres<\/strong>, destacado\u00a0<strong>productor<\/strong>\u00a0<strong>televisivo<\/strong>, enlut\u00f3 al mundo del entretenimiento mexicano.<\/p>\n\n\n\n<p>Si bien fue una destacada figura dentro de la televisi\u00f3n mexicana sus inicios fueron dentro del cine.<\/p>\n\n\n\n<p>Estudi\u00f3 en la London Internacional Film School en los a\u00f1os 70 e inici\u00f3 su carrera dentro de los cortometrajes.<\/p>\n\n\n\n<p>En M\u00e9xico fue pionero de los&nbsp;<em>reality shows<\/em>&nbsp;al traer el formato de&nbsp;<strong>Big Brother<\/strong>&nbsp;junto a Endemol M\u00e9xico y crear El Bar Provoca.<\/p>\n\n\n\n<p>En cuanto a programas figuran en su trayectoria Fear Factor, Vas o no Vas y Operaci\u00f3n Triunfo.<\/p>\n\n\n\n<p>Asimismo innov\u00f3 con las series a trav\u00e9s de su productora Mediamates, iniciando por&nbsp;<strong>Mujeres Asesinas<\/strong>. Tambi\u00e9n produjo Gossip Girl: Acapulco y El Encanto del \u00c1guila.<\/p>\n\n\n\n<p>Adem\u00e1s de en televisi\u00f3n, Pedro Torres destac\u00f3 en la producci\u00f3n de videos musicales.<\/p>\n\n\n\n<p>Algunos de sus trabajos m\u00e1s importantes dentro de la industria musical fueron junto a:<\/p>\n\n\n\n<ul class=\"wp-block-list\">\n<li>Luc\u00eda M\u00e9ndez<\/li>\n\n\n\n<li>Luis Miguel<\/li>\n\n\n\n<li>Yuri<\/li>\n\n\n\n<li>Emmanuel<\/li>\n\n\n\n<li>Amanda Miguel<\/li>\n\n\n\n<li>Julio Iglesias<\/li>\n\n\n\n<li>Cristian Castro<\/li>\n\n\n\n<li>Pandora<\/li>\n<\/ul>\n\n\n\n<p>Es recordado tambi\u00e9n por la telenovela&nbsp;<strong>Corona de L\u00e1grimas<\/strong>, protagonizada por Victoria Ruffo.<\/p>\n\n\n\n<p>De igual forma trabaj\u00f3 en el mundo de la publicidad, rubro en el cual cre\u00f3 diversas campa\u00f1as y proyectos audiovisuales.<\/p>\n\n\n\n<h2 class=\"wp-block-heading\">&nbsp;\u00bfDe qu\u00e9 muri\u00f3 Pedro Torres?<\/h2>\n\n\n\n<p>El<strong>&nbsp;productor Pero Torres<\/strong>&nbsp;muri\u00f3 a los 72 a\u00f1os de edad, a consecuencia de una enfermedad neurodegenerativa.<\/p>\n\n\n\n<p>Fue diagnosticado con&nbsp;<strong>esclerosis lateral amiotr\u00f3fica<\/strong>&nbsp;(ELA), padecimiento incurable y que afecta de manera progresiva las capacidades motoras.<\/p>\n\n\n\n<p>En el plano personal, tuvo una relaci\u00f3n con la actriz y cantante Luc\u00eda M\u00e9ndez. Ambos tuvieron un hijo, Pedro Antonio Torres M\u00e9ndez.<\/p>\n\n\n\n<p>Tras su ruptura con M\u00e9ndez, el productor tuvo otras dos hijas: Apolonia y Emilia.<\/p>\n\n\n\n<figure class=\"wp-block-image size-large\"><img loading=\"lazy\" decoding=\"async\" width=\"1024\" height=\"631\" src=\"https:\/\/elregionaldigital.info\/wp-content\/uploads\/2026\/01\/image-48-1024x631.png\" alt=\"\" class=\"wp-image-6113\" srcset=\"https:\/\/elregionaldigital.info\/wp-content\/uploads\/2026\/01\/image-48-1024x631.png 1024w, https:\/\/elregionaldigital.info\/wp-content\/uploads\/2026\/01\/image-48-300x185.png 300w, https:\/\/elregionaldigital.info\/wp-content\/uploads\/2026\/01\/image-48-768x474.png 768w, https:\/\/elregionaldigital.info\/wp-content\/uploads\/2026\/01\/image-48.png 1200w\" sizes=\"auto, (max-width: 1024px) 100vw, 1024px\" \/><\/figure>\n","protected":false},"excerpt":{"rendered":"<p>enero 30, 2026 La\u00a0muerte\u00a0de\u00a0Pedro\u00a0Torres, destacado\u00a0productor\u00a0televisivo, enlut\u00f3 al mundo del entretenimiento mexicano. Si bien fue una destacada figura dentro de la televisi\u00f3n mexicana sus inicios fueron dentro del cine. Estudi\u00f3 en la London Internacional Film School en los a\u00f1os 70 e inici\u00f3 su carrera dentro de los cortometrajes. En M\u00e9xico fue pionero de los&nbsp;reality shows&nbsp;al traer [&hellip;]<\/p>\n","protected":false},"author":1,"featured_media":6113,"comment_status":"open","ping_status":"open","sticky":false,"template":"","format":"standard","meta":{"footnotes":""},"categories":[3],"tags":[],"class_list":["post-6112","post","type-post","status-publish","format-standard","has-post-thumbnail","hentry","category-entretenimiento"],"blog_post_layout_featured_media_urls":{"thumbnail":["https:\/\/elregionaldigital.info\/wp-content\/uploads\/2026\/01\/image-48-150x150.png",150,150,true],"full":["https:\/\/elregionaldigital.info\/wp-content\/uploads\/2026\/01\/image-48.png",1200,740,false]},"categories_names":{"3":{"name":"Entretenimiento","link":"https:\/\/elregionaldigital.info\/?cat=3"}},"tags_names":[],"comments_number":"0","wpmagazine_modules_lite_featured_media_urls":{"thumbnail":["https:\/\/elregionaldigital.info\/wp-content\/uploads\/2026\/01\/image-48-150x150.png",150,150,true],"cvmm-medium":["https:\/\/elregionaldigital.info\/wp-content\/uploads\/2026\/01\/image-48-300x300.png",300,300,true],"cvmm-medium-plus":["https:\/\/elregionaldigital.info\/wp-content\/uploads\/2026\/01\/image-48-305x207.png",305,207,true],"cvmm-portrait":["https:\/\/elregionaldigital.info\/wp-content\/uploads\/2026\/01\/image-48-400x600.png",400,600,true],"cvmm-medium-square":["https:\/\/elregionaldigital.info\/wp-content\/uploads\/2026\/01\/image-48-600x600.png",600,600,true],"cvmm-large":["https:\/\/elregionaldigital.info\/wp-content\/uploads\/2026\/01\/image-48-1024x740.png",1024,740,true],"cvmm-small":["https:\/\/elregionaldigital.info\/wp-content\/uploads\/2026\/01\/image-48-130x95.png",130,95,true],"full":["https:\/\/elregionaldigital.info\/wp-content\/uploads\/2026\/01\/image-48.png",1200,740,false]},"_links":{"self":[{"href":"https:\/\/elregionaldigital.info\/index.php?rest_route=\/wp\/v2\/posts\/6112","targetHints":{"allow":["GET"]}}],"collection":[{"href":"https:\/\/elregionaldigital.info\/index.php?rest_route=\/wp\/v2\/posts"}],"about":[{"href":"https:\/\/elregionaldigital.info\/index.php?rest_route=\/wp\/v2\/types\/post"}],"author":[{"embeddable":true,"href":"https:\/\/elregionaldigital.info\/index.php?rest_route=\/wp\/v2\/users\/1"}],"replies":[{"embeddable":true,"href":"https:\/\/elregionaldigital.info\/index.php?rest_route=%2Fwp%2Fv2%2Fcomments&post=6112"}],"version-history":[{"count":1,"href":"https:\/\/elregionaldigital.info\/index.php?rest_route=\/wp\/v2\/posts\/6112\/revisions"}],"predecessor-version":[{"id":6114,"href":"https:\/\/elregionaldigital.info\/index.php?rest_route=\/wp\/v2\/posts\/6112\/revisions\/6114"}],"wp:featuredmedia":[{"embeddable":true,"href":"https:\/\/elregionaldigital.info\/index.php?rest_route=\/wp\/v2\/media\/6113"}],"wp:attachment":[{"href":"https:\/\/elregionaldigital.info\/index.php?rest_route=%2Fwp%2Fv2%2Fmedia&parent=6112"}],"wp:term":[{"taxonomy":"category","embeddable":true,"href":"https:\/\/elregionaldigital.info\/index.php?rest_route=%2Fwp%2Fv2%2Fcategories&post=6112"},{"taxonomy":"post_tag","embeddable":true,"href":"https:\/\/elregionaldigital.info\/index.php?rest_route=%2Fwp%2Fv2%2Ftags&post=6112"}],"curies":[{"name":"wp","href":"https:\/\/api.w.org\/{rel}","templated":true}]}}