{"id":6109,"date":"2026-01-30T16:02:31","date_gmt":"2026-01-30T16:02:31","guid":{"rendered":"https:\/\/elregionaldigital.info\/?p=6109"},"modified":"2026-01-30T16:02:31","modified_gmt":"2026-01-30T16:02:31","slug":"aseguran-150-toneladas-de-autopartes-robadas-en-la-alcaldia-cuauhtemoc-cdmx","status":"publish","type":"post","link":"https:\/\/elregionaldigital.info\/?p=6109","title":{"rendered":"Aseguran 150 toneladas de autopartes robadas en la alcald\u00eda Cuauht\u00e9moc, CDMX"},"content":{"rendered":"\n<p>enero 30, 2026<\/p>\n\n\n\n<p>Autoridades de la<strong>\u00a0Ciudad de M\u00e9xico<\/strong>\u00a0(<strong>CDMX<\/strong>) aseguradron\u00a0 unas\u00a0<strong>150 toneladas de autopartes<\/strong>\u00a0posiblemente robadas, las cuales se encontraban ocultas en un inmueble con fachada de hotel en la\u00a0<strong>alcald\u00eda Cuauht\u00e9moc<\/strong>.<\/p>\n\n\n\n<p>La Secretaria de Seguridad Ciudadana (<strong>SSC CDMX<\/strong>) y la Fiscal\u00eda capitalina apuntaron en un bolet\u00edn de prensa que tras semanas de trabajos de inteligencia, investigaci\u00f3n de campo y vigilancias fijas, fue identificado un inmueble ubicado en la\u00a0<strong>calle Enrique Granados<\/strong>, en la\u00a0<strong>colonia Exhip\u00f3dromo de Peralvillo.<\/strong><\/p>\n\n\n\n<p>El edificio, que operaba bajo la fachada de un hotel, era utilizado en realidad como un complejo de almacenamiento masivo.<\/p>\n\n\n\n<p>El despliegue operativo revel\u00f3 que el sitio contaba con:&nbsp;<strong>42 habitaciones<\/strong>&nbsp;distribuidas en planta baja y tres niveles, donde cada espacio era utilizado para clasificar, distribuir y resguardar refacciones.<\/p>\n\n\n\n<p>La orden de cateo fue ejecutada tras obtener datos de prueba s\u00f3lidos presentados por la Fiscal\u00eda de Investigaci\u00f3n Estrat\u00e9gica de Robo de Veh\u00edculos. En el operativo participaron no solo fuerzas locales, sino tambi\u00e9n efectivos de la&nbsp;<strong>Secretar\u00eda de la Defensa Nacional<\/strong>&nbsp;y de la&nbsp;<strong>Guardia Nacional<\/strong>, quienes brindaron seguridad perimetral.<\/p>\n\n\n\n<p>Polic\u00edas de la CDMX aseguraron las siguientes autopartes al menos siete diferentes placas de circulaci\u00f3n, as\u00ed como puertas, faros, parabrisas, calaveras, vidrios de puertas, cofres, rines, llantas, medallones, facias, salpicaderas, puertas de cajuela y veh\u00edculos desmantelados de distintos modelos; por mencionar solo algunas piezas ah\u00ed resguardadas.<\/p>\n\n\n\n<p>El inmueble fue sellado y permanece bajo resguardo policial. Todo el material asegurado qued\u00f3 a disposici\u00f3n del Ministerio P\u00fablico para integrar la carpeta de investigaci\u00f3n correspondiente y dar seguimiento a los grupos delictivos que operaban en esta zona de la capital.<\/p>\n\n\n\n<p>\u201cLa acci\u00f3n se llev\u00f3 a cabo sin uso de violencia y en estricto apego a los protocolos de actuaci\u00f3n policial y respeto a los derechos humanos\u201d, informaron las dependencias en un comunicado conjunto la ma\u00f1ana de este 30 de enero de 2026.<\/p>\n\n\n\n<figure class=\"wp-block-image size-large\"><img loading=\"lazy\" decoding=\"async\" width=\"1024\" height=\"683\" src=\"https:\/\/elregionaldigital.info\/wp-content\/uploads\/2026\/01\/image-47-1024x683.png\" alt=\"\" class=\"wp-image-6110\" srcset=\"https:\/\/elregionaldigital.info\/wp-content\/uploads\/2026\/01\/image-47-1024x683.png 1024w, https:\/\/elregionaldigital.info\/wp-content\/uploads\/2026\/01\/image-47-300x200.png 300w, https:\/\/elregionaldigital.info\/wp-content\/uploads\/2026\/01\/image-47-768x512.png 768w, https:\/\/elregionaldigital.info\/wp-content\/uploads\/2026\/01\/image-47-1536x1024.png 1536w, https:\/\/elregionaldigital.info\/wp-content\/uploads\/2026\/01\/image-47.png 1920w\" sizes=\"auto, (max-width: 1024px) 100vw, 1024px\" \/><\/figure>\n","protected":false},"excerpt":{"rendered":"<p>enero 30, 2026 Autoridades de la\u00a0Ciudad de M\u00e9xico\u00a0(CDMX) aseguradron\u00a0 unas\u00a0150 toneladas de autopartes\u00a0posiblemente robadas, las cuales se encontraban ocultas en un inmueble con fachada de hotel en la\u00a0alcald\u00eda Cuauht\u00e9moc. La Secretaria de Seguridad Ciudadana (SSC CDMX) y la Fiscal\u00eda capitalina apuntaron en un bolet\u00edn de prensa que tras semanas de trabajos de inteligencia, investigaci\u00f3n de [&hellip;]<\/p>\n","protected":false},"author":1,"featured_media":6110,"comment_status":"open","ping_status":"open","sticky":false,"template":"","format":"standard","meta":{"footnotes":""},"categories":[11],"tags":[],"class_list":["post-6109","post","type-post","status-publish","format-standard","has-post-thumbnail","hentry","category-mundo"],"blog_post_layout_featured_media_urls":{"thumbnail":["https:\/\/elregionaldigital.info\/wp-content\/uploads\/2026\/01\/image-47-150x150.png",150,150,true],"full":["https:\/\/elregionaldigital.info\/wp-content\/uploads\/2026\/01\/image-47.png",1920,1280,false]},"categories_names":{"11":{"name":"Mundo","link":"https:\/\/elregionaldigital.info\/?cat=11"}},"tags_names":[],"comments_number":"0","wpmagazine_modules_lite_featured_media_urls":{"thumbnail":["https:\/\/elregionaldigital.info\/wp-content\/uploads\/2026\/01\/image-47-150x150.png",150,150,true],"cvmm-medium":["https:\/\/elregionaldigital.info\/wp-content\/uploads\/2026\/01\/image-47-300x300.png",300,300,true],"cvmm-medium-plus":["https:\/\/elregionaldigital.info\/wp-content\/uploads\/2026\/01\/image-47-305x207.png",305,207,true],"cvmm-portrait":["https:\/\/elregionaldigital.info\/wp-content\/uploads\/2026\/01\/image-47-400x600.png",400,600,true],"cvmm-medium-square":["https:\/\/elregionaldigital.info\/wp-content\/uploads\/2026\/01\/image-47-600x600.png",600,600,true],"cvmm-large":["https:\/\/elregionaldigital.info\/wp-content\/uploads\/2026\/01\/image-47-1024x1024.png",1024,1024,true],"cvmm-small":["https:\/\/elregionaldigital.info\/wp-content\/uploads\/2026\/01\/image-47-130x95.png",130,95,true],"full":["https:\/\/elregionaldigital.info\/wp-content\/uploads\/2026\/01\/image-47.png",1920,1280,false]},"_links":{"self":[{"href":"https:\/\/elregionaldigital.info\/index.php?rest_route=\/wp\/v2\/posts\/6109","targetHints":{"allow":["GET"]}}],"collection":[{"href":"https:\/\/elregionaldigital.info\/index.php?rest_route=\/wp\/v2\/posts"}],"about":[{"href":"https:\/\/elregionaldigital.info\/index.php?rest_route=\/wp\/v2\/types\/post"}],"author":[{"embeddable":true,"href":"https:\/\/elregionaldigital.info\/index.php?rest_route=\/wp\/v2\/users\/1"}],"replies":[{"embeddable":true,"href":"https:\/\/elregionaldigital.info\/index.php?rest_route=%2Fwp%2Fv2%2Fcomments&post=6109"}],"version-history":[{"count":1,"href":"https:\/\/elregionaldigital.info\/index.php?rest_route=\/wp\/v2\/posts\/6109\/revisions"}],"predecessor-version":[{"id":6111,"href":"https:\/\/elregionaldigital.info\/index.php?rest_route=\/wp\/v2\/posts\/6109\/revisions\/6111"}],"wp:featuredmedia":[{"embeddable":true,"href":"https:\/\/elregionaldigital.info\/index.php?rest_route=\/wp\/v2\/media\/6110"}],"wp:attachment":[{"href":"https:\/\/elregionaldigital.info\/index.php?rest_route=%2Fwp%2Fv2%2Fmedia&parent=6109"}],"wp:term":[{"taxonomy":"category","embeddable":true,"href":"https:\/\/elregionaldigital.info\/index.php?rest_route=%2Fwp%2Fv2%2Fcategories&post=6109"},{"taxonomy":"post_tag","embeddable":true,"href":"https:\/\/elregionaldigital.info\/index.php?rest_route=%2Fwp%2Fv2%2Ftags&post=6109"}],"curies":[{"name":"wp","href":"https:\/\/api.w.org\/{rel}","templated":true}]}}