{"id":6099,"date":"2026-01-27T16:31:00","date_gmt":"2026-01-27T16:31:00","guid":{"rendered":"https:\/\/elregionaldigital.info\/?p=6099"},"modified":"2026-01-28T16:33:42","modified_gmt":"2026-01-28T16:33:42","slug":"contara-la-uat-con-brigada-de-apoyo-psicologico-a-universitarios","status":"publish","type":"post","link":"https:\/\/elregionaldigital.info\/?p=6099","title":{"rendered":"Contar\u00e1 la UAT con brigada de apoyo psicol\u00f3gico a universitarios"},"content":{"rendered":"\n<p>27 de enero del 2026<\/p>\n\n\n\n<p><strong>&#8220;<\/strong>&nbsp;La Universidad Aut\u00f3noma de Tamaulipas (UAT) anunci\u00f3 la convocatoria para integrar la Brigada de Primeros Auxilios Psicol\u00f3gicos (PAP), iniciativa orientada a fortalecer la atenci\u00f3n y el acompa\u00f1amiento emocional de la comunidad universitaria.&nbsp;<strong>&#8220;<\/strong><\/p>\n\n\n\n<p>\u200b<\/p>\n\n\n\n<p>Ciudad Victoria, Tam.; 27 de enero de 2026.<\/p>\n\n\n\n<p>El rector D\u00e1maso Anaya Alvarado inform\u00f3 que este proyecto, promovido por la Unidad Acad\u00e9mica de Trabajo Social y Ciencias para el Desarrollo Humano (UATSCDH), busca formar brigadistas capacitados para brindar contenci\u00f3n en situaciones de crisis bajo un enfoque \u00e9tico y humano.<\/p>\n\n\n\n<p>Asimismo, el rector D\u00e1maso Anaya invit\u00f3 a estudiantes, docentes y personal administrativo de la UAT a participar en esta formaci\u00f3n, que incluye un curso de 60 horas sobre primeros auxilios psicol\u00f3gicos, protocolos de intervenci\u00f3n, herramientas pr\u00e1cticas, simulacros y estrategias de autocuidado.<\/p>\n\n\n\n<p>Con ello se busca que las y los participantes desarrollen habilidades para brindar apoyo inmediato, acompa\u00f1amiento emocional y canalizaci\u00f3n adecuada, contribuyendo a la construcci\u00f3n de entornos universitarios m\u00e1s seguros y con mayores capacidades de atenci\u00f3n ante situaciones de crisis.<\/p>\n\n\n\n<p>Los PAP constituyen una estrategia de atenci\u00f3n inmediata orientada a restablecer el equilibrio emocional de las personas que atraviesan una situaci\u00f3n cr\u00edtica, mediante acciones de contenci\u00f3n, orientaci\u00f3n y apoyo inicial complementarias a otros procesos de atenci\u00f3n especializada.<\/p>\n\n\n\n<p>El periodo de registro permanecer\u00e1 abierto hasta el 2 de febrero. La convocatoria completa puede consultarse en la p\u00e1gina oficial de Facebook de la UATSCDH:&nbsp;&nbsp;&nbsp;<a href=\"https:\/\/www.facebook.com\/uatscdh.ua\">https:\/\/www.facebook.com\/uatscdh.ua<\/a><\/p>\n\n\n\n<p>La capacitaci\u00f3n dar\u00e1 inicio los d\u00edas 4 y 5 de febrero, en horarios matutino y vespertino y para m\u00e1s informaci\u00f3n acudir tambi\u00e9n al Centro de Atenci\u00f3n para el Desarrollo Humano (CADH) de esta dependencia acad\u00e9mica ubicada en el Centro Universitario Victoria, tel\u00e9fono 834 3181 730, extensiones 2225 y 2252.<\/p>\n\n\n\n<p>\u200b&nbsp;<\/p>\n\n\n\n<figure class=\"wp-block-image\"><img decoding=\"async\" src=\"https:\/\/www.uat.edu.mx\/noticias\/PublishingImages\/2024\/05\/1_RYY109.jpg\" alt=\"\"\/><\/figure>\n","protected":false},"excerpt":{"rendered":"<p>27 de enero del 2026 &#8220;&nbsp;La Universidad Aut\u00f3noma de Tamaulipas (UAT) anunci\u00f3 la convocatoria para integrar la Brigada de Primeros Auxilios Psicol\u00f3gicos (PAP), iniciativa orientada a fortalecer la atenci\u00f3n y el acompa\u00f1amiento emocional de la comunidad universitaria.&nbsp;&#8220; \u200b Ciudad Victoria, Tam.; 27 de enero de 2026. El rector D\u00e1maso Anaya Alvarado inform\u00f3 que este proyecto, [&hellip;]<\/p>\n","protected":false},"author":1,"featured_media":6100,"comment_status":"open","ping_status":"open","sticky":false,"template":"","format":"standard","meta":{"footnotes":""},"categories":[4],"tags":[],"class_list":["post-6099","post","type-post","status-publish","format-standard","has-post-thumbnail","hentry","category-universidades"],"blog_post_layout_featured_media_urls":{"thumbnail":["https:\/\/elregionaldigital.info\/wp-content\/uploads\/2026\/01\/1_RYY109-150x150.jpg",150,150,true],"full":["https:\/\/elregionaldigital.info\/wp-content\/uploads\/2026\/01\/1_RYY109.jpg",900,751,false]},"categories_names":{"4":{"name":"Universidades","link":"https:\/\/elregionaldigital.info\/?cat=4"}},"tags_names":[],"comments_number":"0","wpmagazine_modules_lite_featured_media_urls":{"thumbnail":["https:\/\/elregionaldigital.info\/wp-content\/uploads\/2026\/01\/1_RYY109-150x150.jpg",150,150,true],"cvmm-medium":["https:\/\/elregionaldigital.info\/wp-content\/uploads\/2026\/01\/1_RYY109-300x300.jpg",300,300,true],"cvmm-medium-plus":["https:\/\/elregionaldigital.info\/wp-content\/uploads\/2026\/01\/1_RYY109-305x207.jpg",305,207,true],"cvmm-portrait":["https:\/\/elregionaldigital.info\/wp-content\/uploads\/2026\/01\/1_RYY109-400x600.jpg",400,600,true],"cvmm-medium-square":["https:\/\/elregionaldigital.info\/wp-content\/uploads\/2026\/01\/1_RYY109-600x600.jpg",600,600,true],"cvmm-large":["https:\/\/elregionaldigital.info\/wp-content\/uploads\/2026\/01\/1_RYY109.jpg",900,751,false],"cvmm-small":["https:\/\/elregionaldigital.info\/wp-content\/uploads\/2026\/01\/1_RYY109-130x95.jpg",130,95,true],"full":["https:\/\/elregionaldigital.info\/wp-content\/uploads\/2026\/01\/1_RYY109.jpg",900,751,false]},"_links":{"self":[{"href":"https:\/\/elregionaldigital.info\/index.php?rest_route=\/wp\/v2\/posts\/6099","targetHints":{"allow":["GET"]}}],"collection":[{"href":"https:\/\/elregionaldigital.info\/index.php?rest_route=\/wp\/v2\/posts"}],"about":[{"href":"https:\/\/elregionaldigital.info\/index.php?rest_route=\/wp\/v2\/types\/post"}],"author":[{"embeddable":true,"href":"https:\/\/elregionaldigital.info\/index.php?rest_route=\/wp\/v2\/users\/1"}],"replies":[{"embeddable":true,"href":"https:\/\/elregionaldigital.info\/index.php?rest_route=%2Fwp%2Fv2%2Fcomments&post=6099"}],"version-history":[{"count":1,"href":"https:\/\/elregionaldigital.info\/index.php?rest_route=\/wp\/v2\/posts\/6099\/revisions"}],"predecessor-version":[{"id":6101,"href":"https:\/\/elregionaldigital.info\/index.php?rest_route=\/wp\/v2\/posts\/6099\/revisions\/6101"}],"wp:featuredmedia":[{"embeddable":true,"href":"https:\/\/elregionaldigital.info\/index.php?rest_route=\/wp\/v2\/media\/6100"}],"wp:attachment":[{"href":"https:\/\/elregionaldigital.info\/index.php?rest_route=%2Fwp%2Fv2%2Fmedia&parent=6099"}],"wp:term":[{"taxonomy":"category","embeddable":true,"href":"https:\/\/elregionaldigital.info\/index.php?rest_route=%2Fwp%2Fv2%2Fcategories&post=6099"},{"taxonomy":"post_tag","embeddable":true,"href":"https:\/\/elregionaldigital.info\/index.php?rest_route=%2Fwp%2Fv2%2Ftags&post=6099"}],"curies":[{"name":"wp","href":"https:\/\/api.w.org\/{rel}","templated":true}]}}