{"id":6087,"date":"2026-01-26T19:19:09","date_gmt":"2026-01-26T19:19:09","guid":{"rendered":"https:\/\/elregionaldigital.info\/?p=6087"},"modified":"2026-01-26T19:19:10","modified_gmt":"2026-01-26T19:19:10","slug":"fallecio-gabriel-garzon-actor-de-doblaje-y-voz-de-topo-gigio-en-mexico-a-los-57-anos","status":"publish","type":"post","link":"https:\/\/elregionaldigital.info\/?p=6087","title":{"rendered":"Falleci\u00f3 Gabriel Garz\u00f3n, actor de doblaje y voz de Topo Gigio en M\u00e9xico, a los 57 a\u00f1os"},"content":{"rendered":"\n<p>26 enero, 2026<\/p>\n\n\n\n<p><strong>El mundo del doblaje y la comedia en M\u00e9xico se encuentra de luto<\/strong>\u00a0tras el\u00a0<strong>fallecimiento de Gabriel Garz\u00f3n<\/strong>, actor de doblaje, comediante y titiritero, ampliamente reconocido por ser la entra\u00f1able voz de\u00a0<em>Topo Gigio<\/em>\u00a0para el p\u00fablico mexicano.<\/p>\n\n\n\n<p><strong>Su muerte<\/strong>, ocurrida a los 57 a\u00f1os,&nbsp;<strong>fue confirmada en d\u00edas recientes<\/strong>&nbsp;y ha generado m\u00faltiples reacciones de tristeza entre colegas, amigos y seguidores.<\/p>\n\n\n\n<h2 class=\"wp-block-heading\">Jorge Falc\u00f3n confirma la tr\u00e1gica noticia<\/h2>\n\n\n\n<p>La noticia fue dada a conocer a trav\u00e9s de redes sociales, donde&nbsp;<strong>Jorge Falc\u00f3n<\/strong>, actor y amigo cercano de Garz\u00f3n,&nbsp;<strong>comparti\u00f3 un mensaje de despedida<\/strong>&nbsp;en el que destac\u00f3 su calidad humana y profesional.<\/p>\n\n\n\n<p>El anuncio se da semanas despu\u00e9s de que&nbsp;<strong>se hiciera p\u00fablica la preocupaci\u00f3n por el estado de salud del artista<\/strong>, cuando familiares y personas cercanas&nbsp;<strong>solicitaron donaciones de sangre<\/strong>&nbsp;mientras permanec\u00eda hospitalizado.<\/p>\n\n\n\n<h2 class=\"wp-block-heading\">\u00bfDe qu\u00e9 muri\u00f3 Gabriel Garz\u00f3n?<\/h2>\n\n\n\n<p>Hasta el momento,\u00a0<strong>no existe una versi\u00f3n oficial sobre las causas del fallecimiento de\u00a0Gabriel Garz\u00f3n<\/strong>\u00a0. La falta de informaci\u00f3n m\u00e9dica ha llevado a que colegas del medio pidan respeto para la familia del actor en este momento de duelo.<\/p>\n\n\n\n<p>Su partida se suma a una serie de\u00a0<strong>p\u00e9rdidas recientes dentro de la industria del\u00a0doblaje en M\u00e9xico<\/strong>\u00a0, lo que ha encendido nuevamente la conversaci\u00f3n sobre las condiciones de salud y laborales de quienes integran este sector.<\/p>\n\n\n\n<h2 class=\"wp-block-heading\">Trayectoria de Gabriel Garz\u00f3n en el doblaje mexicano<\/h2>\n\n\n\n<p><strong>Gabriel Garz\u00f3n Solano naci\u00f3 el 27 de noviembre de 1968<\/strong>\u00a0en la\u00a0Ciudad de M\u00e9xico\u00a0(CDMX). A lo largo de su carrera se desempe\u00f1\u00f3 como actor de doblaje, comediante, locutor, escritor y titiritero.<\/p>\n\n\n\n<p>Parte fundamental de su formaci\u00f3n art\u00edstica ocurri\u00f3 en Estados Unidos, donde&nbsp;<strong>estudi\u00f3 creaci\u00f3n de muppets<\/strong>, disciplina que influy\u00f3 de manera directa en su estilo esc\u00e9nico y vocal.<\/p>\n\n\n\n<p><strong>Fue en 1994 cuando comenz\u00f3 a interpretar a&nbsp;<em>Topo Gigio<\/em>&nbsp;en M\u00e9xico<\/strong>, personaje con el que alcanz\u00f3 gran popularidad y se consolid\u00f3 como una figura clave del doblaje infantil.<\/p>\n\n\n\n<p>Su voz acompa\u00f1\u00f3 a varias generaciones,&nbsp;<strong>convirti\u00e9ndose en un referente de la televisi\u00f3n para ni\u00f1as y ni\u00f1os<\/strong>, pero tambi\u00e9n en un s\u00edmbolo de nostalgia para el p\u00fablico adulto.<\/p>\n\n\n\n<h2 class=\"wp-block-heading\">Mensajes de despedida y legado art\u00edstico<\/h2>\n\n\n\n<p>Tras confirmarse su fallecimiento,&nbsp;<strong>actores de doblaje, comediantes y seguidores han compartido mensajes de despedida<\/strong>, resaltando su talento, creatividad y compromiso con el entretenimiento infantil.<\/p>\n\n\n\n<p>Con m\u00e1s de tres d\u00e9cadas de trayectoria,&nbsp;<strong>Gabriel Garz\u00f3n deja un legado importante en la cultura popular mexicana<\/strong>&nbsp;y una huella imborrable en el mundo del doblaje.<\/p>\n\n\n\n<figure class=\"wp-block-image size-large\"><img loading=\"lazy\" decoding=\"async\" width=\"1024\" height=\"690\" src=\"https:\/\/elregionaldigital.info\/wp-content\/uploads\/2026\/01\/image-45-1024x690.png\" alt=\"\" class=\"wp-image-6088\" srcset=\"https:\/\/elregionaldigital.info\/wp-content\/uploads\/2026\/01\/image-45-1024x690.png 1024w, https:\/\/elregionaldigital.info\/wp-content\/uploads\/2026\/01\/image-45-300x202.png 300w, https:\/\/elregionaldigital.info\/wp-content\/uploads\/2026\/01\/image-45-768x518.png 768w, https:\/\/elregionaldigital.info\/wp-content\/uploads\/2026\/01\/image-45-305x207.png 305w, https:\/\/elregionaldigital.info\/wp-content\/uploads\/2026\/01\/image-45-622x420.png 622w, https:\/\/elregionaldigital.info\/wp-content\/uploads\/2026\/01\/image-45.png 1200w\" sizes=\"auto, (max-width: 1024px) 100vw, 1024px\" \/><\/figure>\n","protected":false},"excerpt":{"rendered":"<p>26 enero, 2026 El mundo del doblaje y la comedia en M\u00e9xico se encuentra de luto\u00a0tras el\u00a0fallecimiento de Gabriel Garz\u00f3n, actor de doblaje, comediante y titiritero, ampliamente reconocido por ser la entra\u00f1able voz de\u00a0Topo Gigio\u00a0para el p\u00fablico mexicano. Su muerte, ocurrida a los 57 a\u00f1os,&nbsp;fue confirmada en d\u00edas recientes&nbsp;y ha generado m\u00faltiples reacciones de tristeza [&hellip;]<\/p>\n","protected":false},"author":1,"featured_media":6088,"comment_status":"open","ping_status":"open","sticky":false,"template":"","format":"standard","meta":{"footnotes":""},"categories":[3],"tags":[],"class_list":["post-6087","post","type-post","status-publish","format-standard","has-post-thumbnail","hentry","category-entretenimiento"],"blog_post_layout_featured_media_urls":{"thumbnail":["https:\/\/elregionaldigital.info\/wp-content\/uploads\/2026\/01\/image-45-150x150.png",150,150,true],"full":["https:\/\/elregionaldigital.info\/wp-content\/uploads\/2026\/01\/image-45.png",1200,809,false]},"categories_names":{"3":{"name":"Entretenimiento","link":"https:\/\/elregionaldigital.info\/?cat=3"}},"tags_names":[],"comments_number":"0","wpmagazine_modules_lite_featured_media_urls":{"thumbnail":["https:\/\/elregionaldigital.info\/wp-content\/uploads\/2026\/01\/image-45-150x150.png",150,150,true],"cvmm-medium":["https:\/\/elregionaldigital.info\/wp-content\/uploads\/2026\/01\/image-45-300x300.png",300,300,true],"cvmm-medium-plus":["https:\/\/elregionaldigital.info\/wp-content\/uploads\/2026\/01\/image-45-305x207.png",305,207,true],"cvmm-portrait":["https:\/\/elregionaldigital.info\/wp-content\/uploads\/2026\/01\/image-45-400x600.png",400,600,true],"cvmm-medium-square":["https:\/\/elregionaldigital.info\/wp-content\/uploads\/2026\/01\/image-45-600x600.png",600,600,true],"cvmm-large":["https:\/\/elregionaldigital.info\/wp-content\/uploads\/2026\/01\/image-45-1024x809.png",1024,809,true],"cvmm-small":["https:\/\/elregionaldigital.info\/wp-content\/uploads\/2026\/01\/image-45-130x95.png",130,95,true],"full":["https:\/\/elregionaldigital.info\/wp-content\/uploads\/2026\/01\/image-45.png",1200,809,false]},"_links":{"self":[{"href":"https:\/\/elregionaldigital.info\/index.php?rest_route=\/wp\/v2\/posts\/6087","targetHints":{"allow":["GET"]}}],"collection":[{"href":"https:\/\/elregionaldigital.info\/index.php?rest_route=\/wp\/v2\/posts"}],"about":[{"href":"https:\/\/elregionaldigital.info\/index.php?rest_route=\/wp\/v2\/types\/post"}],"author":[{"embeddable":true,"href":"https:\/\/elregionaldigital.info\/index.php?rest_route=\/wp\/v2\/users\/1"}],"replies":[{"embeddable":true,"href":"https:\/\/elregionaldigital.info\/index.php?rest_route=%2Fwp%2Fv2%2Fcomments&post=6087"}],"version-history":[{"count":1,"href":"https:\/\/elregionaldigital.info\/index.php?rest_route=\/wp\/v2\/posts\/6087\/revisions"}],"predecessor-version":[{"id":6089,"href":"https:\/\/elregionaldigital.info\/index.php?rest_route=\/wp\/v2\/posts\/6087\/revisions\/6089"}],"wp:featuredmedia":[{"embeddable":true,"href":"https:\/\/elregionaldigital.info\/index.php?rest_route=\/wp\/v2\/media\/6088"}],"wp:attachment":[{"href":"https:\/\/elregionaldigital.info\/index.php?rest_route=%2Fwp%2Fv2%2Fmedia&parent=6087"}],"wp:term":[{"taxonomy":"category","embeddable":true,"href":"https:\/\/elregionaldigital.info\/index.php?rest_route=%2Fwp%2Fv2%2Fcategories&post=6087"},{"taxonomy":"post_tag","embeddable":true,"href":"https:\/\/elregionaldigital.info\/index.php?rest_route=%2Fwp%2Fv2%2Ftags&post=6087"}],"curies":[{"name":"wp","href":"https:\/\/api.w.org\/{rel}","templated":true}]}}