{"id":6084,"date":"2026-01-26T19:16:44","date_gmt":"2026-01-26T19:16:44","guid":{"rendered":"https:\/\/elregionaldigital.info\/?p=6084"},"modified":"2026-01-26T19:16:44","modified_gmt":"2026-01-26T19:16:44","slug":"defensores-de-armas-critican-al-gobierno-de-trump-tras-muerte-de-alex-pretti","status":"publish","type":"post","link":"https:\/\/elregionaldigital.info\/?p=6084","title":{"rendered":"Defensores de armas critican al Gobierno de Trump tras muerte de Alex Pretti"},"content":{"rendered":"\n<p>enero 26, 2026<\/p>\n\n\n\n<p>La<strong>\u00a0Asociaci\u00f3n Nacional del Rifle<\/strong>\u00a0(NRA) y otros grupos\u00a0<strong>defensores<\/strong>\u00a0de las\u00a0<strong>armas de fuego<\/strong>\u00a0en EE.UU. criticaron mensajes brindados por el\u00a0<strong>Gobierno<\/strong>\u00a0del presidente\u00a0<strong>Donald Trump<\/strong>\u00a0que justifican la\u00a0muerte de un hombre\u00a0a manos de agentes federales en Minneapolis por el hecho de que portara una pistola.<\/p>\n\n\n\n<p>En su perfil de X, la NRA, el grupo de presi\u00f3n m\u00e1s importante de EE.UU. a la hora de defender el derecho a la tenencia de armas, replic\u00f3 al comentario de un fiscal del Gobierno Federal pidiendo una \u201c<strong>investigaci\u00f3n exhaustiva<\/strong>\u201d del suceso.<\/p>\n\n\n\n<p>\u201cSi te acercas a las fuerzas del orden con un arma, existe una alta probabilidad de que est\u00e9n legalmente justificados para dispararte\u201d, escribi\u00f3 Bill Essayli, fiscal auxiliar en el Distrito Central de California, a lo que la asociaci\u00f3n replic\u00f3 que \u201clas voces p\u00fablicas responsables deber\u00edan esperar a que se realice una investigaci\u00f3n exhaustiva, en lugar de hacer generalizaciones y demonizar a ciudadanos que cumplen la ley\u201d.<\/p>\n\n\n\n<p>Otras organizaciones como la Coalici\u00f3n de Propietarios de Armas de Minnesota y la Asociaci\u00f3n Nacional por los Derechos de las Armas (NAGR) han criticado tambi\u00e9n lo dicho en televisi\u00f3n por el director del FBI, Kash Patel.<\/p>\n\n\n\n<p>\u201cNo se puede llevar un arma de fuego cargada con varios cargadores a cualquier tipo de protesta. Es as\u00ed de simple. No tienes derecho a infringir la ley\u201d, dijo Patel en una entrevista con Fox News.<\/p>\n\n\n\n<p>El s\u00e1bado varios agentes de inmigraci\u00f3n causaron la&nbsp;<strong>muerte<\/strong>&nbsp;de&nbsp;<strong>Alex Pretti<\/strong>, enfermero de 37 a\u00f1os, de&nbsp;<strong>varios<\/strong>&nbsp;<strong>disparos<\/strong>.<\/p>\n\n\n\n<p>El Departamento de Seguridad Nacional, encargado de las operaciones migratorias, ha asegurado que Pretti trat\u00f3 de atacar a los agentes y de blandir su arma, pese a que los m\u00faltiples videos contradicen esa versi\u00f3n, ya que muestran al hombre protegiendo a dos mujeres de los empujones y del gas pimienta de los agentes, que se echan encima suyo y le requisan su arma para, a continuaci\u00f3n, dispararle por la espalda cuando yace en el suelo.<\/p>\n\n\n\n<p>La muerte de&nbsp;<strong>Pretti<\/strong>&nbsp;supone el segundo incidente de este tipo en menos de tres semanas en Minneapolis, donde el pasado 7 de enero una mujer,&nbsp;<strong>Renee<\/strong>&nbsp;<strong>Good<\/strong>, muri\u00f3 a causa de los disparos de un funcionario de inmigraci\u00f3n.<\/p>\n\n\n\n<p>Las redadas a gran escala contra migrantes en Minneapolis fueron ordenadas por el Gobierno de Trump a principios de enero, cuando el documental de un \u2018youtuber\u2019 conservador puso de nuevo en el foco los casos de fondos federales malversados por guarder\u00edas gestionadas por miembros de la comunidad somal\u00ed.<\/p>\n\n\n\n<figure class=\"wp-block-image size-large\"><img loading=\"lazy\" decoding=\"async\" width=\"1024\" height=\"631\" src=\"https:\/\/elregionaldigital.info\/wp-content\/uploads\/2026\/01\/image-44-1024x631.png\" alt=\"\" class=\"wp-image-6085\" srcset=\"https:\/\/elregionaldigital.info\/wp-content\/uploads\/2026\/01\/image-44-1024x631.png 1024w, https:\/\/elregionaldigital.info\/wp-content\/uploads\/2026\/01\/image-44-300x185.png 300w, https:\/\/elregionaldigital.info\/wp-content\/uploads\/2026\/01\/image-44-768x474.png 768w, https:\/\/elregionaldigital.info\/wp-content\/uploads\/2026\/01\/image-44.png 1200w\" sizes=\"auto, (max-width: 1024px) 100vw, 1024px\" \/><\/figure>\n","protected":false},"excerpt":{"rendered":"<p>enero 26, 2026 La\u00a0Asociaci\u00f3n Nacional del Rifle\u00a0(NRA) y otros grupos\u00a0defensores\u00a0de las\u00a0armas de fuego\u00a0en EE.UU. criticaron mensajes brindados por el\u00a0Gobierno\u00a0del presidente\u00a0Donald Trump\u00a0que justifican la\u00a0muerte de un hombre\u00a0a manos de agentes federales en Minneapolis por el hecho de que portara una pistola. En su perfil de X, la NRA, el grupo de presi\u00f3n m\u00e1s importante de EE.UU. [&hellip;]<\/p>\n","protected":false},"author":1,"featured_media":6085,"comment_status":"open","ping_status":"open","sticky":false,"template":"","format":"standard","meta":{"footnotes":""},"categories":[11],"tags":[],"class_list":["post-6084","post","type-post","status-publish","format-standard","has-post-thumbnail","hentry","category-mundo"],"blog_post_layout_featured_media_urls":{"thumbnail":["https:\/\/elregionaldigital.info\/wp-content\/uploads\/2026\/01\/image-44-150x150.png",150,150,true],"full":["https:\/\/elregionaldigital.info\/wp-content\/uploads\/2026\/01\/image-44.png",1200,740,false]},"categories_names":{"11":{"name":"Mundo","link":"https:\/\/elregionaldigital.info\/?cat=11"}},"tags_names":[],"comments_number":"0","wpmagazine_modules_lite_featured_media_urls":{"thumbnail":["https:\/\/elregionaldigital.info\/wp-content\/uploads\/2026\/01\/image-44-150x150.png",150,150,true],"cvmm-medium":["https:\/\/elregionaldigital.info\/wp-content\/uploads\/2026\/01\/image-44-300x300.png",300,300,true],"cvmm-medium-plus":["https:\/\/elregionaldigital.info\/wp-content\/uploads\/2026\/01\/image-44-305x207.png",305,207,true],"cvmm-portrait":["https:\/\/elregionaldigital.info\/wp-content\/uploads\/2026\/01\/image-44-400x600.png",400,600,true],"cvmm-medium-square":["https:\/\/elregionaldigital.info\/wp-content\/uploads\/2026\/01\/image-44-600x600.png",600,600,true],"cvmm-large":["https:\/\/elregionaldigital.info\/wp-content\/uploads\/2026\/01\/image-44-1024x740.png",1024,740,true],"cvmm-small":["https:\/\/elregionaldigital.info\/wp-content\/uploads\/2026\/01\/image-44-130x95.png",130,95,true],"full":["https:\/\/elregionaldigital.info\/wp-content\/uploads\/2026\/01\/image-44.png",1200,740,false]},"_links":{"self":[{"href":"https:\/\/elregionaldigital.info\/index.php?rest_route=\/wp\/v2\/posts\/6084","targetHints":{"allow":["GET"]}}],"collection":[{"href":"https:\/\/elregionaldigital.info\/index.php?rest_route=\/wp\/v2\/posts"}],"about":[{"href":"https:\/\/elregionaldigital.info\/index.php?rest_route=\/wp\/v2\/types\/post"}],"author":[{"embeddable":true,"href":"https:\/\/elregionaldigital.info\/index.php?rest_route=\/wp\/v2\/users\/1"}],"replies":[{"embeddable":true,"href":"https:\/\/elregionaldigital.info\/index.php?rest_route=%2Fwp%2Fv2%2Fcomments&post=6084"}],"version-history":[{"count":1,"href":"https:\/\/elregionaldigital.info\/index.php?rest_route=\/wp\/v2\/posts\/6084\/revisions"}],"predecessor-version":[{"id":6086,"href":"https:\/\/elregionaldigital.info\/index.php?rest_route=\/wp\/v2\/posts\/6084\/revisions\/6086"}],"wp:featuredmedia":[{"embeddable":true,"href":"https:\/\/elregionaldigital.info\/index.php?rest_route=\/wp\/v2\/media\/6085"}],"wp:attachment":[{"href":"https:\/\/elregionaldigital.info\/index.php?rest_route=%2Fwp%2Fv2%2Fmedia&parent=6084"}],"wp:term":[{"taxonomy":"category","embeddable":true,"href":"https:\/\/elregionaldigital.info\/index.php?rest_route=%2Fwp%2Fv2%2Fcategories&post=6084"},{"taxonomy":"post_tag","embeddable":true,"href":"https:\/\/elregionaldigital.info\/index.php?rest_route=%2Fwp%2Fv2%2Ftags&post=6084"}],"curies":[{"name":"wp","href":"https:\/\/api.w.org\/{rel}","templated":true}]}}