{"id":6074,"date":"2026-01-26T19:09:32","date_gmt":"2026-01-26T19:09:32","guid":{"rendered":"https:\/\/elregionaldigital.info\/?p=6074"},"modified":"2026-01-26T19:09:33","modified_gmt":"2026-01-26T19:09:33","slug":"congreso-ratifica-a-alejandro-gertz-manero-como-embajador-en-reino-unido","status":"publish","type":"post","link":"https:\/\/elregionaldigital.info\/?p=6074","title":{"rendered":"Congreso ratifica a Alejandro Gertz Manero como embajador en Reino Unido"},"content":{"rendered":"\n<p>enero 26, 2026<\/p>\n\n\n\n<p>La Comisi\u00f3n Permanente del\u00a0<strong>Congreso de la Uni\u00f3n<\/strong>\u00a0ratific\u00f3 a<strong>\u00a0Alejandro Gertz Manero<\/strong>\u00a0como\u00a0<strong>embajador<\/strong>\u00a0de M\u00e9xico en\u00a0<strong>Reino Unido<\/strong>.<\/p>\n\n\n\n<p>Gertz Manero protest\u00f3 guardar y hacer guardar la Constituci\u00f3n Pol\u00edtica de M\u00e9xico y las leyes que de ella emanen, as\u00ed como desempe\u00f1ar leal y patri\u00f3ticamente el cargo de embajador extraordinario y plenipotenciario de M\u00e9xico ante Reino Unido de la Gran Breta\u00f1a e Irlanda del Norte.<\/p>\n\n\n\n<p>La&nbsp;<strong>Embajada de M\u00e9xico en Reino Unido<\/strong>&nbsp;se congratul\u00f3 por la ratificaci\u00f3n y dese\u00f3 a Alejandro Gertz Manero el mayor de los \u00e9xitos en el desempe\u00f1o de sus funciones.<\/p>\n\n\n\n<p>Previo a ser ratificado, el ex fiscal federal compareci\u00f3 ante legisladores a quienes propuso un&nbsp;<strong>proyecto<\/strong>&nbsp;enfocado en&nbsp;<strong>estudiantes<\/strong>, que de resultar exitoso en Reino Unido, podr\u00eda replicarse en otros pa\u00edses.<\/p>\n\n\n\n<blockquote class=\"wp-block-quote is-layout-flow wp-block-quote-is-layout-flow\">\n<p>Generar oportunidades en M\u00e9xico para egresados mexicanos de Educaci\u00f3n Superior que est\u00e1n en Inglaterra\u201d, detall\u00f3.<\/p>\n<\/blockquote>\n\n\n\n<h2 class=\"wp-block-heading\">&nbsp;Gertz Manero renuncia a la FGR<\/h2>\n\n\n\n<p>En noviembre de 2025,&nbsp;<strong>Alejandro Gertz<\/strong>&nbsp;<strong>Manero renunci\u00f3<\/strong>&nbsp;como titular de la&nbsp;<strong>Fiscal\u00eda General de la Rep\u00fablica<\/strong>&nbsp;(FGR), luego de que la presidenta Claudia Sheinbaum lo propusiera como&nbsp;<strong>embajador<\/strong>&nbsp;ante&nbsp;<strong>Reino<\/strong>&nbsp;<strong>Unido<\/strong>.<\/p>\n\n\n\n<blockquote class=\"wp-block-quote is-layout-flow wp-block-quote-is-layout-flow\">\n<p>Dicha propuesta me va a permitir la posibilidad de continuar sirviendo a mi pa\u00eds, en una nueva tarea que me honra y que agradezco\u201d, dijo en su carta de renuncia.<\/p>\n<\/blockquote>\n\n\n\n<p>Gertz Manero asumi\u00f3 como fiscal general en enero de 2019 y estaba previsto que permanecer\u00eda en el cargo hasta enero de 2028.<\/p>\n\n\n\n<p>Como encargada de la FGR qued\u00f3<strong>&nbsp;Ernestina Godoy Ramos<\/strong>, consejera jur\u00eddica de la Presidencia, quien posteriormente fue ratificada tambi\u00e9n por la C\u00e1mara Alta como nueva titular.<\/p>\n\n\n\n<figure class=\"wp-block-image size-large\"><img loading=\"lazy\" decoding=\"async\" width=\"1024\" height=\"631\" src=\"https:\/\/elregionaldigital.info\/wp-content\/uploads\/2026\/01\/image-42-1024x631.png\" alt=\"\" class=\"wp-image-6075\" srcset=\"https:\/\/elregionaldigital.info\/wp-content\/uploads\/2026\/01\/image-42-1024x631.png 1024w, https:\/\/elregionaldigital.info\/wp-content\/uploads\/2026\/01\/image-42-300x185.png 300w, https:\/\/elregionaldigital.info\/wp-content\/uploads\/2026\/01\/image-42-768x474.png 768w, https:\/\/elregionaldigital.info\/wp-content\/uploads\/2026\/01\/image-42.png 1200w\" sizes=\"auto, (max-width: 1024px) 100vw, 1024px\" \/><\/figure>\n","protected":false},"excerpt":{"rendered":"<p>enero 26, 2026 La Comisi\u00f3n Permanente del\u00a0Congreso de la Uni\u00f3n\u00a0ratific\u00f3 a\u00a0Alejandro Gertz Manero\u00a0como\u00a0embajador\u00a0de M\u00e9xico en\u00a0Reino Unido. Gertz Manero protest\u00f3 guardar y hacer guardar la Constituci\u00f3n Pol\u00edtica de M\u00e9xico y las leyes que de ella emanen, as\u00ed como desempe\u00f1ar leal y patri\u00f3ticamente el cargo de embajador extraordinario y plenipotenciario de M\u00e9xico ante Reino Unido de la [&hellip;]<\/p>\n","protected":false},"author":1,"featured_media":6075,"comment_status":"open","ping_status":"open","sticky":false,"template":"","format":"standard","meta":{"footnotes":""},"categories":[5],"tags":[],"class_list":["post-6074","post","type-post","status-publish","format-standard","has-post-thumbnail","hentry","category-nacional"],"blog_post_layout_featured_media_urls":{"thumbnail":["https:\/\/elregionaldigital.info\/wp-content\/uploads\/2026\/01\/image-42-150x150.png",150,150,true],"full":["https:\/\/elregionaldigital.info\/wp-content\/uploads\/2026\/01\/image-42.png",1200,740,false]},"categories_names":{"5":{"name":"Nacional","link":"https:\/\/elregionaldigital.info\/?cat=5"}},"tags_names":[],"comments_number":"0","wpmagazine_modules_lite_featured_media_urls":{"thumbnail":["https:\/\/elregionaldigital.info\/wp-content\/uploads\/2026\/01\/image-42-150x150.png",150,150,true],"cvmm-medium":["https:\/\/elregionaldigital.info\/wp-content\/uploads\/2026\/01\/image-42-300x300.png",300,300,true],"cvmm-medium-plus":["https:\/\/elregionaldigital.info\/wp-content\/uploads\/2026\/01\/image-42-305x207.png",305,207,true],"cvmm-portrait":["https:\/\/elregionaldigital.info\/wp-content\/uploads\/2026\/01\/image-42-400x600.png",400,600,true],"cvmm-medium-square":["https:\/\/elregionaldigital.info\/wp-content\/uploads\/2026\/01\/image-42-600x600.png",600,600,true],"cvmm-large":["https:\/\/elregionaldigital.info\/wp-content\/uploads\/2026\/01\/image-42-1024x740.png",1024,740,true],"cvmm-small":["https:\/\/elregionaldigital.info\/wp-content\/uploads\/2026\/01\/image-42-130x95.png",130,95,true],"full":["https:\/\/elregionaldigital.info\/wp-content\/uploads\/2026\/01\/image-42.png",1200,740,false]},"_links":{"self":[{"href":"https:\/\/elregionaldigital.info\/index.php?rest_route=\/wp\/v2\/posts\/6074","targetHints":{"allow":["GET"]}}],"collection":[{"href":"https:\/\/elregionaldigital.info\/index.php?rest_route=\/wp\/v2\/posts"}],"about":[{"href":"https:\/\/elregionaldigital.info\/index.php?rest_route=\/wp\/v2\/types\/post"}],"author":[{"embeddable":true,"href":"https:\/\/elregionaldigital.info\/index.php?rest_route=\/wp\/v2\/users\/1"}],"replies":[{"embeddable":true,"href":"https:\/\/elregionaldigital.info\/index.php?rest_route=%2Fwp%2Fv2%2Fcomments&post=6074"}],"version-history":[{"count":1,"href":"https:\/\/elregionaldigital.info\/index.php?rest_route=\/wp\/v2\/posts\/6074\/revisions"}],"predecessor-version":[{"id":6076,"href":"https:\/\/elregionaldigital.info\/index.php?rest_route=\/wp\/v2\/posts\/6074\/revisions\/6076"}],"wp:featuredmedia":[{"embeddable":true,"href":"https:\/\/elregionaldigital.info\/index.php?rest_route=\/wp\/v2\/media\/6075"}],"wp:attachment":[{"href":"https:\/\/elregionaldigital.info\/index.php?rest_route=%2Fwp%2Fv2%2Fmedia&parent=6074"}],"wp:term":[{"taxonomy":"category","embeddable":true,"href":"https:\/\/elregionaldigital.info\/index.php?rest_route=%2Fwp%2Fv2%2Fcategories&post=6074"},{"taxonomy":"post_tag","embeddable":true,"href":"https:\/\/elregionaldigital.info\/index.php?rest_route=%2Fwp%2Fv2%2Ftags&post=6074"}],"curies":[{"name":"wp","href":"https:\/\/api.w.org\/{rel}","templated":true}]}}