{"id":6061,"date":"2026-01-22T19:29:12","date_gmt":"2026-01-22T19:29:12","guid":{"rendered":"https:\/\/elregionaldigital.info\/?p=6061"},"modified":"2026-01-22T19:29:13","modified_gmt":"2026-01-22T19:29:13","slug":"es-oficial-harry-styles-confirma-conciertos-en-cdmx-todo-sobre-la-preventa-de-together-together","status":"publish","type":"post","link":"https:\/\/elregionaldigital.info\/?p=6061","title":{"rendered":"\u00a1Es oficial! Harry Styles confirma conciertos en CDMX; todo sobre la preventa de \u201cTogether, Together\u201d"},"content":{"rendered":"\n<p>22 enero, 2026<\/p>\n\n\n\n<p><strong>Harry Styles\u00a0confirm\u00f3 su esperado regreso a los escenarios<\/strong>\u00a0y\u00a0<strong>M\u00e9xico vuelve a ser una de las paradas<\/strong>\u00a0clave de su nueva gira mundial\u00a0<strong><em>Together, Together<\/em><\/strong>, con\u00a0<strong>dos conciertos programados en la Ciudad de M\u00e9xico<\/strong>\u00a0durante el verano de 2026.<\/p>\n\n\n\n<p><strong>La noticia fue oficializada por Ocesa<\/strong>, luego de semanas de rumores entre fans sobre un posible nuevo disco y tour internacional.<\/p>\n\n\n\n<p>El cantante brit\u00e1nico&nbsp;<strong>se presentar\u00e1 en el Estadio GNP Seguros<\/strong>, uno de los recintos m\u00e1s importantes del pa\u00eds, con&nbsp;<strong>fechas programadas para el 31 de julio y 1 de agosto<\/strong>, lo que marca su retorno a la capital mexicana tras el \u00e9xito de sus visitas anteriores.<\/p>\n\n\n\n<h2 class=\"wp-block-heading\">Preventa y venta general de boletos para Harry Styles<\/h2>\n\n\n\n<p><strong>La venta de boletos estar\u00e1 a cargo de Ticketmaster,<\/strong>&nbsp;con una&nbsp;<strong>preventa exclusiva para tarjetahabientes Banamex<\/strong>&nbsp;programada para el&nbsp;<strong>28 de enero a partir de las 11:00 horas<\/strong>.<\/p>\n\n\n\n<p><strong>La venta general comenzar\u00e1 un d\u00eda despu\u00e9s<\/strong>, el 29 de enero, tambi\u00e9n a las 11:00 horas.<\/p>\n\n\n\n<p><strong>No obstante, el 26 de enero a las 09:00 horas habr\u00e1 Venta Beyond<\/strong>; mientras que&nbsp;<strong>Priority ser\u00e1 el 27 a las 09:00 hora<\/strong>s.<\/p>\n\n\n\n<p>El banco inform\u00f3 que&nbsp;<strong>habr\u00e1 tres meses sin intereses<\/strong>&nbsp;con tarjetas de cr\u00e9dito Banamex, a partir de tres mil pesos.<\/p>\n\n\n\n<p>Aunque&nbsp;<strong>a\u00fan no se han dado a conocer los precios oficiales,<\/strong>&nbsp;se espera una alta demanda, tomando en cuenta que&nbsp;<a href=\"https:\/\/www.adn40.mx\/cultura\/2026-01-13\/harry-styles-regresara-a-los-escenarios-este-2026-posibles-ciudades-presentara\/\" target=\"_blank\" rel=\"noreferrer noopener\"><strong>Harry Styles<\/strong><\/a>&nbsp;<strong>ha logrado llenar estadios en giras anteriores<\/strong>&nbsp;y que M\u00e9xico suele ser uno de los pa\u00edses con mayor respuesta de su p\u00fablico.<\/p>\n\n\n\n<h2 class=\"wp-block-heading\">\u00bfQui\u00e9n abrir\u00e1 los conciertos de Harry Styles en CDMX?<\/h2>\n\n\n\n<p>Un punto que ha generado a\u00fan m\u00e1s expectativa es que&nbsp;<strong>Jorja Smith ser\u00e1 la invitada especial en ambas fechas<\/strong>.<\/p>\n\n\n\n<p>La cantante brit\u00e1nica, reconocida por temas como&nbsp;<em>Blue Lights<\/em>&nbsp;y&nbsp;<em>Be Honest<\/em>,&nbsp;<strong>acompa\u00f1ar\u00e1 a Styles en esta gira<\/strong>, lo que ha sido bien recibido por los fans, quienes&nbsp;<strong>celebran la combinaci\u00f3n de ambos artistas<\/strong>&nbsp;en un mismo escenario.<\/p>\n\n\n\n<h2 class=\"wp-block-heading\">El regreso del cantante brit\u00e1nico y lo que se espera de su nueva gira<\/h2>\n\n\n\n<p>El anuncio de estos conciertos llega en medio de versiones sobre&nbsp;<strong>un nuevo \u00e1lbum de estudio,<\/strong>&nbsp;lo que podr\u00eda significar que&nbsp;<strong>el setlist incluya material in\u00e9dito<\/strong>, adem\u00e1s de \u00e9xitos como&nbsp;<em>As It Was<\/em>,&nbsp;<em>Watermelon Sugar<\/em>&nbsp;y&nbsp;<em>Sign of the Times<\/em>.<\/p>\n\n\n\n<figure class=\"wp-block-image size-large\"><img loading=\"lazy\" decoding=\"async\" width=\"1024\" height=\"690\" src=\"https:\/\/elregionaldigital.info\/wp-content\/uploads\/2026\/01\/image-41-1024x690.png\" alt=\"\" class=\"wp-image-6062\" srcset=\"https:\/\/elregionaldigital.info\/wp-content\/uploads\/2026\/01\/image-41-1024x690.png 1024w, https:\/\/elregionaldigital.info\/wp-content\/uploads\/2026\/01\/image-41-300x202.png 300w, https:\/\/elregionaldigital.info\/wp-content\/uploads\/2026\/01\/image-41-768x518.png 768w, https:\/\/elregionaldigital.info\/wp-content\/uploads\/2026\/01\/image-41-305x207.png 305w, https:\/\/elregionaldigital.info\/wp-content\/uploads\/2026\/01\/image-41-622x420.png 622w, https:\/\/elregionaldigital.info\/wp-content\/uploads\/2026\/01\/image-41.png 1200w\" sizes=\"auto, (max-width: 1024px) 100vw, 1024px\" \/><\/figure>\n\n\n\n<p><\/p>\n","protected":false},"excerpt":{"rendered":"<p>22 enero, 2026 Harry Styles\u00a0confirm\u00f3 su esperado regreso a los escenarios\u00a0y\u00a0M\u00e9xico vuelve a ser una de las paradas\u00a0clave de su nueva gira mundial\u00a0Together, Together, con\u00a0dos conciertos programados en la Ciudad de M\u00e9xico\u00a0durante el verano de 2026. La noticia fue oficializada por Ocesa, luego de semanas de rumores entre fans sobre un posible nuevo disco y [&hellip;]<\/p>\n","protected":false},"author":1,"featured_media":6062,"comment_status":"open","ping_status":"open","sticky":false,"template":"","format":"standard","meta":{"footnotes":""},"categories":[3],"tags":[],"class_list":["post-6061","post","type-post","status-publish","format-standard","has-post-thumbnail","hentry","category-entretenimiento"],"blog_post_layout_featured_media_urls":{"thumbnail":["https:\/\/elregionaldigital.info\/wp-content\/uploads\/2026\/01\/image-41-150x150.png",150,150,true],"full":["https:\/\/elregionaldigital.info\/wp-content\/uploads\/2026\/01\/image-41.png",1200,809,false]},"categories_names":{"3":{"name":"Entretenimiento","link":"https:\/\/elregionaldigital.info\/?cat=3"}},"tags_names":[],"comments_number":"0","wpmagazine_modules_lite_featured_media_urls":{"thumbnail":["https:\/\/elregionaldigital.info\/wp-content\/uploads\/2026\/01\/image-41-150x150.png",150,150,true],"cvmm-medium":["https:\/\/elregionaldigital.info\/wp-content\/uploads\/2026\/01\/image-41-300x300.png",300,300,true],"cvmm-medium-plus":["https:\/\/elregionaldigital.info\/wp-content\/uploads\/2026\/01\/image-41-305x207.png",305,207,true],"cvmm-portrait":["https:\/\/elregionaldigital.info\/wp-content\/uploads\/2026\/01\/image-41-400x600.png",400,600,true],"cvmm-medium-square":["https:\/\/elregionaldigital.info\/wp-content\/uploads\/2026\/01\/image-41-600x600.png",600,600,true],"cvmm-large":["https:\/\/elregionaldigital.info\/wp-content\/uploads\/2026\/01\/image-41-1024x809.png",1024,809,true],"cvmm-small":["https:\/\/elregionaldigital.info\/wp-content\/uploads\/2026\/01\/image-41-130x95.png",130,95,true],"full":["https:\/\/elregionaldigital.info\/wp-content\/uploads\/2026\/01\/image-41.png",1200,809,false]},"_links":{"self":[{"href":"https:\/\/elregionaldigital.info\/index.php?rest_route=\/wp\/v2\/posts\/6061","targetHints":{"allow":["GET"]}}],"collection":[{"href":"https:\/\/elregionaldigital.info\/index.php?rest_route=\/wp\/v2\/posts"}],"about":[{"href":"https:\/\/elregionaldigital.info\/index.php?rest_route=\/wp\/v2\/types\/post"}],"author":[{"embeddable":true,"href":"https:\/\/elregionaldigital.info\/index.php?rest_route=\/wp\/v2\/users\/1"}],"replies":[{"embeddable":true,"href":"https:\/\/elregionaldigital.info\/index.php?rest_route=%2Fwp%2Fv2%2Fcomments&post=6061"}],"version-history":[{"count":1,"href":"https:\/\/elregionaldigital.info\/index.php?rest_route=\/wp\/v2\/posts\/6061\/revisions"}],"predecessor-version":[{"id":6063,"href":"https:\/\/elregionaldigital.info\/index.php?rest_route=\/wp\/v2\/posts\/6061\/revisions\/6063"}],"wp:featuredmedia":[{"embeddable":true,"href":"https:\/\/elregionaldigital.info\/index.php?rest_route=\/wp\/v2\/media\/6062"}],"wp:attachment":[{"href":"https:\/\/elregionaldigital.info\/index.php?rest_route=%2Fwp%2Fv2%2Fmedia&parent=6061"}],"wp:term":[{"taxonomy":"category","embeddable":true,"href":"https:\/\/elregionaldigital.info\/index.php?rest_route=%2Fwp%2Fv2%2Fcategories&post=6061"},{"taxonomy":"post_tag","embeddable":true,"href":"https:\/\/elregionaldigital.info\/index.php?rest_route=%2Fwp%2Fv2%2Ftags&post=6061"}],"curies":[{"name":"wp","href":"https:\/\/api.w.org\/{rel}","templated":true}]}}