{"id":6054,"date":"2026-01-22T19:22:32","date_gmt":"2026-01-22T19:22:32","guid":{"rendered":"https:\/\/elregionaldigital.info\/?p=6054"},"modified":"2026-01-22T19:22:32","modified_gmt":"2026-01-22T19:22:32","slug":"canciller-de-la-fuente-revisa-con-autoridades-de-la-ue-el-acuerdo-global-modernizado","status":"publish","type":"post","link":"https:\/\/elregionaldigital.info\/?p=6054","title":{"rendered":"Canciller De la Fuente revisa con autoridades de la UE el Acuerdo Global Modernizado"},"content":{"rendered":"\n<p>enero 22, 2026<\/p>\n\n\n\n<p>El&nbsp;<strong>canciller Juan Ram\u00f3n de la Fuente<\/strong>&nbsp;se reuni\u00f3 con autoridades de la&nbsp;<strong>Uni\u00f3n Europea<\/strong>&nbsp;para revisar los avances en materia del&nbsp;<strong>Acuerdo Global Modernizado<\/strong>.<\/p>\n\n\n\n<p>La reuni\u00f3n de trabajo se llev\u00f3 a cabo con el secretario general adjunto del Servicio Europeo de Acci\u00f3n Exterior,<strong>&nbsp;Olof Skoog<\/strong>, y el embajador de la Uni\u00f3n Europea en M\u00e9xico,&nbsp;<strong>Francisco Andr\u00e9<\/strong>.<\/p>\n\n\n\n<p>Durante la cita se revis\u00f3 el estado que guarda el&nbsp;<strong>Acuerdo Global Modernizado M\u00e9xico-Uni\u00f3n Europea<\/strong>.<\/p>\n\n\n\n<p>Tambi\u00e9n se resalt\u00f3 la importancia del respeto al&nbsp;<strong>Derecho internacional<\/strong>&nbsp;y el compromiso con el&nbsp;<strong>multilateralismo<\/strong>.<\/p>\n\n\n\n<p>En la cita tambi\u00e9n participaron la subsecretaria de Relaciones Exteriores, Mar\u00eda Teresa Mercado; el subsecretario para Asuntos Multilaterales y Derechos Humanos, Enrique Ochoa, y el consultor jur\u00eddico de la SRE, Pablo Arrocha.<\/p>\n\n\n\n<figure class=\"wp-block-image size-large\"><img loading=\"lazy\" decoding=\"async\" width=\"1024\" height=\"631\" src=\"https:\/\/elregionaldigital.info\/wp-content\/uploads\/2026\/01\/image-39-1024x631.png\" alt=\"\" class=\"wp-image-6055\" srcset=\"https:\/\/elregionaldigital.info\/wp-content\/uploads\/2026\/01\/image-39-1024x631.png 1024w, https:\/\/elregionaldigital.info\/wp-content\/uploads\/2026\/01\/image-39-300x185.png 300w, https:\/\/elregionaldigital.info\/wp-content\/uploads\/2026\/01\/image-39-768x474.png 768w, https:\/\/elregionaldigital.info\/wp-content\/uploads\/2026\/01\/image-39.png 1200w\" sizes=\"auto, (max-width: 1024px) 100vw, 1024px\" \/><\/figure>\n","protected":false},"excerpt":{"rendered":"<p>enero 22, 2026 El&nbsp;canciller Juan Ram\u00f3n de la Fuente&nbsp;se reuni\u00f3 con autoridades de la&nbsp;Uni\u00f3n Europea&nbsp;para revisar los avances en materia del&nbsp;Acuerdo Global Modernizado. La reuni\u00f3n de trabajo se llev\u00f3 a cabo con el secretario general adjunto del Servicio Europeo de Acci\u00f3n Exterior,&nbsp;Olof Skoog, y el embajador de la Uni\u00f3n Europea en M\u00e9xico,&nbsp;Francisco Andr\u00e9. Durante la [&hellip;]<\/p>\n","protected":false},"author":1,"featured_media":6055,"comment_status":"open","ping_status":"open","sticky":false,"template":"","format":"standard","meta":{"footnotes":""},"categories":[5],"tags":[],"class_list":["post-6054","post","type-post","status-publish","format-standard","has-post-thumbnail","hentry","category-nacional"],"blog_post_layout_featured_media_urls":{"thumbnail":["https:\/\/elregionaldigital.info\/wp-content\/uploads\/2026\/01\/image-39-150x150.png",150,150,true],"full":["https:\/\/elregionaldigital.info\/wp-content\/uploads\/2026\/01\/image-39.png",1200,740,false]},"categories_names":{"5":{"name":"Nacional","link":"https:\/\/elregionaldigital.info\/?cat=5"}},"tags_names":[],"comments_number":"0","wpmagazine_modules_lite_featured_media_urls":{"thumbnail":["https:\/\/elregionaldigital.info\/wp-content\/uploads\/2026\/01\/image-39-150x150.png",150,150,true],"cvmm-medium":["https:\/\/elregionaldigital.info\/wp-content\/uploads\/2026\/01\/image-39-300x300.png",300,300,true],"cvmm-medium-plus":["https:\/\/elregionaldigital.info\/wp-content\/uploads\/2026\/01\/image-39-305x207.png",305,207,true],"cvmm-portrait":["https:\/\/elregionaldigital.info\/wp-content\/uploads\/2026\/01\/image-39-400x600.png",400,600,true],"cvmm-medium-square":["https:\/\/elregionaldigital.info\/wp-content\/uploads\/2026\/01\/image-39-600x600.png",600,600,true],"cvmm-large":["https:\/\/elregionaldigital.info\/wp-content\/uploads\/2026\/01\/image-39-1024x740.png",1024,740,true],"cvmm-small":["https:\/\/elregionaldigital.info\/wp-content\/uploads\/2026\/01\/image-39-130x95.png",130,95,true],"full":["https:\/\/elregionaldigital.info\/wp-content\/uploads\/2026\/01\/image-39.png",1200,740,false]},"_links":{"self":[{"href":"https:\/\/elregionaldigital.info\/index.php?rest_route=\/wp\/v2\/posts\/6054","targetHints":{"allow":["GET"]}}],"collection":[{"href":"https:\/\/elregionaldigital.info\/index.php?rest_route=\/wp\/v2\/posts"}],"about":[{"href":"https:\/\/elregionaldigital.info\/index.php?rest_route=\/wp\/v2\/types\/post"}],"author":[{"embeddable":true,"href":"https:\/\/elregionaldigital.info\/index.php?rest_route=\/wp\/v2\/users\/1"}],"replies":[{"embeddable":true,"href":"https:\/\/elregionaldigital.info\/index.php?rest_route=%2Fwp%2Fv2%2Fcomments&post=6054"}],"version-history":[{"count":1,"href":"https:\/\/elregionaldigital.info\/index.php?rest_route=\/wp\/v2\/posts\/6054\/revisions"}],"predecessor-version":[{"id":6056,"href":"https:\/\/elregionaldigital.info\/index.php?rest_route=\/wp\/v2\/posts\/6054\/revisions\/6056"}],"wp:featuredmedia":[{"embeddable":true,"href":"https:\/\/elregionaldigital.info\/index.php?rest_route=\/wp\/v2\/media\/6055"}],"wp:attachment":[{"href":"https:\/\/elregionaldigital.info\/index.php?rest_route=%2Fwp%2Fv2%2Fmedia&parent=6054"}],"wp:term":[{"taxonomy":"category","embeddable":true,"href":"https:\/\/elregionaldigital.info\/index.php?rest_route=%2Fwp%2Fv2%2Fcategories&post=6054"},{"taxonomy":"post_tag","embeddable":true,"href":"https:\/\/elregionaldigital.info\/index.php?rest_route=%2Fwp%2Fv2%2Ftags&post=6054"}],"curies":[{"name":"wp","href":"https:\/\/api.w.org\/{rel}","templated":true}]}}