{"id":603,"date":"2022-10-14T18:59:00","date_gmt":"2022-10-14T18:59:00","guid":{"rendered":"http:\/\/elregionaldigital.info\/?p=603"},"modified":"2022-10-17T19:01:41","modified_gmt":"2022-10-17T19:01:41","slug":"trabajadores-no-sufriran-reducciones-en-sus-prestaciones-aclara-el-gobernador","status":"publish","type":"post","link":"https:\/\/elregionaldigital.info\/?p=603","title":{"rendered":"TRABAJADORES, NO SUFRIR\u00c1N REDUCCIONES EN SUS PRESTACIONES, ACLARA EL GOBERNADOR"},"content":{"rendered":"\n<figure class=\"wp-block-image size-full\"><img loading=\"lazy\" decoding=\"async\" width=\"850\" height=\"500\" src=\"http:\/\/elregionaldigital.info\/wp-content\/uploads\/2022\/10\/032-2022.-Trabajadores-no-sufriran-reducciones-en-sus-prestaciones-aclara-el-Gobernador-850x500-1.jpeg\" alt=\"\" class=\"wp-image-604\" srcset=\"https:\/\/elregionaldigital.info\/wp-content\/uploads\/2022\/10\/032-2022.-Trabajadores-no-sufriran-reducciones-en-sus-prestaciones-aclara-el-Gobernador-850x500-1.jpeg 850w, https:\/\/elregionaldigital.info\/wp-content\/uploads\/2022\/10\/032-2022.-Trabajadores-no-sufriran-reducciones-en-sus-prestaciones-aclara-el-Gobernador-850x500-1-300x176.jpeg 300w, https:\/\/elregionaldigital.info\/wp-content\/uploads\/2022\/10\/032-2022.-Trabajadores-no-sufriran-reducciones-en-sus-prestaciones-aclara-el-Gobernador-850x500-1-768x452.jpeg 768w\" sizes=\"auto, (max-width: 850px) 100vw, 850px\" \/><\/figure>\n\n\n\n<p>Octubre 14 del 2022<\/p>\n\n\n\n<p>Ciudad Victoria, Tamaulipas.- El gobernador de Tamaulipas Am\u00e9rico Villarreal Anaya confirm\u00f3 que es prioridad de su administraci\u00f3n que las y los trabajadores del Estado quienes son parte fundamental de la transformaci\u00f3n, tengan certeza econ\u00f3mica, por lo cual sus percepciones econ\u00f3micas no sufrir\u00e1n reducci\u00f3n alguna.<\/p>\n\n\n\n<p>En una entrevista con los representantes de los medios de comunicaci\u00f3n, a su arribo a Palacio de Gobierno, Villarreal Anaya confirm\u00f3 que ser\u00e1n los nuevos mandos medios y superiores, qui\u00e9nes tendr\u00e1n una reducci\u00f3n de un 15% en sus compensaciones.<\/p>\n\n\n\n<p>\u00abDecirle a las y los trabajadores del gobierno del Estado, de las diferentes Secretar\u00edas e Instituciones, que las compensaciones que reciben se mantienen exactamente igual; sabemos que son parte de su gasto, de su percepci\u00f3n para llevar a su hogar y que en todo momento sigan contando con esa certidumbre econ\u00f3mica\u00bb declar\u00f3.<\/p>\n\n\n\n<p>Villarreal Anaya puntualiz\u00f3 que ser\u00e1n las y los funcionarios que se van incorporando al gobierno, qui\u00e9nes tendr\u00e1n una reducci\u00f3n en sus percepciones.<\/p>\n\n\n\n<p>\u00abQuienes nos estamos incorporando en los mandos medios y superiores de nuevo ingreso en esta administraci\u00f3n y que ten\u00edan las compensaciones al l\u00edmite de lo permitido por la ley, se acord\u00f3 que sobre ese monto superior, vamos a tener una reducci\u00f3n de un 15% para estos mandos y as\u00ed iniciar esta administraci\u00f3n\u00bb se\u00f1al\u00f3.<\/p>\n\n\n\n<p>Villarreal Anaya anunci\u00f3 adem\u00e1s, que parte de las acciones para evitar dispendios y generar un ahorro para la actual administraci\u00f3n, se reducir\u00e1 el monto que se destina en gastos de mantenimiento a inmuebles, como la Casa de Gobierno que representa alrededor de un mill\u00f3n de pesos diarios en gastos de mantenimiento.<\/p>\n\n\n\n<p>\u00abEstamos adecuando todo, con sentido com\u00fan para los ahorros que se puedan aplicar y que nos de margen de operaci\u00f3n y la oportunidad de servir a las y los tamaulipecos\u00bb.<\/p>\n","protected":false},"excerpt":{"rendered":"<p>Octubre 14 del 2022 Ciudad Victoria, Tamaulipas.- El gobernador de Tamaulipas Am\u00e9rico Villarreal Anaya confirm\u00f3 que es prioridad de su administraci\u00f3n que las y los trabajadores del Estado quienes son parte fundamental de la transformaci\u00f3n, tengan certeza econ\u00f3mica, por lo cual sus percepciones econ\u00f3micas no sufrir\u00e1n reducci\u00f3n alguna. En una entrevista con los representantes de [&hellip;]<\/p>\n","protected":false},"author":1,"featured_media":604,"comment_status":"open","ping_status":"open","sticky":false,"template":"","format":"standard","meta":{"footnotes":""},"categories":[2],"tags":[],"class_list":["post-603","post","type-post","status-publish","format-standard","has-post-thumbnail","hentry","category-tamaulipas"],"blog_post_layout_featured_media_urls":{"thumbnail":["https:\/\/elregionaldigital.info\/wp-content\/uploads\/2022\/10\/032-2022.-Trabajadores-no-sufriran-reducciones-en-sus-prestaciones-aclara-el-Gobernador-850x500-1-150x150.jpeg",150,150,true],"full":["https:\/\/elregionaldigital.info\/wp-content\/uploads\/2022\/10\/032-2022.-Trabajadores-no-sufriran-reducciones-en-sus-prestaciones-aclara-el-Gobernador-850x500-1.jpeg",850,500,false]},"categories_names":{"2":{"name":"Tamaulipas","link":"https:\/\/elregionaldigital.info\/?cat=2"}},"tags_names":[],"comments_number":"0","wpmagazine_modules_lite_featured_media_urls":{"thumbnail":["https:\/\/elregionaldigital.info\/wp-content\/uploads\/2022\/10\/032-2022.-Trabajadores-no-sufriran-reducciones-en-sus-prestaciones-aclara-el-Gobernador-850x500-1-150x150.jpeg",150,150,true],"cvmm-medium":["https:\/\/elregionaldigital.info\/wp-content\/uploads\/2022\/10\/032-2022.-Trabajadores-no-sufriran-reducciones-en-sus-prestaciones-aclara-el-Gobernador-850x500-1-300x300.jpeg",300,300,true],"cvmm-medium-plus":["https:\/\/elregionaldigital.info\/wp-content\/uploads\/2022\/10\/032-2022.-Trabajadores-no-sufriran-reducciones-en-sus-prestaciones-aclara-el-Gobernador-850x500-1-305x207.jpeg",305,207,true],"cvmm-portrait":["https:\/\/elregionaldigital.info\/wp-content\/uploads\/2022\/10\/032-2022.-Trabajadores-no-sufriran-reducciones-en-sus-prestaciones-aclara-el-Gobernador-850x500-1-400x500.jpeg",400,500,true],"cvmm-medium-square":["https:\/\/elregionaldigital.info\/wp-content\/uploads\/2022\/10\/032-2022.-Trabajadores-no-sufriran-reducciones-en-sus-prestaciones-aclara-el-Gobernador-850x500-1-600x500.jpeg",600,500,true],"cvmm-large":["https:\/\/elregionaldigital.info\/wp-content\/uploads\/2022\/10\/032-2022.-Trabajadores-no-sufriran-reducciones-en-sus-prestaciones-aclara-el-Gobernador-850x500-1.jpeg",850,500,false],"cvmm-small":["https:\/\/elregionaldigital.info\/wp-content\/uploads\/2022\/10\/032-2022.-Trabajadores-no-sufriran-reducciones-en-sus-prestaciones-aclara-el-Gobernador-850x500-1-130x95.jpeg",130,95,true],"full":["https:\/\/elregionaldigital.info\/wp-content\/uploads\/2022\/10\/032-2022.-Trabajadores-no-sufriran-reducciones-en-sus-prestaciones-aclara-el-Gobernador-850x500-1.jpeg",850,500,false]},"_links":{"self":[{"href":"https:\/\/elregionaldigital.info\/index.php?rest_route=\/wp\/v2\/posts\/603","targetHints":{"allow":["GET"]}}],"collection":[{"href":"https:\/\/elregionaldigital.info\/index.php?rest_route=\/wp\/v2\/posts"}],"about":[{"href":"https:\/\/elregionaldigital.info\/index.php?rest_route=\/wp\/v2\/types\/post"}],"author":[{"embeddable":true,"href":"https:\/\/elregionaldigital.info\/index.php?rest_route=\/wp\/v2\/users\/1"}],"replies":[{"embeddable":true,"href":"https:\/\/elregionaldigital.info\/index.php?rest_route=%2Fwp%2Fv2%2Fcomments&post=603"}],"version-history":[{"count":1,"href":"https:\/\/elregionaldigital.info\/index.php?rest_route=\/wp\/v2\/posts\/603\/revisions"}],"predecessor-version":[{"id":605,"href":"https:\/\/elregionaldigital.info\/index.php?rest_route=\/wp\/v2\/posts\/603\/revisions\/605"}],"wp:featuredmedia":[{"embeddable":true,"href":"https:\/\/elregionaldigital.info\/index.php?rest_route=\/wp\/v2\/media\/604"}],"wp:attachment":[{"href":"https:\/\/elregionaldigital.info\/index.php?rest_route=%2Fwp%2Fv2%2Fmedia&parent=603"}],"wp:term":[{"taxonomy":"category","embeddable":true,"href":"https:\/\/elregionaldigital.info\/index.php?rest_route=%2Fwp%2Fv2%2Fcategories&post=603"},{"taxonomy":"post_tag","embeddable":true,"href":"https:\/\/elregionaldigital.info\/index.php?rest_route=%2Fwp%2Fv2%2Ftags&post=603"}],"curies":[{"name":"wp","href":"https:\/\/api.w.org\/{rel}","templated":true}]}}