{"id":6015,"date":"2025-12-28T18:58:49","date_gmt":"2025-12-28T18:58:49","guid":{"rendered":"https:\/\/elregionaldigital.info\/?p=6015"},"modified":"2026-01-20T19:00:55","modified_gmt":"2026-01-20T19:00:55","slug":"las-seis-peliculas-que-marcaron-la-carrera-de-brigitte-bardot","status":"publish","type":"post","link":"https:\/\/elregionaldigital.info\/?p=6015","title":{"rendered":"Las seis pel\u00edculas que marcaron la carrera de Brigitte Bardot"},"content":{"rendered":"\n<p>diciembre 28, 2025<\/p>\n\n\n\n<p>La actriz Brigitte Bardot, fallecida este domingo a los 91 a\u00f1os, tuvo una corta, pero intensa carrera en el cine que la convirti\u00f3 en figura \u2018parad\u00f3jica\u2019 de la cultura francesa, al mismo tiempo s\u00edmbolo de la emancipaci\u00f3n sexual femenina y mujer objeto.<\/p>\n\n\n\n<p>Admirada por intelectuales como Marguerite Duras, Simone de Beauvoir, Jean-Luc Godard y Fran\u00e7ois Truffaut por su autenticidad y su desaf\u00edo al patriarcado a trav\u00e9s de la libertad sexual, \u2018BB\u2019 protagoniz\u00f3 cerca de medio centenar de filmes. Estos son los seis que la propia Bardot escogi\u00f3.<\/p>\n\n\n\n<h2 class=\"wp-block-heading\"><strong>\u2018Et Dieu\u2026 cr\u00e9a la femme\u2019 (1956)<\/strong><\/h2>\n\n\n\n<p>Traducida en espa\u00f1ol como \u2018Y Dios\u2026 cre\u00f3 a la mujer\u2019, se trata de un drama rom\u00e1ntico franc\u00e9s dirigido por Roger Vadim, con quien la propia Bardot estuvo casada. En el filme, encarna a Juliette Hardy, una hu\u00e9rfana de 18 a\u00f1os de arrolladora sensualidad que vive con unos tutores y que se convierte en objeto de deseo en Saint-Tropez (localidad litoral del sur de Francia).<\/p>\n\n\n\n<p>La pel\u00edcula, que tambi\u00e9n la protagonizan Jean-Louis Trintignant y Christian Marquand, qued\u00f3 para la historia del cine por su baile en medio de un bar. Al son de un mambo, Bardot escandaliz\u00f3 a parte de la sociedad francesa de la \u00e9poca por sus movimientos p\u00e9lvicos y giros sensuales. La escena elev\u00f3 a la actriz de melena rubia a sex-symbol internacional.<\/p>\n\n\n\n<h2 class=\"wp-block-heading\"><strong>\u2018En cas de malheur\u2019 (1958)<\/strong><\/h2>\n\n\n\n<p>Titulada en espa\u00f1ol como \u2018En caso de desgracia\u2019 o \u2018El amor es mi oficio\u2019 y dirigida por Claude Autant-Lara, la pel\u00edcula opone al entonces cinquent\u00f3n Jean Gabin, que encarna un serio abogado, a la exuberante veintea\u00f1era Bardot, una joven delincuente sin recursos que busca un letrado prestigioso para sacarla de un l\u00edo judicial.<\/p>\n\n\n\n<p>El personaje que representa Gabin termina rendido a la belleza de Yvette, la joven que encarna Bardot, y acepta representarla legalmente, a pesar de las terribles consecuencias que ello conlleva. El filme cuenta con otra escena que cimenta la imagen de icono sexual de \u2018BB\u2019. En ella, la actriz insin\u00faa, ense\u00f1ando las piernas, c\u00f3mo compensar\u00e1 a Gabin si este acepta el caso.<\/p>\n\n\n\n<h2 class=\"wp-block-heading\"><strong>\u2018La V\u00e9rit\u00e9\u2019 (1960)<\/strong><\/h2>\n\n\n\n<p>\u2018La Verdad\u2019, como se tradujo en espa\u00f1ol, fue dirigida por Henri-Georges Clouzot -reputado especialista en intrigas psicol\u00f3gicas- y est\u00e1 considerada la obra en la que Bardot alcanza su cumbre interpretativa en la piel de Dominique Marceau.<\/p>\n\n\n\n<p>Juzgada por el asesinato de su examante (papel desempe\u00f1ado por Sami Frey), la joven se encuentra en el centro dram\u00e1tico de los duelos dial\u00e9cticos entre los abogados de la acusaci\u00f3n y la defensa para dirimir si el personaje de Bardot actu\u00f3 por pasi\u00f3n, venganza, desesperaci\u00f3n o si fue un accidente. El filme es una cr\u00edtica mordaz a la hipocres\u00eda y la doble moral de la sociedad francesa de la \u00e9poca. Durante su rodaje, Bardot y Frey iniciaron un tumultuoso romance.<\/p>\n\n\n\n<h2 class=\"wp-block-heading\"><strong>\u2018Le m\u00e9pris\u2019 (1963)<\/strong><\/h2>\n\n\n\n<p>Obra de culto de la \u2018Nouvelle Vague\u2019 traducida en espa\u00f1ol como \u2018El Desprecio\u2019, Bardot se pone a las \u00f3rdenes del cineasta Jean-Luc Godard para representar, mediante el personaje de Camille Javal, la desintegraci\u00f3n de un matrimonio fruto de la falta de comunicaci\u00f3n con su pareja (el actor Michel Piccoli). La pel\u00edcula, una cr\u00edtica tambi\u00e9n a la mercantilizaci\u00f3n del cine, incluye una memorable escena donde Bardot, desnuda en la cama, le pregunta a Piccoli qu\u00e9 partes de su cuerpo le atraen m\u00e1s.<\/p>\n\n\n\n<h2 class=\"wp-block-heading\"><strong>\u2018Viva Maria\u2019 (1965)<\/strong><\/h2>\n\n\n\n<p>Bajo la direcci\u00f3n de Louis Malle, otro referente de la \u2018Nouvelle Vague\u2019, y con guion coescrito por Jean-Claude Carri\u00e8re (habitual colaborador de Luis Bu\u00f1uel), \u2018\u00a1Viva Mar\u00eda!\u2019 une a Bardot con Jeanne Moreau, otra musa del cine franc\u00e9s de los a\u00f1os 60. Ambientada a inicios del siglo XX durante una revoluci\u00f3n en Am\u00e9rica Latina (la imaginaria Rep\u00fablica de San Miguel), las dos carism\u00e1ticas mujeres rompen clich\u00e9s y terminan liderando el movimiento de lucha por la libertad.<\/p>\n\n\n\n<h2 class=\"wp-block-heading\"><strong>\u2018L\u2019ours et la poup\u00e9e\u2019 (1970)<\/strong><\/h2>\n\n\n\n<p>Traducido en Espa\u00f1a como \u2018El oso y la mu\u00f1eca\u2019, el filme de Michel Deville fue uno de los \u00faltimos en el que Bardot trabaj\u00f3, antes de retirarse en 1973. Considerada una comedia ligera, la pel\u00edcula se trata de una \u2018La Bella y la Bestia\u2019 \u2018sui g\u00e9neris\u2019. Bardot, una \u2018mu\u00f1eca\u2019 parisina elegante, divorciada y sofisticada y rodeada de pretendientes, se obsesiona por Jean-Pierre Cassel, el hosco \u2018oso\u2019 violoncelista que ignora los encantos de \u2018BB\u2019.<\/p>\n\n\n\n<figure class=\"wp-block-image size-large\"><img loading=\"lazy\" decoding=\"async\" width=\"1024\" height=\"773\" src=\"https:\/\/elregionaldigital.info\/wp-content\/uploads\/2026\/01\/image-34-1024x773.png\" alt=\"\" class=\"wp-image-6016\" srcset=\"https:\/\/elregionaldigital.info\/wp-content\/uploads\/2026\/01\/image-34-1024x773.png 1024w, https:\/\/elregionaldigital.info\/wp-content\/uploads\/2026\/01\/image-34-300x227.png 300w, https:\/\/elregionaldigital.info\/wp-content\/uploads\/2026\/01\/image-34-768x580.png 768w, https:\/\/elregionaldigital.info\/wp-content\/uploads\/2026\/01\/image-34-1536x1160.png 1536w, https:\/\/elregionaldigital.info\/wp-content\/uploads\/2026\/01\/image-34-136x102.png 136w, https:\/\/elregionaldigital.info\/wp-content\/uploads\/2026\/01\/image-34.png 1920w\" sizes=\"auto, (max-width: 1024px) 100vw, 1024px\" \/><\/figure>\n","protected":false},"excerpt":{"rendered":"<p>diciembre 28, 2025 La actriz Brigitte Bardot, fallecida este domingo a los 91 a\u00f1os, tuvo una corta, pero intensa carrera en el cine que la convirti\u00f3 en figura \u2018parad\u00f3jica\u2019 de la cultura francesa, al mismo tiempo s\u00edmbolo de la emancipaci\u00f3n sexual femenina y mujer objeto. Admirada por intelectuales como Marguerite Duras, Simone de Beauvoir, Jean-Luc [&hellip;]<\/p>\n","protected":false},"author":1,"featured_media":6016,"comment_status":"open","ping_status":"open","sticky":false,"template":"","format":"standard","meta":{"footnotes":""},"categories":[3],"tags":[],"class_list":["post-6015","post","type-post","status-publish","format-standard","has-post-thumbnail","hentry","category-entretenimiento"],"blog_post_layout_featured_media_urls":{"thumbnail":["https:\/\/elregionaldigital.info\/wp-content\/uploads\/2026\/01\/image-34-150x150.png",150,150,true],"full":["https:\/\/elregionaldigital.info\/wp-content\/uploads\/2026\/01\/image-34.png",1920,1450,false]},"categories_names":{"3":{"name":"Entretenimiento","link":"https:\/\/elregionaldigital.info\/?cat=3"}},"tags_names":[],"comments_number":"0","wpmagazine_modules_lite_featured_media_urls":{"thumbnail":["https:\/\/elregionaldigital.info\/wp-content\/uploads\/2026\/01\/image-34-150x150.png",150,150,true],"cvmm-medium":["https:\/\/elregionaldigital.info\/wp-content\/uploads\/2026\/01\/image-34-300x300.png",300,300,true],"cvmm-medium-plus":["https:\/\/elregionaldigital.info\/wp-content\/uploads\/2026\/01\/image-34-305x207.png",305,207,true],"cvmm-portrait":["https:\/\/elregionaldigital.info\/wp-content\/uploads\/2026\/01\/image-34-400x600.png",400,600,true],"cvmm-medium-square":["https:\/\/elregionaldigital.info\/wp-content\/uploads\/2026\/01\/image-34-600x600.png",600,600,true],"cvmm-large":["https:\/\/elregionaldigital.info\/wp-content\/uploads\/2026\/01\/image-34-1024x1024.png",1024,1024,true],"cvmm-small":["https:\/\/elregionaldigital.info\/wp-content\/uploads\/2026\/01\/image-34-130x95.png",130,95,true],"full":["https:\/\/elregionaldigital.info\/wp-content\/uploads\/2026\/01\/image-34.png",1920,1450,false]},"_links":{"self":[{"href":"https:\/\/elregionaldigital.info\/index.php?rest_route=\/wp\/v2\/posts\/6015","targetHints":{"allow":["GET"]}}],"collection":[{"href":"https:\/\/elregionaldigital.info\/index.php?rest_route=\/wp\/v2\/posts"}],"about":[{"href":"https:\/\/elregionaldigital.info\/index.php?rest_route=\/wp\/v2\/types\/post"}],"author":[{"embeddable":true,"href":"https:\/\/elregionaldigital.info\/index.php?rest_route=\/wp\/v2\/users\/1"}],"replies":[{"embeddable":true,"href":"https:\/\/elregionaldigital.info\/index.php?rest_route=%2Fwp%2Fv2%2Fcomments&post=6015"}],"version-history":[{"count":1,"href":"https:\/\/elregionaldigital.info\/index.php?rest_route=\/wp\/v2\/posts\/6015\/revisions"}],"predecessor-version":[{"id":6017,"href":"https:\/\/elregionaldigital.info\/index.php?rest_route=\/wp\/v2\/posts\/6015\/revisions\/6017"}],"wp:featuredmedia":[{"embeddable":true,"href":"https:\/\/elregionaldigital.info\/index.php?rest_route=\/wp\/v2\/media\/6016"}],"wp:attachment":[{"href":"https:\/\/elregionaldigital.info\/index.php?rest_route=%2Fwp%2Fv2%2Fmedia&parent=6015"}],"wp:term":[{"taxonomy":"category","embeddable":true,"href":"https:\/\/elregionaldigital.info\/index.php?rest_route=%2Fwp%2Fv2%2Fcategories&post=6015"},{"taxonomy":"post_tag","embeddable":true,"href":"https:\/\/elregionaldigital.info\/index.php?rest_route=%2Fwp%2Fv2%2Ftags&post=6015"}],"curies":[{"name":"wp","href":"https:\/\/api.w.org\/{rel}","templated":true}]}}