{"id":6012,"date":"2026-01-02T18:57:20","date_gmt":"2026-01-02T18:57:20","guid":{"rendered":"https:\/\/elregionaldigital.info\/?p=6012"},"modified":"2026-01-20T18:58:47","modified_gmt":"2026-01-20T18:58:47","slug":"exparticipante-de-americas-got-talent-demanda-a-will-smith-por-acoso-sexual","status":"publish","type":"post","link":"https:\/\/elregionaldigital.info\/?p=6012","title":{"rendered":"Exparticipante de America\u2019s Got Talent demanda a Will Smith por acoso sexual"},"content":{"rendered":"\n<p>enero 2, 2026<\/p>\n\n\n\n<p>El actor y cantante estadounidense&nbsp;<strong>Will Smith<\/strong>&nbsp;fue demandado por&nbsp;<strong>acoso<\/strong>&nbsp;<strong>sexual<\/strong>,&nbsp;<strong>despido injustificado<\/strong>&nbsp;y&nbsp;<strong>represalias<\/strong>, informa la revista&nbsp;<em>Variety<\/em>, imputaciones que \u00e9l ha rechazado.<\/p>\n\n\n\n<p>En la demanda, a la que han tenido acceso medios como Variety o la cadena Fox, el m\u00fasico<strong>&nbsp;Brian King Joseph<\/strong>&nbsp;incluye a Smith y a la gerencia de Treyball Studios como acusados.<\/p>\n\n\n\n<p>El&nbsp;<strong>violinista acusa<\/strong>&nbsp;directamente al actor de \u201c<strong>comportamiento<\/strong>&nbsp;<strong>depredador<\/strong>\u201d y de \u201cpreparar deliberadamente al Sr. Joseph para una mayor&nbsp;<strong>explotaci\u00f3n<\/strong>&nbsp;<strong>sexual<\/strong>\u201d durante la&nbsp;<strong>gira<\/strong>&nbsp;en la que particip\u00f3 la primavera pasada y que llevaba como nombre \u201c<strong>Basada en una historia real: 2025<\/strong>\u201c, indican ambos medios.<\/p>\n\n\n\n<p>La demanda alega que Smith contrat\u00f3 a Joseph en noviembre de 2024 para actuar en un espect\u00e1culo en San Diego y, posteriormente, fue invitado a unirse a su gira de 2025 y a tocar en su pr\u00f3ximo \u00e1lbum.<\/p>\n\n\n\n<p>A medida que su relaci\u00f3n se estrechaba, Smith le dijo a Joseph: \u201cT\u00fa y yo tenemos una conexi\u00f3n tan especial que no tengo con nadie m\u00e1s\u201d, entre otras expresiones similares, seg\u00fan la demanda.<\/p>\n\n\n\n<p><strong>Joseph<\/strong>, quien previamente compiti\u00f3 en el programa de televisi\u00f3n \u201c<strong>America\u2019s Got Talent<\/strong>\u201c, se uni\u00f3 a la primera etapa de la&nbsp;<strong>gira<\/strong>&nbsp;de&nbsp;<strong>Will Smith<\/strong>&nbsp;en marzo de 2025 para un concierto en Las Vegas, donde se hab\u00edan reservado habitaciones de hotel para la banda y el equipo.<\/p>\n\n\n\n<p>En su demanda afirma, seg\u00fan Variety, que su bolso, que conten\u00eda la llave de su habitaci\u00f3n, estuvo perdido durante varias horas antes de que la gerencia lo encontrara y se lo devolviera, y que sus miembros eran los \u201c\u00fanicos con acceso a (su) habitaci\u00f3n\u201d.<\/p>\n\n\n\n<p>M\u00e1s tarde esa noche, Joseph regres\u00f3 y descubri\u00f3 que alguien hab\u00eda entrado ilegalmente en la habitaci\u00f3n y hab\u00eda dejado varias pertenencias, incluyendo toallitas h\u00famedas, un frasco de medicamento contra el VIH con el nombre de otra persona y una nota que dec\u00eda: \u201cBrian, vuelvo como muy tarde a las 5:30, solo nosotros (un coraz\u00f3n dibujado), Stone F\u201d.<\/p>\n\n\n\n<p>El violinista interpret\u00f3 el mensaje como una advertencia de que \u201cun desconocido pronto regresar\u00eda a su habitaci\u00f3n para tener relaciones sexuales\u201d con \u00e9l.<\/p>\n\n\n\n<p>El m\u00fasico inform\u00f3 al personal de seguridad del hotel y a los representantes de Smith, y denunci\u00f3 el incidente a la polic\u00eda. Pocos d\u00edas despu\u00e9s, un miembro del equipo directivo le \u201chumill\u00f3\u201d por el incidente y le dijo que estaba&nbsp;<strong>despedido<\/strong>, sugiriendo que Joseph se lo hab\u00eda inventado todo.<\/p>\n\n\n\n<p>La demanda alega que, debido al despido,&nbsp;<strong>Joseph<\/strong>&nbsp;padeci\u00f3&nbsp;<strong>trastorno de estr\u00e9s postraum\u00e1tico<\/strong>&nbsp;y&nbsp;<strong>p\u00e9rdidas econ\u00f3micas<\/strong>, asegura haber sufrido&nbsp;<strong>represalias<\/strong>,&nbsp;<strong>despido injustificado<\/strong>&nbsp;y&nbsp;<strong>acoso<\/strong>&nbsp;<strong>sexual<\/strong>, y solicita que un jurado determine una&nbsp;<strong>indemnizaci\u00f3n<\/strong>&nbsp;por&nbsp;<strong>da\u00f1os<\/strong>&nbsp;<strong>y perjuicios<\/strong>.<\/p>\n\n\n\n<p>\u201cLas acusaciones del Sr. Joseph contra mi cliente son falsas, infundadas e imprudentes\u201d, declar\u00f3, por su parte a PEOPLE Allen B. Grodsky, abogado de Smith, en un comunicado enviado al medio.<\/p>\n\n\n\n<figure class=\"wp-block-image size-large\"><img loading=\"lazy\" decoding=\"async\" width=\"1024\" height=\"631\" src=\"https:\/\/elregionaldigital.info\/wp-content\/uploads\/2026\/01\/image-33-1024x631.png\" alt=\"\" class=\"wp-image-6013\" srcset=\"https:\/\/elregionaldigital.info\/wp-content\/uploads\/2026\/01\/image-33-1024x631.png 1024w, https:\/\/elregionaldigital.info\/wp-content\/uploads\/2026\/01\/image-33-300x185.png 300w, https:\/\/elregionaldigital.info\/wp-content\/uploads\/2026\/01\/image-33-768x474.png 768w, https:\/\/elregionaldigital.info\/wp-content\/uploads\/2026\/01\/image-33.png 1200w\" sizes=\"auto, (max-width: 1024px) 100vw, 1024px\" \/><\/figure>\n","protected":false},"excerpt":{"rendered":"<p>enero 2, 2026 El actor y cantante estadounidense&nbsp;Will Smith&nbsp;fue demandado por&nbsp;acoso&nbsp;sexual,&nbsp;despido injustificado&nbsp;y&nbsp;represalias, informa la revista&nbsp;Variety, imputaciones que \u00e9l ha rechazado. En la demanda, a la que han tenido acceso medios como Variety o la cadena Fox, el m\u00fasico&nbsp;Brian King Joseph&nbsp;incluye a Smith y a la gerencia de Treyball Studios como acusados. El&nbsp;violinista acusa&nbsp;directamente al actor [&hellip;]<\/p>\n","protected":false},"author":1,"featured_media":6013,"comment_status":"open","ping_status":"open","sticky":false,"template":"","format":"standard","meta":{"footnotes":""},"categories":[3],"tags":[],"class_list":["post-6012","post","type-post","status-publish","format-standard","has-post-thumbnail","hentry","category-entretenimiento"],"blog_post_layout_featured_media_urls":{"thumbnail":["https:\/\/elregionaldigital.info\/wp-content\/uploads\/2026\/01\/image-33-150x150.png",150,150,true],"full":["https:\/\/elregionaldigital.info\/wp-content\/uploads\/2026\/01\/image-33.png",1200,740,false]},"categories_names":{"3":{"name":"Entretenimiento","link":"https:\/\/elregionaldigital.info\/?cat=3"}},"tags_names":[],"comments_number":"0","wpmagazine_modules_lite_featured_media_urls":{"thumbnail":["https:\/\/elregionaldigital.info\/wp-content\/uploads\/2026\/01\/image-33-150x150.png",150,150,true],"cvmm-medium":["https:\/\/elregionaldigital.info\/wp-content\/uploads\/2026\/01\/image-33-300x300.png",300,300,true],"cvmm-medium-plus":["https:\/\/elregionaldigital.info\/wp-content\/uploads\/2026\/01\/image-33-305x207.png",305,207,true],"cvmm-portrait":["https:\/\/elregionaldigital.info\/wp-content\/uploads\/2026\/01\/image-33-400x600.png",400,600,true],"cvmm-medium-square":["https:\/\/elregionaldigital.info\/wp-content\/uploads\/2026\/01\/image-33-600x600.png",600,600,true],"cvmm-large":["https:\/\/elregionaldigital.info\/wp-content\/uploads\/2026\/01\/image-33-1024x740.png",1024,740,true],"cvmm-small":["https:\/\/elregionaldigital.info\/wp-content\/uploads\/2026\/01\/image-33-130x95.png",130,95,true],"full":["https:\/\/elregionaldigital.info\/wp-content\/uploads\/2026\/01\/image-33.png",1200,740,false]},"_links":{"self":[{"href":"https:\/\/elregionaldigital.info\/index.php?rest_route=\/wp\/v2\/posts\/6012","targetHints":{"allow":["GET"]}}],"collection":[{"href":"https:\/\/elregionaldigital.info\/index.php?rest_route=\/wp\/v2\/posts"}],"about":[{"href":"https:\/\/elregionaldigital.info\/index.php?rest_route=\/wp\/v2\/types\/post"}],"author":[{"embeddable":true,"href":"https:\/\/elregionaldigital.info\/index.php?rest_route=\/wp\/v2\/users\/1"}],"replies":[{"embeddable":true,"href":"https:\/\/elregionaldigital.info\/index.php?rest_route=%2Fwp%2Fv2%2Fcomments&post=6012"}],"version-history":[{"count":1,"href":"https:\/\/elregionaldigital.info\/index.php?rest_route=\/wp\/v2\/posts\/6012\/revisions"}],"predecessor-version":[{"id":6014,"href":"https:\/\/elregionaldigital.info\/index.php?rest_route=\/wp\/v2\/posts\/6012\/revisions\/6014"}],"wp:featuredmedia":[{"embeddable":true,"href":"https:\/\/elregionaldigital.info\/index.php?rest_route=\/wp\/v2\/media\/6013"}],"wp:attachment":[{"href":"https:\/\/elregionaldigital.info\/index.php?rest_route=%2Fwp%2Fv2%2Fmedia&parent=6012"}],"wp:term":[{"taxonomy":"category","embeddable":true,"href":"https:\/\/elregionaldigital.info\/index.php?rest_route=%2Fwp%2Fv2%2Fcategories&post=6012"},{"taxonomy":"post_tag","embeddable":true,"href":"https:\/\/elregionaldigital.info\/index.php?rest_route=%2Fwp%2Fv2%2Ftags&post=6012"}],"curies":[{"name":"wp","href":"https:\/\/api.w.org\/{rel}","templated":true}]}}