{"id":6009,"date":"2026-01-08T18:55:11","date_gmt":"2026-01-08T18:55:11","guid":{"rendered":"https:\/\/elregionaldigital.info\/?p=6009"},"modified":"2026-01-20T18:57:00","modified_gmt":"2026-01-20T18:57:00","slug":"nominan-a-guillermo-del-toro-a-los-premios-del-sindicato-de-directores-de-hollywood","status":"publish","type":"post","link":"https:\/\/elregionaldigital.info\/?p=6009","title":{"rendered":"Nominan a Guillermo Del Toro a los premios del Sindicato de Directores de Hollywood"},"content":{"rendered":"\n<p>enero 8, 2026<\/p>\n\n\n\n<p><strong>Guillermo del Toro<\/strong>&nbsp;fue nominado a la mejor direcci\u00f3n de una pel\u00edcula en los&nbsp;<strong>Premios DGA<\/strong>, que otorga el Sindicato de Directores de Hollywood, por&nbsp;<strong>\u2018Frankenstein\u2019.<\/strong><\/p>\n\n\n\n<p>Estos premios suelen ser un fuerte indicador en la carrera al \u00d3scar. En 2018 Del Toro fue nominado en la misma categor\u00eda por \u2018The Shape of Water\u2018, filme con el que gan\u00f3 su primer \u00d3scar como director y que en esa misma edici\u00f3n tambi\u00e9n se alz\u00f3 con el premio a la mejor pel\u00edcula.<\/p>\n\n\n\n<p>A lo largo de la historia de estos premios, solo ocho ganadores de esta categor\u00eda no han logrado convertir su victoria en un&nbsp;<strong>\u00d3scar<\/strong>&nbsp;a la mejor direcci\u00f3n, y \u00fanicamente dos pel\u00edculas que obtuvieron el&nbsp;<strong>\u00d3scar<\/strong>&nbsp;a mejor pel\u00edcula no hab\u00edan ganado previamente el premio del&nbsp;<strong>DGA.<\/strong><\/p>\n\n\n\n<p>El apartado de mejor \u00f3pera prima lo disputar\u00e1n&nbsp;<strong>Hasan Hadi<\/strong>&nbsp;(\u2018The President\u2019s Cake\u2019);&nbsp;<strong>Harry Lighton<\/strong>, (\u2018Pillion\u2019);&nbsp;<strong>Alex Russell<\/strong>, (\u2018Lurker\u2019);&nbsp;<strong>Charlie Polinger<\/strong>, (\u2018The Plague\u2019), as\u00ed como&nbsp;<strong>Eva Victor, \u2018Sorry, Baby\u2019.<\/strong><\/p>\n\n\n\n<p>La 78\u00aa edici\u00f3n de los\u00a0<strong>Premios DGA<\/strong>\u00a0anunciar\u00e1 a los ganadores el 7 de febrero en\u00a0<strong>Los \u00c1ngeles<\/strong>.<\/p>\n\n\n\n<figure class=\"wp-block-image size-large\"><img loading=\"lazy\" decoding=\"async\" width=\"1024\" height=\"683\" src=\"https:\/\/elregionaldigital.info\/wp-content\/uploads\/2026\/01\/image-32-1024x683.png\" alt=\"\" class=\"wp-image-6010\" srcset=\"https:\/\/elregionaldigital.info\/wp-content\/uploads\/2026\/01\/image-32-1024x683.png 1024w, https:\/\/elregionaldigital.info\/wp-content\/uploads\/2026\/01\/image-32-300x200.png 300w, https:\/\/elregionaldigital.info\/wp-content\/uploads\/2026\/01\/image-32-768x512.png 768w, https:\/\/elregionaldigital.info\/wp-content\/uploads\/2026\/01\/image-32-1536x1025.png 1536w, https:\/\/elregionaldigital.info\/wp-content\/uploads\/2026\/01\/image-32.png 1920w\" sizes=\"auto, (max-width: 1024px) 100vw, 1024px\" \/><\/figure>\n","protected":false},"excerpt":{"rendered":"<p>enero 8, 2026 Guillermo del Toro&nbsp;fue nominado a la mejor direcci\u00f3n de una pel\u00edcula en los&nbsp;Premios DGA, que otorga el Sindicato de Directores de Hollywood, por&nbsp;\u2018Frankenstein\u2019. Estos premios suelen ser un fuerte indicador en la carrera al \u00d3scar. En 2018 Del Toro fue nominado en la misma categor\u00eda por \u2018The Shape of Water\u2018, filme con [&hellip;]<\/p>\n","protected":false},"author":1,"featured_media":6010,"comment_status":"open","ping_status":"open","sticky":false,"template":"","format":"standard","meta":{"footnotes":""},"categories":[3],"tags":[],"class_list":["post-6009","post","type-post","status-publish","format-standard","has-post-thumbnail","hentry","category-entretenimiento"],"blog_post_layout_featured_media_urls":{"thumbnail":["https:\/\/elregionaldigital.info\/wp-content\/uploads\/2026\/01\/image-32-150x150.png",150,150,true],"full":["https:\/\/elregionaldigital.info\/wp-content\/uploads\/2026\/01\/image-32.png",1920,1281,false]},"categories_names":{"3":{"name":"Entretenimiento","link":"https:\/\/elregionaldigital.info\/?cat=3"}},"tags_names":[],"comments_number":"0","wpmagazine_modules_lite_featured_media_urls":{"thumbnail":["https:\/\/elregionaldigital.info\/wp-content\/uploads\/2026\/01\/image-32-150x150.png",150,150,true],"cvmm-medium":["https:\/\/elregionaldigital.info\/wp-content\/uploads\/2026\/01\/image-32-300x300.png",300,300,true],"cvmm-medium-plus":["https:\/\/elregionaldigital.info\/wp-content\/uploads\/2026\/01\/image-32-305x207.png",305,207,true],"cvmm-portrait":["https:\/\/elregionaldigital.info\/wp-content\/uploads\/2026\/01\/image-32-400x600.png",400,600,true],"cvmm-medium-square":["https:\/\/elregionaldigital.info\/wp-content\/uploads\/2026\/01\/image-32-600x600.png",600,600,true],"cvmm-large":["https:\/\/elregionaldigital.info\/wp-content\/uploads\/2026\/01\/image-32-1024x1024.png",1024,1024,true],"cvmm-small":["https:\/\/elregionaldigital.info\/wp-content\/uploads\/2026\/01\/image-32-130x95.png",130,95,true],"full":["https:\/\/elregionaldigital.info\/wp-content\/uploads\/2026\/01\/image-32.png",1920,1281,false]},"_links":{"self":[{"href":"https:\/\/elregionaldigital.info\/index.php?rest_route=\/wp\/v2\/posts\/6009","targetHints":{"allow":["GET"]}}],"collection":[{"href":"https:\/\/elregionaldigital.info\/index.php?rest_route=\/wp\/v2\/posts"}],"about":[{"href":"https:\/\/elregionaldigital.info\/index.php?rest_route=\/wp\/v2\/types\/post"}],"author":[{"embeddable":true,"href":"https:\/\/elregionaldigital.info\/index.php?rest_route=\/wp\/v2\/users\/1"}],"replies":[{"embeddable":true,"href":"https:\/\/elregionaldigital.info\/index.php?rest_route=%2Fwp%2Fv2%2Fcomments&post=6009"}],"version-history":[{"count":1,"href":"https:\/\/elregionaldigital.info\/index.php?rest_route=\/wp\/v2\/posts\/6009\/revisions"}],"predecessor-version":[{"id":6011,"href":"https:\/\/elregionaldigital.info\/index.php?rest_route=\/wp\/v2\/posts\/6009\/revisions\/6011"}],"wp:featuredmedia":[{"embeddable":true,"href":"https:\/\/elregionaldigital.info\/index.php?rest_route=\/wp\/v2\/media\/6010"}],"wp:attachment":[{"href":"https:\/\/elregionaldigital.info\/index.php?rest_route=%2Fwp%2Fv2%2Fmedia&parent=6009"}],"wp:term":[{"taxonomy":"category","embeddable":true,"href":"https:\/\/elregionaldigital.info\/index.php?rest_route=%2Fwp%2Fv2%2Fcategories&post=6009"},{"taxonomy":"post_tag","embeddable":true,"href":"https:\/\/elregionaldigital.info\/index.php?rest_route=%2Fwp%2Fv2%2Ftags&post=6009"}],"curies":[{"name":"wp","href":"https:\/\/api.w.org\/{rel}","templated":true}]}}