{"id":6006,"date":"2026-01-13T18:52:33","date_gmt":"2026-01-13T18:52:33","guid":{"rendered":"https:\/\/elregionaldigital.info\/?p=6006"},"modified":"2026-01-20T18:55:08","modified_gmt":"2026-01-20T18:55:08","slug":"hollywood-entibia-el-discurso-politico-y-evita-el-choque-con-trump-en-los-globos-de-oro","status":"publish","type":"post","link":"https:\/\/elregionaldigital.info\/?p=6006","title":{"rendered":"Hollywood entibia el discurso pol\u00edtico y evita el choque con Trump en los Globos de Oro"},"content":{"rendered":"\n<p>enero 13, 2026<\/p>\n\n\n\n<p>Los&nbsp;<strong>Globos de Oro<\/strong>&nbsp;rompieron en la noche del domingo con su tradicional tono pol\u00edtico y firmaron una de las galas m\u00e1s sosegadas en d\u00e9cadas, marcada por la ausencia de potentes discursos y una puesta en escena deliberadamente discreta en uno de los contextos pol\u00edticos m\u00e1s tensos de los \u00faltimos momentos.<\/p>\n\n\n\n<p>La ausencia de referencias al presidente de&nbsp;<strong>Estados Unidos, Donald Trump<\/strong>, y a otros asuntos controvertidos de la actualidad respondi\u00f3 a una combinaci\u00f3n de factores, como el desgaste del discurso pol\u00edtico por parte de la industria y la audiencia o el cambio de manos que ha sufrido la marca&nbsp;<strong>Globos de Oro<\/strong>.<\/p>\n\n\n\n<h2 class=\"wp-block-heading\"><strong>Activismo de solapa y silencioso<\/strong><\/h2>\n\n\n\n<p>Aunque no hubo esas famosas proclamas desde el atril, como el que empu\u00f1\u00f3&nbsp;<strong>Meryl Streep<\/strong>&nbsp;en 2017 en favor de los inmigrantes y en contra de la violencia pol\u00edtica ejercida por&nbsp;<strong>Trump,<\/strong>&nbsp;la protesta se traslad\u00f3 este a\u00f1o a la alfombra roja.<\/p>\n\n\n\n<p>Actores como&nbsp;<strong>Mark Ruffalo o Jean Smart<\/strong>&nbsp;lucieron en sus trajes una chapa con los lemas como \u2018<strong>Be Good<\/strong>\u2018 (S\u00e9 bueno) o \u2018<strong>ICE Out<\/strong>\u2018 (fuera&nbsp;<strong>ICE)<\/strong>&nbsp;en protesta contra las pol\u00edticas migratorias y los recientes hechos de violencia del&nbsp;<strong>Servicio de Inmigraci\u00f3n y Control de Aduanas de<\/strong>&nbsp;<strong>EE.UU.<\/strong><\/p>\n\n\n\n<blockquote class=\"wp-block-quote is-layout-flow wp-block-quote-is-layout-flow\">\n<p>\u201cEsto es por Renee Nicole Good -la mujer asesinada a tiros por un agente del ICE en Mine\u00e1polis el pasado mi\u00e9rcoles- y para toda esa gente en EE.UU. que est\u00e1 aterrada y con miedo. Lo que est\u00e1 pasando no define a Estados Unidos de Am\u00e9rica\u201d, explic\u00f3 Ruffalo a USA Today.<\/p>\n<\/blockquote>\n\n\n\n<p>M\u00e1s all\u00e1 de las proclamas silenciosas en el desfile previo a la gran gala, el tono general de la gala fue inusualmente moderado entre grandes ganadores como \u2018<strong>One Battle After Another<\/strong>\u2018 (\u2018Una batalla tras otra\u2019) o&nbsp;<strong>\u2018Hamnet\u2019,<\/strong>&nbsp;cuyas propuestas contienen un fuerte peso pol\u00edtico impl\u00edcito.<\/p>\n\n\n\n<p>Quienes subieron al escenario apenas recurrieron a alusiones gen\u00e9ricas como \u201chacer lo correcto\u201d o a referencias a \u201ctiempos de oscuridad\u201d, sin mencionar nombres ni situaciones concretas, en intervenciones poco definidas para pasar desapercibidos entre los titulares del d\u00eda siguiente.<\/p>\n\n\n\n<h2 class=\"wp-block-heading\"><strong>Mark Ruffalo, el m\u00e1s arrollador contra Trump<\/strong><\/h2>\n\n\n\n<p>Precisamente&nbsp;<strong>Ruffalo,<\/strong>&nbsp;ac\u00e9rrimo defensor de las causas sociales m\u00e1s urgentes, fue la \u00fanica nota discordante de la noche. El actor no solo se atrevi\u00f3 a denunciar ante los medios la intervenci\u00f3n de&nbsp;<strong>EE.UU.<\/strong>&nbsp;en&nbsp;<strong>Venezuela,<\/strong>&nbsp;sino que tambi\u00e9n arremeti\u00f3 duramente contra el mandatario republicano.<\/p>\n\n\n\n<blockquote class=\"wp-block-quote is-layout-flow wp-block-quote-is-layout-flow\">\n<p>\u201cEstamos en medio de una guerra con Venezuela, a la que invadimos ilegalmente. Le dice al mundo que el derecho internacional no le importa. Lo \u00fanico que le importa es su propia moral, pero ese tipo es un delincuente convicto, un violador convicto. Es un ped\u00f3filo, el peor ser humano\u201d, dijo el actor, sin ning\u00fan tipo estupor.<\/p>\n<\/blockquote>\n\n\n\n<p>La anfitriona de la noche, la comediante&nbsp;<strong>Nikki Glaser<\/strong>, present\u00f3 por segundo a\u00f1o consecutivo unos&nbsp;<strong>Globos de Oro<\/strong>&nbsp;que ya destacaron el a\u00f1o pasado por la ausencia de chascarrillos contra el Gobierno de&nbsp;<strong>EE.UU.<\/strong>&nbsp;a pocos d\u00edas de que&nbsp;<strong>Trump<\/strong>&nbsp;tomara el poder de la&nbsp;<strong>Casa Blanca<\/strong>.<\/p>\n\n\n\n<p>El nombre del mandatario estadounidense se mencion\u00f3 una \u00fanica vez en toda la gala, concretamente en el mon\u00f3logo de apertura de&nbsp;<strong>Glaser,<\/strong>&nbsp;en el que se mof\u00f3 de la redacci\u00f3n de los archivos de&nbsp;<strong>Jeffrey Epstein<\/strong>, as\u00ed como de los recortes en los reportajes de la&nbsp;<strong>CBS<\/strong>&nbsp;sobre la deportaci\u00f3n de migrantes.<\/p>\n\n\n\n<blockquote class=\"wp-block-quote is-layout-flow wp-block-quote-is-layout-flow\">\n<p>\u201cHay tantas celebridades, y por celebridades me refiero a una lista con muchos recortes. Y el Globo de Oro a la Mejor Edici\u00f3n es para el Departamento de Justicia. (\u2026) Y el premio a la \u2018Mejor Edici\u00f3n\u2019 es para CBS News. S\u00ed, CBS News, el nuevo portal de Estados Unidos para ver noticias basura\u201d, indic\u00f3 la comediante.<\/p>\n<\/blockquote>\n\n\n\n<h2 class=\"wp-block-heading\"><strong>Una industria cansada y una audiencia descorazonada<\/strong><\/h2>\n\n\n\n<p>Tras las elecciones de noviembre de 2024, parece haber un sentimiento de agotamiento tanto por parte de la industria como de la audiencia de los&nbsp;<strong>Globos de Oro<\/strong>&nbsp;desde la llegada al poder de&nbsp;<strong>Trump.<\/strong><\/p>\n\n\n\n<blockquote class=\"wp-block-quote is-layout-flow wp-block-quote-is-layout-flow\">\n<p>\u201cTengo miedo\u201d, lleg\u00f3 a susurrar Glaser, una broma que posiblemente resuma el nuevo ecosistema de Hollywood: claudicar los ataques frontales para evitar posibles represalias.<\/p>\n<\/blockquote>\n\n\n\n<p>La confianza en que las celebridades cambian el mundo desde un atril se ha desvanecido. Un estudio de&nbsp;<strong>The Hollywood Reporter\/Morning Consult<\/strong>&nbsp;demostr\u00f3 en 2023 que el 47 % de la ciudadan\u00eda no cree que las voces de las estrellas sean efectivas para alterar la opini\u00f3n p\u00fablica.<\/p>\n\n\n\n<h2 class=\"wp-block-heading\"><strong>Nuevo ecosistema medi\u00e1tico<\/strong><\/h2>\n\n\n\n<p>Desde 2023, la producci\u00f3n de los&nbsp;<strong>Globos de Oro<\/strong>, antes en manos de la&nbsp;<strong>Asociaci\u00f3n de Prensa Extranjera de Hollywood<\/strong>, corre a cargo de&nbsp;<strong>Dick Clark Productions<\/strong>, una corporaci\u00f3n de beneficio p\u00fablico sin fines de lucro de&nbsp;<strong>California.<\/strong><\/p>\n\n\n\n<p>Su llegada ha comportado una mentalidad m\u00e1s corporativa para la marca de la considerada la antesala de los&nbsp;<strong>\u00d3scar,<\/strong>&nbsp;en un intento por mantener su reputaci\u00f3n internacional con tal de mantener la estabilidad financiera de estos premios.<\/p>\n\n\n\n<figure class=\"wp-block-image size-large\"><img loading=\"lazy\" decoding=\"async\" width=\"1024\" height=\"683\" src=\"https:\/\/elregionaldigital.info\/wp-content\/uploads\/2026\/01\/image-31-1024x683.png\" alt=\"\" class=\"wp-image-6007\" srcset=\"https:\/\/elregionaldigital.info\/wp-content\/uploads\/2026\/01\/image-31-1024x683.png 1024w, https:\/\/elregionaldigital.info\/wp-content\/uploads\/2026\/01\/image-31-300x200.png 300w, https:\/\/elregionaldigital.info\/wp-content\/uploads\/2026\/01\/image-31-768x512.png 768w, https:\/\/elregionaldigital.info\/wp-content\/uploads\/2026\/01\/image-31-1536x1024.png 1536w, https:\/\/elregionaldigital.info\/wp-content\/uploads\/2026\/01\/image-31.png 1920w\" sizes=\"auto, (max-width: 1024px) 100vw, 1024px\" \/><\/figure>\n","protected":false},"excerpt":{"rendered":"<p>enero 13, 2026 Los&nbsp;Globos de Oro&nbsp;rompieron en la noche del domingo con su tradicional tono pol\u00edtico y firmaron una de las galas m\u00e1s sosegadas en d\u00e9cadas, marcada por la ausencia de potentes discursos y una puesta en escena deliberadamente discreta en uno de los contextos pol\u00edticos m\u00e1s tensos de los \u00faltimos momentos. La ausencia de [&hellip;]<\/p>\n","protected":false},"author":1,"featured_media":6007,"comment_status":"open","ping_status":"open","sticky":false,"template":"","format":"standard","meta":{"footnotes":""},"categories":[3],"tags":[],"class_list":["post-6006","post","type-post","status-publish","format-standard","has-post-thumbnail","hentry","category-entretenimiento"],"blog_post_layout_featured_media_urls":{"thumbnail":["https:\/\/elregionaldigital.info\/wp-content\/uploads\/2026\/01\/image-31-150x150.png",150,150,true],"full":["https:\/\/elregionaldigital.info\/wp-content\/uploads\/2026\/01\/image-31.png",1920,1280,false]},"categories_names":{"3":{"name":"Entretenimiento","link":"https:\/\/elregionaldigital.info\/?cat=3"}},"tags_names":[],"comments_number":"0","wpmagazine_modules_lite_featured_media_urls":{"thumbnail":["https:\/\/elregionaldigital.info\/wp-content\/uploads\/2026\/01\/image-31-150x150.png",150,150,true],"cvmm-medium":["https:\/\/elregionaldigital.info\/wp-content\/uploads\/2026\/01\/image-31-300x300.png",300,300,true],"cvmm-medium-plus":["https:\/\/elregionaldigital.info\/wp-content\/uploads\/2026\/01\/image-31-305x207.png",305,207,true],"cvmm-portrait":["https:\/\/elregionaldigital.info\/wp-content\/uploads\/2026\/01\/image-31-400x600.png",400,600,true],"cvmm-medium-square":["https:\/\/elregionaldigital.info\/wp-content\/uploads\/2026\/01\/image-31-600x600.png",600,600,true],"cvmm-large":["https:\/\/elregionaldigital.info\/wp-content\/uploads\/2026\/01\/image-31-1024x1024.png",1024,1024,true],"cvmm-small":["https:\/\/elregionaldigital.info\/wp-content\/uploads\/2026\/01\/image-31-130x95.png",130,95,true],"full":["https:\/\/elregionaldigital.info\/wp-content\/uploads\/2026\/01\/image-31.png",1920,1280,false]},"_links":{"self":[{"href":"https:\/\/elregionaldigital.info\/index.php?rest_route=\/wp\/v2\/posts\/6006","targetHints":{"allow":["GET"]}}],"collection":[{"href":"https:\/\/elregionaldigital.info\/index.php?rest_route=\/wp\/v2\/posts"}],"about":[{"href":"https:\/\/elregionaldigital.info\/index.php?rest_route=\/wp\/v2\/types\/post"}],"author":[{"embeddable":true,"href":"https:\/\/elregionaldigital.info\/index.php?rest_route=\/wp\/v2\/users\/1"}],"replies":[{"embeddable":true,"href":"https:\/\/elregionaldigital.info\/index.php?rest_route=%2Fwp%2Fv2%2Fcomments&post=6006"}],"version-history":[{"count":1,"href":"https:\/\/elregionaldigital.info\/index.php?rest_route=\/wp\/v2\/posts\/6006\/revisions"}],"predecessor-version":[{"id":6008,"href":"https:\/\/elregionaldigital.info\/index.php?rest_route=\/wp\/v2\/posts\/6006\/revisions\/6008"}],"wp:featuredmedia":[{"embeddable":true,"href":"https:\/\/elregionaldigital.info\/index.php?rest_route=\/wp\/v2\/media\/6007"}],"wp:attachment":[{"href":"https:\/\/elregionaldigital.info\/index.php?rest_route=%2Fwp%2Fv2%2Fmedia&parent=6006"}],"wp:term":[{"taxonomy":"category","embeddable":true,"href":"https:\/\/elregionaldigital.info\/index.php?rest_route=%2Fwp%2Fv2%2Fcategories&post=6006"},{"taxonomy":"post_tag","embeddable":true,"href":"https:\/\/elregionaldigital.info\/index.php?rest_route=%2Fwp%2Fv2%2Ftags&post=6006"}],"curies":[{"name":"wp","href":"https:\/\/api.w.org\/{rel}","templated":true}]}}