{"id":6000,"date":"2025-12-10T18:37:39","date_gmt":"2025-12-10T18:37:39","guid":{"rendered":"https:\/\/elregionaldigital.info\/?p=6000"},"modified":"2026-01-20T18:39:21","modified_gmt":"2026-01-20T18:39:21","slug":"juez-ordena-al-gobierno-trump-retirar-a-la-guardia-nacional-de-los-angeles","status":"publish","type":"post","link":"https:\/\/elregionaldigital.info\/?p=6000","title":{"rendered":"Juez ordena al Gobierno Trump retirar a la Guardia Nacional de Los \u00c1ngeles"},"content":{"rendered":"\n<p>diciembre 10, 2025<\/p>\n\n\n\n<p>Un&nbsp;<strong>juez federal<\/strong>&nbsp;orden\u00f3 al Gobierno del presidente&nbsp;<strong>Donald Trump<\/strong>&nbsp;poner&nbsp;<strong>fin<\/strong>&nbsp;al&nbsp;<strong>despliegue<\/strong>&nbsp;de la&nbsp;<strong>Guardia Nacional<\/strong>&nbsp;en&nbsp;<strong>Los \u00c1ngeles<\/strong>&nbsp;y devolver el mando de las tropas federalizadas al gobernador de California, el dem\u00f3crata Gavin Newsom, quien lo califica de \u2018ilegal\u2019.<\/p>\n\n\n\n<p><strong>California<\/strong>\u00a0se hab\u00eda enfrascado con la Casa Blanca en un\u00a0<strong>pleito judicial<\/strong>\u00a0por el\u00a0<strong>despliegue<\/strong>\u00a0en junio pasado de m\u00e1s de\u00a04 mil soldados\u00a0de la\u00a0<strong>Guardia Nacional<\/strong>\u00a0de California sin la anuencia del gobernador, en un hecho que no suced\u00eda en EE.UU. desde hac\u00eda 60 a\u00f1os en el pa\u00eds.<\/p>\n\n\n\n<p>El juez federal Charles Breyer se puso del lado del Estado Dorado ratificando una opini\u00f3n de septiembre pasado en la que dictamin\u00f3 que el&nbsp;<strong>despliegue<\/strong>&nbsp;<strong>militar<\/strong>&nbsp;para supuestamente contener las manifestaciones contra las redadas fue&nbsp;<strong>ilegal<\/strong>.<\/p>\n\n\n\n<p><strong>Trump<\/strong>&nbsp;orden\u00f3 la&nbsp;<strong>presencia militar<\/strong>&nbsp;para&nbsp;<strong>contener<\/strong>&nbsp;las&nbsp;<strong>protestas<\/strong>&nbsp;contra las&nbsp;<strong>redadas migratorias<\/strong>&nbsp;argumentando que las autoridades locales no pod\u00edan manejar la situaci\u00f3n, esto a pesar que la polic\u00eda de Los \u00c1ngeles dispers\u00f3 a los manifestantes.<\/p>\n\n\n\n<p>El juez Becker concedi\u00f3 hasta el pr\u00f3ximo lunes para que su orden entre en vigor, dando tiempo a la Administraci\u00f3n Trump para apelar la decisi\u00f3n, que ya lo anunci\u00f3, seg\u00fan fuentes citadas por&nbsp;<em>Fox<\/em>.<\/p>\n\n\n\n<p>\u201cLa federalizaci\u00f3n de la Guardia Nacional en California es ilegal y debe terminar\u201d, dijo en un\u00a0comunicado\u00a0Newsom, tras conocerse la decisi\u00f3n. El Gobierno Trump ha dicho que apelar\u00e1 el fallo, seg\u00fan fuentes citadas por\u00a0<em>Fox<\/em>.<\/p>\n\n\n\n<p>El gobernador, que se ha convertido en una de los rostros dem\u00f3cratas que hacen mayor oposici\u00f3n a Trump, carg\u00f3 nuevamente contra la administraci\u00f3n republicana, advirtiendo que con el despliegue de las tropas en Los \u00c1ngeles afect\u00f3 \u201coperaciones esenciales\u201d de seguridad p\u00fablica.<\/p>\n\n\n\n<p>Breyer rechaz\u00f3 la afirmaci\u00f3n de la Administraci\u00f3n Trump de que las manifestaciones en Los \u00c1ngeles constitu\u00edan una \u201crebeli\u00f3n\u201d suficiente para justificar el despliegue continuo de tropas.<\/p>\n\n\n\n<p>\u201cLos fundadores dise\u00f1aron nuestro gobierno como un sistema de controles y equilibrios\u201d, dijo Breyer el mi\u00e9rcoles. \u201cSin embargo, los demandados (el Gobierno Trump) dejan claro que el \u00fanico control que desean es un cheque en blanco\u201d.<\/p>\n\n\n\n<p>La Casa Blanca lleg\u00f3 a tener el control de 4 mil 300 soldados de la Guardia Nacional de California en junio pasado, pero actualmente solo se encuentran bajo su mando un poco m\u00e1s de 300.<\/p>\n\n\n\n<p>El Pent\u00e1gono quiso hacer uso de los soldados californianos en Portland (Oreg\u00f3n), pero una jueza federal en ese estado le impidi\u00f3 su uso.<\/p>\n\n\n\n<figure class=\"wp-block-image size-large\"><img loading=\"lazy\" decoding=\"async\" width=\"1024\" height=\"768\" src=\"https:\/\/elregionaldigital.info\/wp-content\/uploads\/2026\/01\/image-29-1024x768.png\" alt=\"\" class=\"wp-image-6001\" srcset=\"https:\/\/elregionaldigital.info\/wp-content\/uploads\/2026\/01\/image-29-1024x768.png 1024w, https:\/\/elregionaldigital.info\/wp-content\/uploads\/2026\/01\/image-29-300x225.png 300w, https:\/\/elregionaldigital.info\/wp-content\/uploads\/2026\/01\/image-29-768x576.png 768w, https:\/\/elregionaldigital.info\/wp-content\/uploads\/2026\/01\/image-29-1536x1152.png 1536w, https:\/\/elregionaldigital.info\/wp-content\/uploads\/2026\/01\/image-29-136x102.png 136w, https:\/\/elregionaldigital.info\/wp-content\/uploads\/2026\/01\/image-29.png 1920w\" sizes=\"auto, (max-width: 1024px) 100vw, 1024px\" \/><\/figure>\n","protected":false},"excerpt":{"rendered":"<p>diciembre 10, 2025 Un&nbsp;juez federal&nbsp;orden\u00f3 al Gobierno del presidente&nbsp;Donald Trump&nbsp;poner&nbsp;fin&nbsp;al&nbsp;despliegue&nbsp;de la&nbsp;Guardia Nacional&nbsp;en&nbsp;Los \u00c1ngeles&nbsp;y devolver el mando de las tropas federalizadas al gobernador de California, el dem\u00f3crata Gavin Newsom, quien lo califica de \u2018ilegal\u2019. California\u00a0se hab\u00eda enfrascado con la Casa Blanca en un\u00a0pleito judicial\u00a0por el\u00a0despliegue\u00a0en junio pasado de m\u00e1s de\u00a04 mil soldados\u00a0de la\u00a0Guardia Nacional\u00a0de California sin [&hellip;]<\/p>\n","protected":false},"author":1,"featured_media":6001,"comment_status":"open","ping_status":"open","sticky":false,"template":"","format":"standard","meta":{"footnotes":""},"categories":[11],"tags":[],"class_list":["post-6000","post","type-post","status-publish","format-standard","has-post-thumbnail","hentry","category-mundo"],"blog_post_layout_featured_media_urls":{"thumbnail":["https:\/\/elregionaldigital.info\/wp-content\/uploads\/2026\/01\/image-29-150x150.png",150,150,true],"full":["https:\/\/elregionaldigital.info\/wp-content\/uploads\/2026\/01\/image-29.png",1920,1440,false]},"categories_names":{"11":{"name":"Mundo","link":"https:\/\/elregionaldigital.info\/?cat=11"}},"tags_names":[],"comments_number":"0","wpmagazine_modules_lite_featured_media_urls":{"thumbnail":["https:\/\/elregionaldigital.info\/wp-content\/uploads\/2026\/01\/image-29-150x150.png",150,150,true],"cvmm-medium":["https:\/\/elregionaldigital.info\/wp-content\/uploads\/2026\/01\/image-29-300x300.png",300,300,true],"cvmm-medium-plus":["https:\/\/elregionaldigital.info\/wp-content\/uploads\/2026\/01\/image-29-305x207.png",305,207,true],"cvmm-portrait":["https:\/\/elregionaldigital.info\/wp-content\/uploads\/2026\/01\/image-29-400x600.png",400,600,true],"cvmm-medium-square":["https:\/\/elregionaldigital.info\/wp-content\/uploads\/2026\/01\/image-29-600x600.png",600,600,true],"cvmm-large":["https:\/\/elregionaldigital.info\/wp-content\/uploads\/2026\/01\/image-29-1024x1024.png",1024,1024,true],"cvmm-small":["https:\/\/elregionaldigital.info\/wp-content\/uploads\/2026\/01\/image-29-130x95.png",130,95,true],"full":["https:\/\/elregionaldigital.info\/wp-content\/uploads\/2026\/01\/image-29.png",1920,1440,false]},"_links":{"self":[{"href":"https:\/\/elregionaldigital.info\/index.php?rest_route=\/wp\/v2\/posts\/6000","targetHints":{"allow":["GET"]}}],"collection":[{"href":"https:\/\/elregionaldigital.info\/index.php?rest_route=\/wp\/v2\/posts"}],"about":[{"href":"https:\/\/elregionaldigital.info\/index.php?rest_route=\/wp\/v2\/types\/post"}],"author":[{"embeddable":true,"href":"https:\/\/elregionaldigital.info\/index.php?rest_route=\/wp\/v2\/users\/1"}],"replies":[{"embeddable":true,"href":"https:\/\/elregionaldigital.info\/index.php?rest_route=%2Fwp%2Fv2%2Fcomments&post=6000"}],"version-history":[{"count":1,"href":"https:\/\/elregionaldigital.info\/index.php?rest_route=\/wp\/v2\/posts\/6000\/revisions"}],"predecessor-version":[{"id":6002,"href":"https:\/\/elregionaldigital.info\/index.php?rest_route=\/wp\/v2\/posts\/6000\/revisions\/6002"}],"wp:featuredmedia":[{"embeddable":true,"href":"https:\/\/elregionaldigital.info\/index.php?rest_route=\/wp\/v2\/media\/6001"}],"wp:attachment":[{"href":"https:\/\/elregionaldigital.info\/index.php?rest_route=%2Fwp%2Fv2%2Fmedia&parent=6000"}],"wp:term":[{"taxonomy":"category","embeddable":true,"href":"https:\/\/elregionaldigital.info\/index.php?rest_route=%2Fwp%2Fv2%2Fcategories&post=6000"},{"taxonomy":"post_tag","embeddable":true,"href":"https:\/\/elregionaldigital.info\/index.php?rest_route=%2Fwp%2Fv2%2Ftags&post=6000"}],"curies":[{"name":"wp","href":"https:\/\/api.w.org\/{rel}","templated":true}]}}