{"id":5997,"date":"2025-12-12T18:35:14","date_gmt":"2025-12-12T18:35:14","guid":{"rendered":"https:\/\/elregionaldigital.info\/?p=5997"},"modified":"2026-01-20T18:37:38","modified_gmt":"2026-01-20T18:37:38","slug":"corina-sosa-hija-de-machado-dice-que-es-consciente-que-su-madre-correra-peligro-al-volver-a-venezuela","status":"publish","type":"post","link":"https:\/\/elregionaldigital.info\/?p=5997","title":{"rendered":"Corina Sosa, hija de Machado, dice que es consciente que su madre correr\u00e1 peligro al volver a Venezuela"},"content":{"rendered":"\n<p>diciembre 12, 2025<\/p>\n\n\n\n<p><strong>Ana Corina Sosa<\/strong>, la hija de la\u00a0<strong>Premio Nobel de la Paz, Mar\u00eda Corina Machado<\/strong>, dijo que es consciente de que al regresar a\u00a0<strong>Venezuela<\/strong>\u00a0su madre correr\u00e1 peligro, pero a la vez sabe que su misi\u00f3n est\u00e1 en su pa\u00eds y que no descansar\u00e1 hasta verlo otra vez libre.<\/p>\n\n\n\n<blockquote class=\"wp-block-quote is-layout-flow wp-block-quote-is-layout-flow\">\n<p>\u201cTienen que entender que su regreso en estas condiciones es un riesgo y que mi mam\u00e1 va a correr peligro\u201d, dijo Sosa, donde se reencontr\u00f3 con su madre tras dos a\u00f1os de separaci\u00f3n forzada.<\/p>\n\n\n\n<p>\u201d Pero s\u00e9 que la misi\u00f3n que ella lleva es m\u00e1s grande que nosotros en este momento y que ella lo hace por nuestro futuro y para que podamos volver a estar en Venezuela y finalmente en paz y libertad y unidos como familia. Nos da fuerza saber que ella est\u00e1 haciendo algo noble y que lo est\u00e1 haciendo por nosotros\u201d, afirm\u00f3.<\/p>\n<\/blockquote>\n\n\n\n<p><strong>Sosa<\/strong>&nbsp;manifest\u00f3 que es dif\u00edcil poner en palabras lo que hab\u00eda significado volver a abrazar a su madre.<\/p>\n\n\n\n<blockquote class=\"wp-block-quote is-layout-flow wp-block-quote-is-layout-flow\">\n<p>\u201cEs dif\u00edcil ponerlo en palabras. Han sido dos a\u00f1os que no nos hab\u00edamos visto en persona, pero se han sentido m\u00e1s largos porque el pa\u00eds ha atravesado tantas cosas y sobre todo mi mam\u00e1 ha enfrentado unos riesgos enormes y amenazas en contra de su vida a diario\u201d, se\u00f1al\u00f3.<\/p>\n<\/blockquote>\n\n\n\n<p>\u201cEl sufrimiento de los venezolanos es muy real. Mientras ten\u00edamos esa expectativa y esa certeza de que nos \u00edbamos a ver porque ya hab\u00eda cruzado el mayor riesgo y estaba segura y sin peligro tambi\u00e9n recordamos que hay millones de venezolanos que tienen m\u00e1s de diez a\u00f1os sin ver a sus familiares y hay venezolanos que ni siquiera saben si sus seres queridos est\u00e1n vivos y que se encuentran presos o desaparecidos\u201d, reflexion\u00f3.<\/p>\n\n\n\n<p><strong>Corina Sosa<\/strong>&nbsp;dijo que lo que siente ahora, ante el hecho de saber que su madre va a volver a&nbsp;<strong>Venezuela<\/strong>&nbsp;y que van a tener que volver a separarse.<\/p>\n\n\n\n<blockquote class=\"wp-block-quote is-layout-flow wp-block-quote-is-layout-flow\">\n<p>\u201cPor un lado, no quiero que se vaya, la quiero abrazar y esconderla y que se quede y poder vivir una vida normal como familia, disfrutar la vida normal, ir a los mercaditos de Navidad que est\u00e1n all\u00ed fuera. Una tiene como ese deseo y el impulso natural y humano de disfrutar la vida normal\u201d, indic\u00f3.<\/p>\n\n\n\n<p>\u201cPero hemos tenido muy presente que si bien tenemos a mi mam\u00e1 por un instante sabemos que su coraz\u00f3n y su misi\u00f3n y su meta est\u00e1n en Venezuela y ella ha dicho muy claro a los venezolanos que va a volver, que su trabajo no ha terminado y yo s\u00e9 que los venezolanos conocen a Mar\u00eda Corina muy bien y que su misi\u00f3n es en Venezuela hasta que el pa\u00eds sea libre\u201d, subray\u00f3<\/p>\n<\/blockquote>\n\n\n\n<p>Al ser preguntada por lo que hab\u00eda significado para ella la ceremonia de entrega del premio, en la que represent\u00f3 a su madre, que no alcanz\u00f3 a llegar a tiempo a&nbsp;<strong>Oslo,<\/strong>&nbsp;expres\u00f3 que hab\u00eda sido un honor enorme, tambi\u00e9n como venezolana.<\/p>\n\n\n\n<p>\u201cLa situaci\u00f3n que se vive en Venezuela no es un tema de derecha o de izquierda, sino de claridad moral, de dignidad, de defensa de la democracia, de principios de libertad\u201d, indic\u00f3 Sosa, quien celebr\u00f3 que eso hubiera quedado claro en el discurso del presidente del Comit\u00e9 Nobel, J\u00f8rgen Watne Frydnes.<\/p>\n\n\n\n<p>\u201cEse discurso ha sido una inyecci\u00f3n de fuerza, ha mostrado que nuestra causa es justa y que el mundo nos reconoce\u201d, asegur\u00f3.<\/p>\n\n\n\n<p>\u201cQuiero decirle a los venezolanos que la libertad es algo por lo que se lucha todos los d\u00edas y si algo aprendimos de nuestros padres es que no se puede dar por sentado. Ojal\u00e1 la lucha que estamos llevando (a cabo) en Venezuela sea un ejemplo para el mundo\u201d, agreg\u00f3.<\/p>\n\n\n\n<figure class=\"wp-block-image size-large\"><img loading=\"lazy\" decoding=\"async\" width=\"1024\" height=\"683\" src=\"https:\/\/elregionaldigital.info\/wp-content\/uploads\/2026\/01\/image-28-1024x683.png\" alt=\"\" class=\"wp-image-5998\" srcset=\"https:\/\/elregionaldigital.info\/wp-content\/uploads\/2026\/01\/image-28-1024x683.png 1024w, https:\/\/elregionaldigital.info\/wp-content\/uploads\/2026\/01\/image-28-300x200.png 300w, https:\/\/elregionaldigital.info\/wp-content\/uploads\/2026\/01\/image-28-768x512.png 768w, https:\/\/elregionaldigital.info\/wp-content\/uploads\/2026\/01\/image-28-1536x1025.png 1536w, https:\/\/elregionaldigital.info\/wp-content\/uploads\/2026\/01\/image-28.png 1920w\" sizes=\"auto, (max-width: 1024px) 100vw, 1024px\" \/><\/figure>\n\n\n\n<p><\/p>\n","protected":false},"excerpt":{"rendered":"<p>diciembre 12, 2025 Ana Corina Sosa, la hija de la\u00a0Premio Nobel de la Paz, Mar\u00eda Corina Machado, dijo que es consciente de que al regresar a\u00a0Venezuela\u00a0su madre correr\u00e1 peligro, pero a la vez sabe que su misi\u00f3n est\u00e1 en su pa\u00eds y que no descansar\u00e1 hasta verlo otra vez libre. \u201cTienen que entender que su [&hellip;]<\/p>\n","protected":false},"author":1,"featured_media":5998,"comment_status":"open","ping_status":"open","sticky":false,"template":"","format":"standard","meta":{"footnotes":""},"categories":[11],"tags":[],"class_list":["post-5997","post","type-post","status-publish","format-standard","has-post-thumbnail","hentry","category-mundo"],"blog_post_layout_featured_media_urls":{"thumbnail":["https:\/\/elregionaldigital.info\/wp-content\/uploads\/2026\/01\/image-28-150x150.png",150,150,true],"full":["https:\/\/elregionaldigital.info\/wp-content\/uploads\/2026\/01\/image-28.png",1920,1281,false]},"categories_names":{"11":{"name":"Mundo","link":"https:\/\/elregionaldigital.info\/?cat=11"}},"tags_names":[],"comments_number":"0","wpmagazine_modules_lite_featured_media_urls":{"thumbnail":["https:\/\/elregionaldigital.info\/wp-content\/uploads\/2026\/01\/image-28-150x150.png",150,150,true],"cvmm-medium":["https:\/\/elregionaldigital.info\/wp-content\/uploads\/2026\/01\/image-28-300x300.png",300,300,true],"cvmm-medium-plus":["https:\/\/elregionaldigital.info\/wp-content\/uploads\/2026\/01\/image-28-305x207.png",305,207,true],"cvmm-portrait":["https:\/\/elregionaldigital.info\/wp-content\/uploads\/2026\/01\/image-28-400x600.png",400,600,true],"cvmm-medium-square":["https:\/\/elregionaldigital.info\/wp-content\/uploads\/2026\/01\/image-28-600x600.png",600,600,true],"cvmm-large":["https:\/\/elregionaldigital.info\/wp-content\/uploads\/2026\/01\/image-28-1024x1024.png",1024,1024,true],"cvmm-small":["https:\/\/elregionaldigital.info\/wp-content\/uploads\/2026\/01\/image-28-130x95.png",130,95,true],"full":["https:\/\/elregionaldigital.info\/wp-content\/uploads\/2026\/01\/image-28.png",1920,1281,false]},"_links":{"self":[{"href":"https:\/\/elregionaldigital.info\/index.php?rest_route=\/wp\/v2\/posts\/5997","targetHints":{"allow":["GET"]}}],"collection":[{"href":"https:\/\/elregionaldigital.info\/index.php?rest_route=\/wp\/v2\/posts"}],"about":[{"href":"https:\/\/elregionaldigital.info\/index.php?rest_route=\/wp\/v2\/types\/post"}],"author":[{"embeddable":true,"href":"https:\/\/elregionaldigital.info\/index.php?rest_route=\/wp\/v2\/users\/1"}],"replies":[{"embeddable":true,"href":"https:\/\/elregionaldigital.info\/index.php?rest_route=%2Fwp%2Fv2%2Fcomments&post=5997"}],"version-history":[{"count":1,"href":"https:\/\/elregionaldigital.info\/index.php?rest_route=\/wp\/v2\/posts\/5997\/revisions"}],"predecessor-version":[{"id":5999,"href":"https:\/\/elregionaldigital.info\/index.php?rest_route=\/wp\/v2\/posts\/5997\/revisions\/5999"}],"wp:featuredmedia":[{"embeddable":true,"href":"https:\/\/elregionaldigital.info\/index.php?rest_route=\/wp\/v2\/media\/5998"}],"wp:attachment":[{"href":"https:\/\/elregionaldigital.info\/index.php?rest_route=%2Fwp%2Fv2%2Fmedia&parent=5997"}],"wp:term":[{"taxonomy":"category","embeddable":true,"href":"https:\/\/elregionaldigital.info\/index.php?rest_route=%2Fwp%2Fv2%2Fcategories&post=5997"},{"taxonomy":"post_tag","embeddable":true,"href":"https:\/\/elregionaldigital.info\/index.php?rest_route=%2Fwp%2Fv2%2Ftags&post=5997"}],"curies":[{"name":"wp","href":"https:\/\/api.w.org\/{rel}","templated":true}]}}