{"id":5994,"date":"2025-12-17T18:33:22","date_gmt":"2025-12-17T18:33:22","guid":{"rendered":"https:\/\/elregionaldigital.info\/?p=5994"},"modified":"2026-01-20T18:35:13","modified_gmt":"2026-01-20T18:35:13","slug":"trump-instala-placas-en-los-retratos-de-biden-y-obama-que-los-ridiculizan","status":"publish","type":"post","link":"https:\/\/elregionaldigital.info\/?p=5994","title":{"rendered":"Trump instala placas en los retratos de Biden y Obama que los ridiculizan"},"content":{"rendered":"\n<p>diciembre 17, 2025<\/p>\n\n\n\n<p>El presidente de&nbsp;<strong>Estados Unidos, Donald Trump<\/strong>, coloc\u00f3 placas bajo los retratos de expresidentes en la&nbsp;<strong>Casa Blanca<\/strong>&nbsp;que, en el caso de los dem\u00f3cratas&nbsp;<strong>Joe Biden y Barack Obama<\/strong>, los critican y ridiculizan.<\/p>\n\n\n\n<p>La prensa pudo observar por primera vez este mi\u00e9rcoles las inscripciones en lo que&nbsp;<strong>Trump<\/strong>&nbsp;denomin\u00f3 el \u201c<strong>Paseo de la Fama Presidencial\u201d,<\/strong>&nbsp;una galer\u00eda de retratos instalada en septiembre pasado en la columnata del&nbsp;<strong>Ala Oeste de la Casa Blanca<\/strong>.<\/p>\n\n\n\n<p>La inscripci\u00f3n dedicada a&nbsp;<strong>Biden<\/strong>&nbsp;(2021-205), quien gan\u00f3 a&nbsp;<strong>Trump<\/strong>&nbsp;en las elecciones de 2020, afirma que \u201cel dormil\u00f3n&nbsp;<strong>Joe Biden<\/strong>&nbsp;fue, de largo, el peor presidente en la historia de&nbsp;<strong>Estados Unidos<\/strong>\u201c.<\/p>\n\n\n\n<p>La imagen que corresponder\u00eda a&nbsp;<strong>Biden,<\/strong>&nbsp;colgada en septiembre, es una fotograf\u00eda de un bol\u00edgrafo autom\u00e1tico, en alusi\u00f3n a que&nbsp;<strong>Trump<\/strong>&nbsp;considera que su antecesor no sab\u00eda lo que firmaba.<\/p>\n\n\n\n<p>La placa de&nbsp;<strong>Obama<\/strong>&nbsp;(2009-2017) hace referencia a su nombre completo, \u201c<strong>Barack Hussein Obama<\/strong>\u201c, y lo describe como \u201cuna de las figuras pol\u00edticas m\u00e1s divisivas de la historia de&nbsp;<strong>Estados Unidos<\/strong>\u201c.<\/p>\n\n\n\n<p>En cuanto a&nbsp;<strong>Bill Clinton<\/strong>&nbsp;(1993-2001), la placa reconoce su \u201cexcelente\u201d gesti\u00f3n econ\u00f3mica \u201ca pesar de sus esc\u00e1ndalos\u201d y recuerda que su esposa,&nbsp;<strong>Hillary Clinton<\/strong>, perdi\u00f3 las elecciones contra&nbsp;<strong>Trump<\/strong>&nbsp;en 2016.<\/p>\n\n\n\n<p>Sobre el republicano&nbsp;<strong>Ronald Regan<\/strong>&nbsp;(1981-1989), admirado por&nbsp;<strong>Trump,<\/strong>&nbsp;la inscripci\u00f3n asegura que \u201cgan\u00f3 la Guerra Fr\u00eda\u201d y que \u201cera un fan del presidente&nbsp;<strong>Donald J. Trump<\/strong>&nbsp;mucho antes de la hist\u00f3rica campa\u00f1a del presidente&nbsp;<strong>Trump a la Casa Blanca<\/strong>\u201c.<\/p>\n\n\n\n<p>Esta galer\u00eda es uno de los muchos cambios que&nbsp;<strong>Trump<\/strong>&nbsp;ha ordenado en la&nbsp;<strong>Casa Blanca<\/strong>&nbsp;para dejar su huella, siendo el m\u00e1s significativo la construcci\u00f3n en marcha de un gran sal\u00f3n de baile, que implic\u00f3 la demolici\u00f3n de la hist\u00f3rica&nbsp;<strong>Ala Este<\/strong>&nbsp;de la mansi\u00f3n presidencial.<\/p>\n\n\n\n<figure class=\"wp-block-image size-large\"><img loading=\"lazy\" decoding=\"async\" width=\"1024\" height=\"683\" src=\"https:\/\/elregionaldigital.info\/wp-content\/uploads\/2026\/01\/image-27-1024x683.png\" alt=\"\" class=\"wp-image-5995\" srcset=\"https:\/\/elregionaldigital.info\/wp-content\/uploads\/2026\/01\/image-27-1024x683.png 1024w, https:\/\/elregionaldigital.info\/wp-content\/uploads\/2026\/01\/image-27-300x200.png 300w, https:\/\/elregionaldigital.info\/wp-content\/uploads\/2026\/01\/image-27-768x512.png 768w, https:\/\/elregionaldigital.info\/wp-content\/uploads\/2026\/01\/image-27-1536x1025.png 1536w, https:\/\/elregionaldigital.info\/wp-content\/uploads\/2026\/01\/image-27.png 1920w\" sizes=\"auto, (max-width: 1024px) 100vw, 1024px\" \/><\/figure>\n","protected":false},"excerpt":{"rendered":"<p>diciembre 17, 2025 El presidente de&nbsp;Estados Unidos, Donald Trump, coloc\u00f3 placas bajo los retratos de expresidentes en la&nbsp;Casa Blanca&nbsp;que, en el caso de los dem\u00f3cratas&nbsp;Joe Biden y Barack Obama, los critican y ridiculizan. La prensa pudo observar por primera vez este mi\u00e9rcoles las inscripciones en lo que&nbsp;Trump&nbsp;denomin\u00f3 el \u201cPaseo de la Fama Presidencial\u201d,&nbsp;una galer\u00eda de [&hellip;]<\/p>\n","protected":false},"author":1,"featured_media":5995,"comment_status":"open","ping_status":"open","sticky":false,"template":"","format":"standard","meta":{"footnotes":""},"categories":[11],"tags":[],"class_list":["post-5994","post","type-post","status-publish","format-standard","has-post-thumbnail","hentry","category-mundo"],"blog_post_layout_featured_media_urls":{"thumbnail":["https:\/\/elregionaldigital.info\/wp-content\/uploads\/2026\/01\/image-27-150x150.png",150,150,true],"full":["https:\/\/elregionaldigital.info\/wp-content\/uploads\/2026\/01\/image-27.png",1920,1281,false]},"categories_names":{"11":{"name":"Mundo","link":"https:\/\/elregionaldigital.info\/?cat=11"}},"tags_names":[],"comments_number":"0","wpmagazine_modules_lite_featured_media_urls":{"thumbnail":["https:\/\/elregionaldigital.info\/wp-content\/uploads\/2026\/01\/image-27-150x150.png",150,150,true],"cvmm-medium":["https:\/\/elregionaldigital.info\/wp-content\/uploads\/2026\/01\/image-27-300x300.png",300,300,true],"cvmm-medium-plus":["https:\/\/elregionaldigital.info\/wp-content\/uploads\/2026\/01\/image-27-305x207.png",305,207,true],"cvmm-portrait":["https:\/\/elregionaldigital.info\/wp-content\/uploads\/2026\/01\/image-27-400x600.png",400,600,true],"cvmm-medium-square":["https:\/\/elregionaldigital.info\/wp-content\/uploads\/2026\/01\/image-27-600x600.png",600,600,true],"cvmm-large":["https:\/\/elregionaldigital.info\/wp-content\/uploads\/2026\/01\/image-27-1024x1024.png",1024,1024,true],"cvmm-small":["https:\/\/elregionaldigital.info\/wp-content\/uploads\/2026\/01\/image-27-130x95.png",130,95,true],"full":["https:\/\/elregionaldigital.info\/wp-content\/uploads\/2026\/01\/image-27.png",1920,1281,false]},"_links":{"self":[{"href":"https:\/\/elregionaldigital.info\/index.php?rest_route=\/wp\/v2\/posts\/5994","targetHints":{"allow":["GET"]}}],"collection":[{"href":"https:\/\/elregionaldigital.info\/index.php?rest_route=\/wp\/v2\/posts"}],"about":[{"href":"https:\/\/elregionaldigital.info\/index.php?rest_route=\/wp\/v2\/types\/post"}],"author":[{"embeddable":true,"href":"https:\/\/elregionaldigital.info\/index.php?rest_route=\/wp\/v2\/users\/1"}],"replies":[{"embeddable":true,"href":"https:\/\/elregionaldigital.info\/index.php?rest_route=%2Fwp%2Fv2%2Fcomments&post=5994"}],"version-history":[{"count":1,"href":"https:\/\/elregionaldigital.info\/index.php?rest_route=\/wp\/v2\/posts\/5994\/revisions"}],"predecessor-version":[{"id":5996,"href":"https:\/\/elregionaldigital.info\/index.php?rest_route=\/wp\/v2\/posts\/5994\/revisions\/5996"}],"wp:featuredmedia":[{"embeddable":true,"href":"https:\/\/elregionaldigital.info\/index.php?rest_route=\/wp\/v2\/media\/5995"}],"wp:attachment":[{"href":"https:\/\/elregionaldigital.info\/index.php?rest_route=%2Fwp%2Fv2%2Fmedia&parent=5994"}],"wp:term":[{"taxonomy":"category","embeddable":true,"href":"https:\/\/elregionaldigital.info\/index.php?rest_route=%2Fwp%2Fv2%2Fcategories&post=5994"},{"taxonomy":"post_tag","embeddable":true,"href":"https:\/\/elregionaldigital.info\/index.php?rest_route=%2Fwp%2Fv2%2Ftags&post=5994"}],"curies":[{"name":"wp","href":"https:\/\/api.w.org\/{rel}","templated":true}]}}