{"id":5988,"date":"2025-12-26T18:29:07","date_gmt":"2025-12-26T18:29:07","guid":{"rendered":"https:\/\/elregionaldigital.info\/?p=5988"},"modified":"2026-01-20T18:31:03","modified_gmt":"2026-01-20T18:31:03","slug":"trump-avisa-que-el-tiene-la-ultima-palabra-sobre-el-plan-de-paz-negociado-con-zelenski","status":"publish","type":"post","link":"https:\/\/elregionaldigital.info\/?p=5988","title":{"rendered":"Trump avisa que \u00e9l tiene la \u00faltima palabra sobre el plan de paz negociado con Zelenski"},"content":{"rendered":"\n<p>diciembre 26, 2025<\/p>\n\n\n\n<p>El presidente de&nbsp;<strong>Estados Unidos, Donald Trump<\/strong>, avis\u00f3 este viernes que el plan de paz de 20 puntos negociado con el mandatario ucraniano,&nbsp;<strong>Volod\u00edmir Zelenski<\/strong>, para poner fin a la guerra de&nbsp;<strong>Rusia y Ucrania<\/strong>&nbsp;debe contar con su aprobaci\u00f3n para salir adelante.<\/p>\n\n\n\n<blockquote class=\"wp-block-quote is-layout-flow wp-block-quote-is-layout-flow\">\n<p>\u201cZelenski No tiene nada hasta que yo lo apruebe. As\u00ed que veremos qu\u00e9 tiene\u201d, afirm\u00f3 el l\u00edder estadounidense en una conversaci\u00f3n exclusiva con el portal Politico.<\/p>\n<\/blockquote>\n\n\n\n<p>Est\u00e1 previsto que&nbsp;<strong>Trump<\/strong>&nbsp;reciba el domingo a&nbsp;<strong>Zelenski<\/strong>&nbsp;en su residencia privada de&nbsp;<strong>Mar-a-Lago, en Florida<\/strong>, donde el mandatario estadounidense pasa las vacaciones navide\u00f1as, con el objetivo de discutir el nuevo plan que est\u00e1n elaborando&nbsp;<strong>Kiev<\/strong>&nbsp;y Washington para detener la guerra.<\/p>\n\n\n\n<p>El republicano expres\u00f3 su confianza en que la reuni\u00f3n del fin de semana sea productiva. \u201cCreo que le ir\u00e1 bien\u201d, dijo\u00a0<strong>Trump,<\/strong>\u00a0quien tambi\u00e9n se\u00f1al\u00f3 que el resultado podr\u00eda ser positivo para el presidente ruso,\u00a0<strong>Vlad\u00edmir Putin<\/strong>, con quien espera hablar \u201cpronto\u201d.<\/p>\n\n\n\n<p><strong>Zelenski<\/strong>\u00a0mantuvo el jueves una conversaci\u00f3n telef\u00f3nica con los emisarios de la Casa<strong>\u00a0Blanca Steve Witkoff y Jared Kushner,<\/strong>\u00a0con los que abord\u00f3 algunas \u201cnuevas ideas\u201d sobre c\u00f3mo alcanzar la paz en\u00a0<strong>Ucrania,<\/strong>\u00a0a nivel de formatos, reuniones y de la hoja de ruta de las conversaciones.<\/p>\n\n\n\n<p>El plan de paz de 20 puntos, que seg\u00fan&nbsp;<strong>Zelenski<\/strong>&nbsp;est\u00e1 listo en un 90 % y que&nbsp;<strong>Mosc\u00fa<\/strong>&nbsp;ha rechazado, incluye un pacto de no agresi\u00f3n con&nbsp;<strong>Rusia<\/strong>&nbsp;y garant\u00edas de seguridad estadounidenses para&nbsp;<strong>Ucrania<\/strong>&nbsp;similares a las de la&nbsp;<strong>OTAN.<\/strong><\/p>\n\n\n\n<p>En cuanto a la situaci\u00f3n territorial,&nbsp;<strong>Kiev<\/strong>&nbsp;propone dos opciones: congelar la actual l\u00ednea del frente o establecer una zona desmilitarizada en partes de la regi\u00f3n de&nbsp;<strong>Donetks que Ucrania<\/strong>&nbsp;todav\u00eda controla y que&nbsp;<strong>Rusia<\/strong>&nbsp;reclama.<\/p>\n\n\n\n<p>Tambi\u00e9n sigue en disputa la gesti\u00f3n de la central nuclear de&nbsp;<strong>Zaporiyia,<\/strong>&nbsp;bajo control ruso.<\/p>\n\n\n\n<figure class=\"wp-block-image size-large\"><img loading=\"lazy\" decoding=\"async\" width=\"1024\" height=\"683\" src=\"https:\/\/elregionaldigital.info\/wp-content\/uploads\/2026\/01\/image-25-1024x683.png\" alt=\"\" class=\"wp-image-5989\" srcset=\"https:\/\/elregionaldigital.info\/wp-content\/uploads\/2026\/01\/image-25-1024x683.png 1024w, https:\/\/elregionaldigital.info\/wp-content\/uploads\/2026\/01\/image-25-300x200.png 300w, https:\/\/elregionaldigital.info\/wp-content\/uploads\/2026\/01\/image-25-768x512.png 768w, https:\/\/elregionaldigital.info\/wp-content\/uploads\/2026\/01\/image-25-1536x1024.png 1536w, https:\/\/elregionaldigital.info\/wp-content\/uploads\/2026\/01\/image-25.png 1920w\" sizes=\"auto, (max-width: 1024px) 100vw, 1024px\" \/><\/figure>\n","protected":false},"excerpt":{"rendered":"<p>diciembre 26, 2025 El presidente de&nbsp;Estados Unidos, Donald Trump, avis\u00f3 este viernes que el plan de paz de 20 puntos negociado con el mandatario ucraniano,&nbsp;Volod\u00edmir Zelenski, para poner fin a la guerra de&nbsp;Rusia y Ucrania&nbsp;debe contar con su aprobaci\u00f3n para salir adelante. \u201cZelenski No tiene nada hasta que yo lo apruebe. As\u00ed que veremos qu\u00e9 [&hellip;]<\/p>\n","protected":false},"author":1,"featured_media":5989,"comment_status":"open","ping_status":"open","sticky":false,"template":"","format":"standard","meta":{"footnotes":""},"categories":[11],"tags":[],"class_list":["post-5988","post","type-post","status-publish","format-standard","has-post-thumbnail","hentry","category-mundo"],"blog_post_layout_featured_media_urls":{"thumbnail":["https:\/\/elregionaldigital.info\/wp-content\/uploads\/2026\/01\/image-25-150x150.png",150,150,true],"full":["https:\/\/elregionaldigital.info\/wp-content\/uploads\/2026\/01\/image-25.png",1920,1280,false]},"categories_names":{"11":{"name":"Mundo","link":"https:\/\/elregionaldigital.info\/?cat=11"}},"tags_names":[],"comments_number":"0","wpmagazine_modules_lite_featured_media_urls":{"thumbnail":["https:\/\/elregionaldigital.info\/wp-content\/uploads\/2026\/01\/image-25-150x150.png",150,150,true],"cvmm-medium":["https:\/\/elregionaldigital.info\/wp-content\/uploads\/2026\/01\/image-25-300x300.png",300,300,true],"cvmm-medium-plus":["https:\/\/elregionaldigital.info\/wp-content\/uploads\/2026\/01\/image-25-305x207.png",305,207,true],"cvmm-portrait":["https:\/\/elregionaldigital.info\/wp-content\/uploads\/2026\/01\/image-25-400x600.png",400,600,true],"cvmm-medium-square":["https:\/\/elregionaldigital.info\/wp-content\/uploads\/2026\/01\/image-25-600x600.png",600,600,true],"cvmm-large":["https:\/\/elregionaldigital.info\/wp-content\/uploads\/2026\/01\/image-25-1024x1024.png",1024,1024,true],"cvmm-small":["https:\/\/elregionaldigital.info\/wp-content\/uploads\/2026\/01\/image-25-130x95.png",130,95,true],"full":["https:\/\/elregionaldigital.info\/wp-content\/uploads\/2026\/01\/image-25.png",1920,1280,false]},"_links":{"self":[{"href":"https:\/\/elregionaldigital.info\/index.php?rest_route=\/wp\/v2\/posts\/5988","targetHints":{"allow":["GET"]}}],"collection":[{"href":"https:\/\/elregionaldigital.info\/index.php?rest_route=\/wp\/v2\/posts"}],"about":[{"href":"https:\/\/elregionaldigital.info\/index.php?rest_route=\/wp\/v2\/types\/post"}],"author":[{"embeddable":true,"href":"https:\/\/elregionaldigital.info\/index.php?rest_route=\/wp\/v2\/users\/1"}],"replies":[{"embeddable":true,"href":"https:\/\/elregionaldigital.info\/index.php?rest_route=%2Fwp%2Fv2%2Fcomments&post=5988"}],"version-history":[{"count":1,"href":"https:\/\/elregionaldigital.info\/index.php?rest_route=\/wp\/v2\/posts\/5988\/revisions"}],"predecessor-version":[{"id":5990,"href":"https:\/\/elregionaldigital.info\/index.php?rest_route=\/wp\/v2\/posts\/5988\/revisions\/5990"}],"wp:featuredmedia":[{"embeddable":true,"href":"https:\/\/elregionaldigital.info\/index.php?rest_route=\/wp\/v2\/media\/5989"}],"wp:attachment":[{"href":"https:\/\/elregionaldigital.info\/index.php?rest_route=%2Fwp%2Fv2%2Fmedia&parent=5988"}],"wp:term":[{"taxonomy":"category","embeddable":true,"href":"https:\/\/elregionaldigital.info\/index.php?rest_route=%2Fwp%2Fv2%2Fcategories&post=5988"},{"taxonomy":"post_tag","embeddable":true,"href":"https:\/\/elregionaldigital.info\/index.php?rest_route=%2Fwp%2Fv2%2Ftags&post=5988"}],"curies":[{"name":"wp","href":"https:\/\/api.w.org\/{rel}","templated":true}]}}