{"id":5985,"date":"2025-12-30T18:27:13","date_gmt":"2025-12-30T18:27:13","guid":{"rendered":"https:\/\/elregionaldigital.info\/?p=5985"},"modified":"2026-01-20T18:29:01","modified_gmt":"2026-01-20T18:29:01","slug":"ee-uu-ataco-con-drones-de-la-cia-un-puerto-en-venezuela-segun-el-new-york-times","status":"publish","type":"post","link":"https:\/\/elregionaldigital.info\/?p=5985","title":{"rendered":"EE.UU. atac\u00f3 con drones de la CIA un puerto en Venezuela, seg\u00fan el New York Times"},"content":{"rendered":"\n<p>diciembre 30, 2025<\/p>\n\n\n\n<p>La&nbsp;<strong>Agencia Central de Inteligencia (CIA) de Estados Unidos<\/strong>&nbsp;llev\u00f3 a cabo la semana pasada un ataque con drones contra una instalaci\u00f3n portuaria en&nbsp;<strong>Venezuela,<\/strong>&nbsp;en lo que constituye la primera operaci\u00f3n estadounidense conocida dentro del pa\u00eds, inform\u00f3 este lunes el New York Times.<\/p>\n\n\n\n<p>Seg\u00fan el diario, el ataque tuvo como objetivo un muelle que funcionarios estadounidenses creen era utilizado por el&nbsp;<strong>Tren de Aragua<\/strong>&nbsp;para almacenar narc\u00f3ticos y preparar su traslado en embarcaciones.<\/p>\n\n\n\n<p>Las fuentes bajo anonimato indicaron que no hab\u00eda personas en el lugar en el momento del impacto y que&nbsp;<strong>no se registraron v\u00edctimas mortales.<\/strong><\/p>\n\n\n\n<p>El presidente,&nbsp;<strong>Donald Trump<\/strong>, confirm\u00f3 el lunes que&nbsp;<strong>Estados Unidos<\/strong>&nbsp;fue responsable del ataque, aunque se neg\u00f3 a detallar c\u00f3mo se ejecut\u00f3 o qui\u00e9n lo llev\u00f3 a cabo.<\/p>\n\n\n\n<blockquote class=\"wp-block-quote is-layout-flow wp-block-quote-is-layout-flow\">\n<p>\u201cHubo una gran explosi\u00f3n en la zona del muelle donde cargan las drogas en los barcos\u201d, dijo el republicano a periodistas en su recinto privado de Florida, Mar-a-Lago.<\/p>\n<\/blockquote>\n\n\n\n<p>El&nbsp;<strong>Gobierno venezolano<\/strong>&nbsp;no coment\u00f3 directamente la operaci\u00f3n, mientras que el ministro del Interior,&nbsp;<strong>Diosdado Cabello<\/strong>, denunci\u00f3 una serie de acciones de \u201cacoso, amenazas y ataques\u201d.<\/p>\n\n\n\n<p>De acuerdo con el New York Times, la operaci\u00f3n marca una intensificaci\u00f3n de la campa\u00f1a de presi\u00f3n de la&nbsp;<strong>Administraci\u00f3n Trump<\/strong>&nbsp;contra el&nbsp;<strong>Gobierno de Nicol\u00e1s Maduro<\/strong>, que hasta ahora se hab\u00eda limitado a acciones en aguas internacionales contra embarcaciones sospechosas de narcotr\u00e1fico.<\/p>\n\n\n\n<p>El Pent\u00e1gono ha desplegado&nbsp;<strong>drones MQ-9 Reaper<\/strong>&nbsp;en la regi\u00f3n como parte de esa estrategia, a\u00f1adi\u00f3 el diario.<\/p>\n\n\n\n<p>Desde hace varias semanas,&nbsp;<strong>Trump<\/strong>&nbsp;lleva advirtiendo que en el marco de su campa\u00f1a de presi\u00f3n contra la Administraci\u00f3n de&nbsp;<strong>Nicol\u00e1s Maduro,<\/strong>&nbsp;que ha implicado la destrucci\u00f3n de una treintena de lanchas que supuestamente cargan drogas y la muerte de m\u00e1s de 100 de sus ocupantes, Washington iba a comenzar a atacar objetivos en tierra.<\/p>\n\n\n\n<p><strong>EE.UU.<\/strong>&nbsp;mantiene desde mitad de a\u00f1o un amplio despliegue aeronaval en el&nbsp;<strong>Caribe,<\/strong>&nbsp;cerca de aguas&nbsp;<strong>venezolanas,<\/strong>&nbsp;que, seg\u00fan afirma, tiene como objetivo combatir el narcotr\u00e1fico, pero que&nbsp;<strong>Caracas<\/strong>&nbsp;interpreta como \u201camenazas\u201d y un intento de propiciar un cambio de r\u00e9gimen.<\/p>\n\n\n\n<p>Las tensiones escalaron tras el anuncio por parte de&nbsp;<strong>Trump<\/strong>&nbsp;de un bloqueo a los buques petroleros sancionados que se trasladen desde y hacia el pa\u00eds suramericano, y la confiscaci\u00f3n de dos buques que transportaban crudo venezolano en las \u00faltimas semanas.<\/p>\n\n\n\n<figure class=\"wp-block-image size-large\"><img loading=\"lazy\" decoding=\"async\" width=\"1024\" height=\"682\" src=\"https:\/\/elregionaldigital.info\/wp-content\/uploads\/2026\/01\/image-24-1024x682.png\" alt=\"\" class=\"wp-image-5986\" srcset=\"https:\/\/elregionaldigital.info\/wp-content\/uploads\/2026\/01\/image-24-1024x682.png 1024w, https:\/\/elregionaldigital.info\/wp-content\/uploads\/2026\/01\/image-24-300x200.png 300w, https:\/\/elregionaldigital.info\/wp-content\/uploads\/2026\/01\/image-24-768x512.png 768w, https:\/\/elregionaldigital.info\/wp-content\/uploads\/2026\/01\/image-24-1536x1023.png 1536w, https:\/\/elregionaldigital.info\/wp-content\/uploads\/2026\/01\/image-24.png 1920w\" sizes=\"auto, (max-width: 1024px) 100vw, 1024px\" \/><\/figure>\n","protected":false},"excerpt":{"rendered":"<p>diciembre 30, 2025 La&nbsp;Agencia Central de Inteligencia (CIA) de Estados Unidos&nbsp;llev\u00f3 a cabo la semana pasada un ataque con drones contra una instalaci\u00f3n portuaria en&nbsp;Venezuela,&nbsp;en lo que constituye la primera operaci\u00f3n estadounidense conocida dentro del pa\u00eds, inform\u00f3 este lunes el New York Times. Seg\u00fan el diario, el ataque tuvo como objetivo un muelle que funcionarios [&hellip;]<\/p>\n","protected":false},"author":1,"featured_media":5986,"comment_status":"open","ping_status":"open","sticky":false,"template":"","format":"standard","meta":{"footnotes":""},"categories":[11],"tags":[],"class_list":["post-5985","post","type-post","status-publish","format-standard","has-post-thumbnail","hentry","category-mundo"],"blog_post_layout_featured_media_urls":{"thumbnail":["https:\/\/elregionaldigital.info\/wp-content\/uploads\/2026\/01\/image-24-150x150.png",150,150,true],"full":["https:\/\/elregionaldigital.info\/wp-content\/uploads\/2026\/01\/image-24.png",1920,1279,false]},"categories_names":{"11":{"name":"Mundo","link":"https:\/\/elregionaldigital.info\/?cat=11"}},"tags_names":[],"comments_number":"0","wpmagazine_modules_lite_featured_media_urls":{"thumbnail":["https:\/\/elregionaldigital.info\/wp-content\/uploads\/2026\/01\/image-24-150x150.png",150,150,true],"cvmm-medium":["https:\/\/elregionaldigital.info\/wp-content\/uploads\/2026\/01\/image-24-300x300.png",300,300,true],"cvmm-medium-plus":["https:\/\/elregionaldigital.info\/wp-content\/uploads\/2026\/01\/image-24-305x207.png",305,207,true],"cvmm-portrait":["https:\/\/elregionaldigital.info\/wp-content\/uploads\/2026\/01\/image-24-400x600.png",400,600,true],"cvmm-medium-square":["https:\/\/elregionaldigital.info\/wp-content\/uploads\/2026\/01\/image-24-600x600.png",600,600,true],"cvmm-large":["https:\/\/elregionaldigital.info\/wp-content\/uploads\/2026\/01\/image-24-1024x1024.png",1024,1024,true],"cvmm-small":["https:\/\/elregionaldigital.info\/wp-content\/uploads\/2026\/01\/image-24-130x95.png",130,95,true],"full":["https:\/\/elregionaldigital.info\/wp-content\/uploads\/2026\/01\/image-24.png",1920,1279,false]},"_links":{"self":[{"href":"https:\/\/elregionaldigital.info\/index.php?rest_route=\/wp\/v2\/posts\/5985","targetHints":{"allow":["GET"]}}],"collection":[{"href":"https:\/\/elregionaldigital.info\/index.php?rest_route=\/wp\/v2\/posts"}],"about":[{"href":"https:\/\/elregionaldigital.info\/index.php?rest_route=\/wp\/v2\/types\/post"}],"author":[{"embeddable":true,"href":"https:\/\/elregionaldigital.info\/index.php?rest_route=\/wp\/v2\/users\/1"}],"replies":[{"embeddable":true,"href":"https:\/\/elregionaldigital.info\/index.php?rest_route=%2Fwp%2Fv2%2Fcomments&post=5985"}],"version-history":[{"count":1,"href":"https:\/\/elregionaldigital.info\/index.php?rest_route=\/wp\/v2\/posts\/5985\/revisions"}],"predecessor-version":[{"id":5987,"href":"https:\/\/elregionaldigital.info\/index.php?rest_route=\/wp\/v2\/posts\/5985\/revisions\/5987"}],"wp:featuredmedia":[{"embeddable":true,"href":"https:\/\/elregionaldigital.info\/index.php?rest_route=\/wp\/v2\/media\/5986"}],"wp:attachment":[{"href":"https:\/\/elregionaldigital.info\/index.php?rest_route=%2Fwp%2Fv2%2Fmedia&parent=5985"}],"wp:term":[{"taxonomy":"category","embeddable":true,"href":"https:\/\/elregionaldigital.info\/index.php?rest_route=%2Fwp%2Fv2%2Fcategories&post=5985"},{"taxonomy":"post_tag","embeddable":true,"href":"https:\/\/elregionaldigital.info\/index.php?rest_route=%2Fwp%2Fv2%2Ftags&post=5985"}],"curies":[{"name":"wp","href":"https:\/\/api.w.org\/{rel}","templated":true}]}}