{"id":5982,"date":"2026-01-03T18:24:55","date_gmt":"2026-01-03T18:24:55","guid":{"rendered":"https:\/\/elregionaldigital.info\/?p=5982"},"modified":"2026-01-20T18:27:10","modified_gmt":"2026-01-20T18:27:10","slug":"de-que-delitos-se-le-acusa-a-maduro-en-estados-unidos","status":"publish","type":"post","link":"https:\/\/elregionaldigital.info\/?p=5982","title":{"rendered":"\u00bfDe qu\u00e9 delitos se le acusa a Maduro en Estados Unidos?"},"content":{"rendered":"\n<p>enero 3, 2026<\/p>\n\n\n\n<p>Un juez del tribunal federal del distrito sur de&nbsp;<strong>Nueva York<\/strong>&nbsp;hizo p\u00fablica una&nbsp;<strong>nueva acusaci\u00f3n<\/strong>&nbsp;contra el presidente venezolano,&nbsp;<strong>Nicol\u00e1s Maduro,<\/strong>&nbsp;que ampl\u00eda la presentada en 2020 y lo se\u00f1ala de nuevo como l\u00edder de una&nbsp;<strong>red de narcotr\u00e1fico y narcoterrorismo<\/strong>&nbsp;que durante m\u00e1s de dos d\u00e9cadas habr\u00eda utilizado al Estado venezolano para introducir grandes cantidades de coca\u00edna en Estados Unidos.<\/p>\n\n\n\n<p>La nueva acusaci\u00f3n, conocida como \u201cimputaci\u00f3n sustitutiva\u201d, es una versi\u00f3n ampliada de la presentada en marzo de 2020 contra Nicol\u00e1s Maduro que agrega nuevos cargos y nuevos imputados -incluyendo por primera vez a su esposa<strong>, Cilia Flores<\/strong>, y a uno de sus hijos-.<\/p>\n\n\n\n<p>As\u00ed, se elevan a seis el n\u00famero de acusados y se mantiene imputado al ministro del Interior,\u00a0<strong>Diosdado Cabello Rond\u00f3n<\/strong>, ya acusado en 2020.<\/p>\n\n\n\n<p>Asimismo, seg\u00fan el documento judicial revelado hoy, los cargos incluyen cuatro imputaciones distintas relacionadas con&nbsp;<strong>narcoterrorismo, conspiraci\u00f3n para importar coca\u00edna y delitos con armas y artefactos destructivos,<\/strong>&nbsp;las mismas que figuraban en la acusaci\u00f3n original de 2020.<\/p>\n\n\n\n<p>Maduro hab\u00eda sido imputado en Manhattan en marzo de 2020, en una causa basada en una investigaci\u00f3n de la agencia antidrogas DEA.<\/p>\n\n\n\n<p>Con esas acusaciones a\u00fan pendientes, el secretario de Estado, Marco Rubio, lo calific\u00f3 en septiembre de 2025 como un \u201cfugitivo de la justicia estadounidense\u201d.<\/p>\n\n\n\n<p>Entonces, el Gobierno de Estados Unidos, que no reconoce a Maduro como presidente leg\u00edtimo de Venezuela, elev\u00f3 la recompensa por informaci\u00f3n que condujera a su arresto a 50 millones de d\u00f3lares.<\/p>\n\n\n\n<h3 class=\"wp-block-heading\">Acusado de \u201cinundar Estados Unidos de coca\u00edna\u201d<\/h3>\n\n\n\n<p>Seg\u00fan la acusaci\u00f3n desellada ahora, Maduro encabez\u00f3 la organizaci\u00f3n de narcotr\u00e1fico Cartel de los Soles, nombre con el que se alude a los altos mandos militares venezolanos, que lucen soles en sus insignias.<\/p>\n\n\n\n<p>Bajo su liderazgo, sostiene el escrito, la organizaci\u00f3n no solo busc\u00f3 enriquecerse y consolidar su poder pol\u00edtico, sino tambi\u00e9n \u201cinundar\u201d Estados Unidos de coca\u00edna y \u201cutilizar la droga como un arma\u201d contra ese pa\u00eds.<\/p>\n\n\n\n<p>El documento describe al Gobierno venezolano como un poder \u201cileg\u00edtimo\u201d, recordando que la reelecci\u00f3n de Maduro en 2018 fue ampliamente cuestionada por la comunidad internacional y que en 2019 la Asamblea Nacional lo declar\u00f3 usurpador del cargo.<\/p>\n\n\n\n<p>A\u00f1ade que m\u00e1s de 50 pa\u00edses, incluido Estados Unidos, \u201cdejaron de reconocerlo como presidente\u201d y que \u201clas elecciones celebradas en 2024 volvieron a ser objeto de fuertes cr\u00edticas internacionales, pese a que Maduro se proclam\u00f3 vencedor\u201d.<\/p>\n\n\n\n<p>De acuerdo con estimaciones citadas en la acusaci\u00f3n, el Departamento de Estado calcul\u00f3 que hacia 2020 entre 200 y 250 toneladas de coca\u00edna transitaban cada a\u00f1o por territorio venezolano rumbo a Estados Unidos.<\/p>\n\n\n\n<p>Los fiscales describen alianzas con las FARC, el ELN, el cartel de Sinaloa, los Zetas y la banda criminal Tren de Aragua, as\u00ed como el uso de pasaportes diplom\u00e1ticos, aeropuertos controlados por autoridades y rutas mar\u00edtimas protegidas por fuerzas estatales para mover la droga.<\/p>\n\n\n\n<p>La causa est\u00e1 pendiente ante el juez federal Alvin K. Hellerstein, magistrado del distrito sur de Nueva York desde 1998, que ya supervisaba el caso abierto en 2020.<\/p>\n\n\n\n<p>El sistema judicial estadounidense tiene precedentes de procesamiento de antiguos l\u00edderes latinoamericanos capturados o extraditados, como el paname\u00f1o Manuel Antonio Noriega o el expresidente hondure\u00f1o Juan Orlando Hern\u00e1ndez, tambi\u00e9n juzgados en tribunales federales de Estados Unidos.<\/p>\n\n\n\n<p>Los cargos que afronta Maduro conllevan penas potencialmente muy elevadas, especialmente los relacionados con narcoterrorismo y posesi\u00f3n de armas autom\u00e1ticas, que, combinados con el tr\u00e1fico de drogas, pueden derivar en largas condenas de c\u00e1rcel.<\/p>\n\n\n\n<figure class=\"wp-block-image size-large\"><img loading=\"lazy\" decoding=\"async\" width=\"1024\" height=\"683\" src=\"https:\/\/elregionaldigital.info\/wp-content\/uploads\/2026\/01\/image-23-1024x683.png\" alt=\"\" class=\"wp-image-5983\" srcset=\"https:\/\/elregionaldigital.info\/wp-content\/uploads\/2026\/01\/image-23-1024x683.png 1024w, https:\/\/elregionaldigital.info\/wp-content\/uploads\/2026\/01\/image-23-300x200.png 300w, https:\/\/elregionaldigital.info\/wp-content\/uploads\/2026\/01\/image-23-768x512.png 768w, https:\/\/elregionaldigital.info\/wp-content\/uploads\/2026\/01\/image-23-1536x1024.png 1536w, https:\/\/elregionaldigital.info\/wp-content\/uploads\/2026\/01\/image-23.png 1920w\" sizes=\"auto, (max-width: 1024px) 100vw, 1024px\" \/><\/figure>\n\n\n\n<p><\/p>\n","protected":false},"excerpt":{"rendered":"<p>enero 3, 2026 Un juez del tribunal federal del distrito sur de&nbsp;Nueva York&nbsp;hizo p\u00fablica una&nbsp;nueva acusaci\u00f3n&nbsp;contra el presidente venezolano,&nbsp;Nicol\u00e1s Maduro,&nbsp;que ampl\u00eda la presentada en 2020 y lo se\u00f1ala de nuevo como l\u00edder de una&nbsp;red de narcotr\u00e1fico y narcoterrorismo&nbsp;que durante m\u00e1s de dos d\u00e9cadas habr\u00eda utilizado al Estado venezolano para introducir grandes cantidades de coca\u00edna en [&hellip;]<\/p>\n","protected":false},"author":1,"featured_media":5983,"comment_status":"open","ping_status":"open","sticky":false,"template":"","format":"standard","meta":{"footnotes":""},"categories":[11],"tags":[],"class_list":["post-5982","post","type-post","status-publish","format-standard","has-post-thumbnail","hentry","category-mundo"],"blog_post_layout_featured_media_urls":{"thumbnail":["https:\/\/elregionaldigital.info\/wp-content\/uploads\/2026\/01\/image-23-150x150.png",150,150,true],"full":["https:\/\/elregionaldigital.info\/wp-content\/uploads\/2026\/01\/image-23.png",1920,1280,false]},"categories_names":{"11":{"name":"Mundo","link":"https:\/\/elregionaldigital.info\/?cat=11"}},"tags_names":[],"comments_number":"0","wpmagazine_modules_lite_featured_media_urls":{"thumbnail":["https:\/\/elregionaldigital.info\/wp-content\/uploads\/2026\/01\/image-23-150x150.png",150,150,true],"cvmm-medium":["https:\/\/elregionaldigital.info\/wp-content\/uploads\/2026\/01\/image-23-300x300.png",300,300,true],"cvmm-medium-plus":["https:\/\/elregionaldigital.info\/wp-content\/uploads\/2026\/01\/image-23-305x207.png",305,207,true],"cvmm-portrait":["https:\/\/elregionaldigital.info\/wp-content\/uploads\/2026\/01\/image-23-400x600.png",400,600,true],"cvmm-medium-square":["https:\/\/elregionaldigital.info\/wp-content\/uploads\/2026\/01\/image-23-600x600.png",600,600,true],"cvmm-large":["https:\/\/elregionaldigital.info\/wp-content\/uploads\/2026\/01\/image-23-1024x1024.png",1024,1024,true],"cvmm-small":["https:\/\/elregionaldigital.info\/wp-content\/uploads\/2026\/01\/image-23-130x95.png",130,95,true],"full":["https:\/\/elregionaldigital.info\/wp-content\/uploads\/2026\/01\/image-23.png",1920,1280,false]},"_links":{"self":[{"href":"https:\/\/elregionaldigital.info\/index.php?rest_route=\/wp\/v2\/posts\/5982","targetHints":{"allow":["GET"]}}],"collection":[{"href":"https:\/\/elregionaldigital.info\/index.php?rest_route=\/wp\/v2\/posts"}],"about":[{"href":"https:\/\/elregionaldigital.info\/index.php?rest_route=\/wp\/v2\/types\/post"}],"author":[{"embeddable":true,"href":"https:\/\/elregionaldigital.info\/index.php?rest_route=\/wp\/v2\/users\/1"}],"replies":[{"embeddable":true,"href":"https:\/\/elregionaldigital.info\/index.php?rest_route=%2Fwp%2Fv2%2Fcomments&post=5982"}],"version-history":[{"count":1,"href":"https:\/\/elregionaldigital.info\/index.php?rest_route=\/wp\/v2\/posts\/5982\/revisions"}],"predecessor-version":[{"id":5984,"href":"https:\/\/elregionaldigital.info\/index.php?rest_route=\/wp\/v2\/posts\/5982\/revisions\/5984"}],"wp:featuredmedia":[{"embeddable":true,"href":"https:\/\/elregionaldigital.info\/index.php?rest_route=\/wp\/v2\/media\/5983"}],"wp:attachment":[{"href":"https:\/\/elregionaldigital.info\/index.php?rest_route=%2Fwp%2Fv2%2Fmedia&parent=5982"}],"wp:term":[{"taxonomy":"category","embeddable":true,"href":"https:\/\/elregionaldigital.info\/index.php?rest_route=%2Fwp%2Fv2%2Fcategories&post=5982"},{"taxonomy":"post_tag","embeddable":true,"href":"https:\/\/elregionaldigital.info\/index.php?rest_route=%2Fwp%2Fv2%2Ftags&post=5982"}],"curies":[{"name":"wp","href":"https:\/\/api.w.org\/{rel}","templated":true}]}}