{"id":5975,"date":"2026-01-10T18:20:52","date_gmt":"2026-01-10T18:20:52","guid":{"rendered":"https:\/\/elregionaldigital.info\/?p=5975"},"modified":"2026-01-20T18:22:47","modified_gmt":"2026-01-20T18:22:47","slug":"trump-ofrece-la-ayuda-de-ee-uu-para-la-libertad-de-iran-en-medio-de-las-protestas","status":"publish","type":"post","link":"https:\/\/elregionaldigital.info\/?p=5975","title":{"rendered":"Trump ofrece la \u201cayuda\u201d de EE.UU. para la \u201clibertad\u201d de Ir\u00e1n en medio de las protestas"},"content":{"rendered":"\n<p>enero 10, 2026<\/p>\n\n\n\n<p>El presidente de\u00a0<strong>Estados Unidos, Donald Trump<\/strong>, ofreci\u00f3 este s\u00e1bado 10 de enero de 2026 la \u201c<strong>ayuda<\/strong>\u201d de su Gobierno para la \u201c<strong>libertad<\/strong>\u201d de\u00a0<strong>Ir\u00e1n<\/strong>\u00a0en medio de las\u00a0<strong>protestas<\/strong>\u00a0que suman dos semanas en el pa\u00eds persa contra la gesti\u00f3n econ\u00f3mica y que han dejado al menos 51 muertos.<\/p>\n\n\n\n<p>\u201cIr\u00e1n est\u00e1 mirando a la libertad, tal vez como nunca antes. \u00a1Estados Unidos est\u00e1 listo para ayudar!\u201d, escribi\u00f3 el mandatario en su red social Truth Social.<\/p>\n\n\n\n<p>El apoyo del l\u00edder estadounidense se sum\u00f3 al de la presidenta de la Comisi\u00f3n Europea, Ursula von der Leyen, quien dijo este s\u00e1bado que Europa \u201capoya plenamente\u201d a \u201clas mujeres y hombres iran\u00edes que reclaman la libertad\u201d.<\/p>\n\n\n\n<p>Adem\u00e1s, el secretario de Estado estadounidense, Marco Rubio, public\u00f3 por la ma\u00f1ana en sus redes sociales que \u201cEstados Unidos apoya al valiente pueblo de Ir\u00e1n\u201d, donde las protestas contra la gesti\u00f3n econ\u00f3mica han escalado hasta llegar a decenas de ciudades y cuestionar al l\u00edder supremo iran\u00ed, al ayatol\u00e1 Ali Jamene\u00ed.<\/p>\n\n\n\n<p>Trump no ofreci\u00f3 m\u00e1s detalles ahora de sus acciones, pero antes ha advertido de una posible intervenci\u00f3n en Ir\u00e1n ante la violencia ejercida contra los manifestantes, pues al menos hay 51 muertos desde el 28 de diciembre, seg\u00fan inform\u00f3 este viernes la organizaci\u00f3n civil Iran Human Rights (IHRNGO), con sede en Oslo, Noruega.<\/p>\n\n\n\n<p>El Ej\u00e9rcito de Ir\u00e1n, donde siguen sin funcionar las telecomunicaciones en el decimocuarto d\u00eda de protestas, asegur\u00f3 este s\u00e1bado que enfrentar\u00e1 seriamente cualquier \u201ccomplot\u201d auspiciado por Estados Unidos para incitar a la inestabilidad y perturbar la seguridad de la Rep\u00fablica Isl\u00e1mica.<\/p>\n\n\n\n<figure class=\"wp-block-image size-large\"><img loading=\"lazy\" decoding=\"async\" width=\"1024\" height=\"683\" src=\"https:\/\/elregionaldigital.info\/wp-content\/uploads\/2026\/01\/image-21-1024x683.png\" alt=\"\" class=\"wp-image-5976\" srcset=\"https:\/\/elregionaldigital.info\/wp-content\/uploads\/2026\/01\/image-21-1024x683.png 1024w, https:\/\/elregionaldigital.info\/wp-content\/uploads\/2026\/01\/image-21-300x200.png 300w, https:\/\/elregionaldigital.info\/wp-content\/uploads\/2026\/01\/image-21-768x512.png 768w, https:\/\/elregionaldigital.info\/wp-content\/uploads\/2026\/01\/image-21-1536x1024.png 1536w, https:\/\/elregionaldigital.info\/wp-content\/uploads\/2026\/01\/image-21.png 1920w\" sizes=\"auto, (max-width: 1024px) 100vw, 1024px\" \/><\/figure>\n\n\n\n<p><\/p>\n","protected":false},"excerpt":{"rendered":"<p>enero 10, 2026 El presidente de\u00a0Estados Unidos, Donald Trump, ofreci\u00f3 este s\u00e1bado 10 de enero de 2026 la \u201cayuda\u201d de su Gobierno para la \u201clibertad\u201d de\u00a0Ir\u00e1n\u00a0en medio de las\u00a0protestas\u00a0que suman dos semanas en el pa\u00eds persa contra la gesti\u00f3n econ\u00f3mica y que han dejado al menos 51 muertos. \u201cIr\u00e1n est\u00e1 mirando a la libertad, tal [&hellip;]<\/p>\n","protected":false},"author":1,"featured_media":5976,"comment_status":"open","ping_status":"open","sticky":false,"template":"","format":"standard","meta":{"footnotes":""},"categories":[11],"tags":[],"class_list":["post-5975","post","type-post","status-publish","format-standard","has-post-thumbnail","hentry","category-mundo"],"blog_post_layout_featured_media_urls":{"thumbnail":["https:\/\/elregionaldigital.info\/wp-content\/uploads\/2026\/01\/image-21-150x150.png",150,150,true],"full":["https:\/\/elregionaldigital.info\/wp-content\/uploads\/2026\/01\/image-21.png",1920,1280,false]},"categories_names":{"11":{"name":"Mundo","link":"https:\/\/elregionaldigital.info\/?cat=11"}},"tags_names":[],"comments_number":"0","wpmagazine_modules_lite_featured_media_urls":{"thumbnail":["https:\/\/elregionaldigital.info\/wp-content\/uploads\/2026\/01\/image-21-150x150.png",150,150,true],"cvmm-medium":["https:\/\/elregionaldigital.info\/wp-content\/uploads\/2026\/01\/image-21-300x300.png",300,300,true],"cvmm-medium-plus":["https:\/\/elregionaldigital.info\/wp-content\/uploads\/2026\/01\/image-21-305x207.png",305,207,true],"cvmm-portrait":["https:\/\/elregionaldigital.info\/wp-content\/uploads\/2026\/01\/image-21-400x600.png",400,600,true],"cvmm-medium-square":["https:\/\/elregionaldigital.info\/wp-content\/uploads\/2026\/01\/image-21-600x600.png",600,600,true],"cvmm-large":["https:\/\/elregionaldigital.info\/wp-content\/uploads\/2026\/01\/image-21-1024x1024.png",1024,1024,true],"cvmm-small":["https:\/\/elregionaldigital.info\/wp-content\/uploads\/2026\/01\/image-21-130x95.png",130,95,true],"full":["https:\/\/elregionaldigital.info\/wp-content\/uploads\/2026\/01\/image-21.png",1920,1280,false]},"_links":{"self":[{"href":"https:\/\/elregionaldigital.info\/index.php?rest_route=\/wp\/v2\/posts\/5975","targetHints":{"allow":["GET"]}}],"collection":[{"href":"https:\/\/elregionaldigital.info\/index.php?rest_route=\/wp\/v2\/posts"}],"about":[{"href":"https:\/\/elregionaldigital.info\/index.php?rest_route=\/wp\/v2\/types\/post"}],"author":[{"embeddable":true,"href":"https:\/\/elregionaldigital.info\/index.php?rest_route=\/wp\/v2\/users\/1"}],"replies":[{"embeddable":true,"href":"https:\/\/elregionaldigital.info\/index.php?rest_route=%2Fwp%2Fv2%2Fcomments&post=5975"}],"version-history":[{"count":2,"href":"https:\/\/elregionaldigital.info\/index.php?rest_route=\/wp\/v2\/posts\/5975\/revisions"}],"predecessor-version":[{"id":5978,"href":"https:\/\/elregionaldigital.info\/index.php?rest_route=\/wp\/v2\/posts\/5975\/revisions\/5978"}],"wp:featuredmedia":[{"embeddable":true,"href":"https:\/\/elregionaldigital.info\/index.php?rest_route=\/wp\/v2\/media\/5976"}],"wp:attachment":[{"href":"https:\/\/elregionaldigital.info\/index.php?rest_route=%2Fwp%2Fv2%2Fmedia&parent=5975"}],"wp:term":[{"taxonomy":"category","embeddable":true,"href":"https:\/\/elregionaldigital.info\/index.php?rest_route=%2Fwp%2Fv2%2Fcategories&post=5975"},{"taxonomy":"post_tag","embeddable":true,"href":"https:\/\/elregionaldigital.info\/index.php?rest_route=%2Fwp%2Fv2%2Ftags&post=5975"}],"curies":[{"name":"wp","href":"https:\/\/api.w.org\/{rel}","templated":true}]}}