{"id":5972,"date":"2026-01-14T18:18:14","date_gmt":"2026-01-14T18:18:14","guid":{"rendered":"https:\/\/elregionaldigital.info\/?p=5972"},"modified":"2026-01-20T18:20:05","modified_gmt":"2026-01-20T18:20:05","slug":"fbi-allana-la-casa-de-una-periodista-del-washington-post","status":"publish","type":"post","link":"https:\/\/elregionaldigital.info\/?p=5972","title":{"rendered":"FBI allana la casa de una periodista del Washington Post"},"content":{"rendered":"\n<p>enero 14, 2026<\/p>\n\n\n\n<p>El&nbsp;<strong>FBI allan\u00f3<\/strong>&nbsp;la&nbsp;<strong>vivienda<\/strong>&nbsp;de una&nbsp;<strong>periodista<\/strong>&nbsp;del diario&nbsp;<strong><em>The Washington Post<\/em><\/strong>&nbsp;como parte de una&nbsp;<strong>investigaci\u00f3n<\/strong>&nbsp;sobre un contratista acusado de retener ilegalmente&nbsp;<strong>documentos oficiales<\/strong>&nbsp;<strong>clasificados<\/strong>.<\/p>\n\n\n\n<p>El\u00a0<em>Post<\/em>\u00a0calific\u00f3 la medida de \u201cinusual y agresiva\u201c, al se\u00f1alar que no es habitual que las fuerzas del orden registren domicilios de periodistas en el marco de investigaciones por filtraciones a la prensa.<\/p>\n\n\n\n<p>La&nbsp;<strong>reportera<\/strong>&nbsp;afectada es&nbsp;<strong>Hannah Natanson<\/strong>, quien cubre la Administraci\u00f3n de Donald Trump para el&nbsp;<em>Post<\/em>&nbsp;y forma parte de un equipo de periodistas que recibi\u00f3 el<strong>&nbsp;Premio Pulitzer<\/strong>&nbsp;en&nbsp;<strong>2022<\/strong>&nbsp;por su cobertura del&nbsp;<strong>asalto al Capitolio<\/strong>.<\/p>\n\n\n\n<p>Natanson se encontraba en su domicilio de Virginia cuando los&nbsp;<strong>agentes<\/strong>&nbsp;registraron la vivienda e&nbsp;<strong>incautaron<\/strong>&nbsp;su&nbsp;<strong>tel\u00e9fono<\/strong>&nbsp;<strong>m\u00f3vil<\/strong>, dos&nbsp;<strong>computadoras port\u00e1tiles<\/strong>&nbsp;y un&nbsp;<strong>reloj<\/strong>&nbsp;<strong>inteligente<\/strong>, inform\u00f3 el propio peri\u00f3dico.<\/p>\n\n\n\n<p>El FBI no investiga a Natanson sino a&nbsp;<strong>Aurelio P\u00e9rez Lugones<\/strong>, un administrador de sistemas de Maryland acusado de acceder y sustraer informaci\u00f3n de inteligencia de forma ilegal.<\/p>\n\n\n\n<p>Consultado por el mismo diario, el FBI no respondi\u00f3 de inmediato a una solicitud de comentarios.<\/p>\n\n\n\n<p>La fiscal general de Estados Unidos, Pam Bondi, anul\u00f3 el pasado abril una pol\u00edtica de la anterior Administraci\u00f3n de Joe Biden (2022-2025) que imped\u00eda a las autoridades buscar registros telef\u00f3nicos de periodistas para identificar a funcionarios del Gobierno que hubieran proporcionado informaci\u00f3n confidencial a medios de comunicaci\u00f3n.<\/p>\n\n\n\n<figure class=\"wp-block-image size-large\"><img loading=\"lazy\" decoding=\"async\" width=\"1024\" height=\"550\" src=\"https:\/\/elregionaldigital.info\/wp-content\/uploads\/2026\/01\/image-20-1024x550.png\" alt=\"\" class=\"wp-image-5973\" srcset=\"https:\/\/elregionaldigital.info\/wp-content\/uploads\/2026\/01\/image-20-1024x550.png 1024w, https:\/\/elregionaldigital.info\/wp-content\/uploads\/2026\/01\/image-20-300x161.png 300w, https:\/\/elregionaldigital.info\/wp-content\/uploads\/2026\/01\/image-20-768x413.png 768w, https:\/\/elregionaldigital.info\/wp-content\/uploads\/2026\/01\/image-20.png 1200w\" sizes=\"auto, (max-width: 1024px) 100vw, 1024px\" \/><\/figure>\n","protected":false},"excerpt":{"rendered":"<p>enero 14, 2026 El&nbsp;FBI allan\u00f3&nbsp;la&nbsp;vivienda&nbsp;de una&nbsp;periodista&nbsp;del diario&nbsp;The Washington Post&nbsp;como parte de una&nbsp;investigaci\u00f3n&nbsp;sobre un contratista acusado de retener ilegalmente&nbsp;documentos oficiales&nbsp;clasificados. El\u00a0Post\u00a0calific\u00f3 la medida de \u201cinusual y agresiva\u201c, al se\u00f1alar que no es habitual que las fuerzas del orden registren domicilios de periodistas en el marco de investigaciones por filtraciones a la prensa. La&nbsp;reportera&nbsp;afectada es&nbsp;Hannah Natanson, quien [&hellip;]<\/p>\n","protected":false},"author":1,"featured_media":5973,"comment_status":"open","ping_status":"open","sticky":false,"template":"","format":"standard","meta":{"footnotes":""},"categories":[11],"tags":[],"class_list":["post-5972","post","type-post","status-publish","format-standard","has-post-thumbnail","hentry","category-mundo"],"blog_post_layout_featured_media_urls":{"thumbnail":["https:\/\/elregionaldigital.info\/wp-content\/uploads\/2026\/01\/image-20-150x150.png",150,150,true],"full":["https:\/\/elregionaldigital.info\/wp-content\/uploads\/2026\/01\/image-20.png",1200,645,false]},"categories_names":{"11":{"name":"Mundo","link":"https:\/\/elregionaldigital.info\/?cat=11"}},"tags_names":[],"comments_number":"0","wpmagazine_modules_lite_featured_media_urls":{"thumbnail":["https:\/\/elregionaldigital.info\/wp-content\/uploads\/2026\/01\/image-20-150x150.png",150,150,true],"cvmm-medium":["https:\/\/elregionaldigital.info\/wp-content\/uploads\/2026\/01\/image-20-300x300.png",300,300,true],"cvmm-medium-plus":["https:\/\/elregionaldigital.info\/wp-content\/uploads\/2026\/01\/image-20-305x207.png",305,207,true],"cvmm-portrait":["https:\/\/elregionaldigital.info\/wp-content\/uploads\/2026\/01\/image-20-400x600.png",400,600,true],"cvmm-medium-square":["https:\/\/elregionaldigital.info\/wp-content\/uploads\/2026\/01\/image-20-600x600.png",600,600,true],"cvmm-large":["https:\/\/elregionaldigital.info\/wp-content\/uploads\/2026\/01\/image-20-1024x645.png",1024,645,true],"cvmm-small":["https:\/\/elregionaldigital.info\/wp-content\/uploads\/2026\/01\/image-20-130x95.png",130,95,true],"full":["https:\/\/elregionaldigital.info\/wp-content\/uploads\/2026\/01\/image-20.png",1200,645,false]},"_links":{"self":[{"href":"https:\/\/elregionaldigital.info\/index.php?rest_route=\/wp\/v2\/posts\/5972","targetHints":{"allow":["GET"]}}],"collection":[{"href":"https:\/\/elregionaldigital.info\/index.php?rest_route=\/wp\/v2\/posts"}],"about":[{"href":"https:\/\/elregionaldigital.info\/index.php?rest_route=\/wp\/v2\/types\/post"}],"author":[{"embeddable":true,"href":"https:\/\/elregionaldigital.info\/index.php?rest_route=\/wp\/v2\/users\/1"}],"replies":[{"embeddable":true,"href":"https:\/\/elregionaldigital.info\/index.php?rest_route=%2Fwp%2Fv2%2Fcomments&post=5972"}],"version-history":[{"count":1,"href":"https:\/\/elregionaldigital.info\/index.php?rest_route=\/wp\/v2\/posts\/5972\/revisions"}],"predecessor-version":[{"id":5974,"href":"https:\/\/elregionaldigital.info\/index.php?rest_route=\/wp\/v2\/posts\/5972\/revisions\/5974"}],"wp:featuredmedia":[{"embeddable":true,"href":"https:\/\/elregionaldigital.info\/index.php?rest_route=\/wp\/v2\/media\/5973"}],"wp:attachment":[{"href":"https:\/\/elregionaldigital.info\/index.php?rest_route=%2Fwp%2Fv2%2Fmedia&parent=5972"}],"wp:term":[{"taxonomy":"category","embeddable":true,"href":"https:\/\/elregionaldigital.info\/index.php?rest_route=%2Fwp%2Fv2%2Fcategories&post=5972"},{"taxonomy":"post_tag","embeddable":true,"href":"https:\/\/elregionaldigital.info\/index.php?rest_route=%2Fwp%2Fv2%2Ftags&post=5972"}],"curies":[{"name":"wp","href":"https:\/\/api.w.org\/{rel}","templated":true}]}}